{"id":11875,"date":"2020-04-17T15:51:37","date_gmt":"2020-04-17T15:51:37","guid":{"rendered":"http:\/\/fmriachuelo.com.ar\/?p=11875"},"modified":"2020-04-17T15:51:37","modified_gmt":"2020-04-17T15:51:37","slug":"en-entre-rios-cambiemos-utiliza-la-emergencia-para-ajustar-a-los-trabajadores","status":"publish","type":"post","link":"http:\/\/fmriachuelo.it10.com.ar\/index.php\/2020\/04\/17\/en-entre-rios-cambiemos-utiliza-la-emergencia-para-ajustar-a-los-trabajadores\/","title":{"rendered":"EN ENTRE R\u00cdOS, CAMBIEMOS UTILIZA LA EMERGENCIA PARA AJUSTAR A LOS TRABAJADORES"},"content":{"rendered":"<p><b>[FM Riachuelo 17\/04\/2020]\u00a0El mi\u00e9rcoles, en una sesi\u00f3n extraordinaria para hablar de la emergencia sanitaria, encubrieron en el mismo paquete de medidas el ajuste a los trabajadores municipales. Organizaciones que conforman la Uni\u00f3n de Trabajadores de la Econom\u00eda Popular en Entre R\u00edos lanzaron un repudio.<\/b><\/p>\n<p>Por esta situaci\u00f3n desde nuestro programa Mateando en el Riachuelo (lunes a viernes 10 hs) hablamos con Juan Carlos S\u00e1nchez, compa\u00f1ero de Entre R\u00edos, quien nos destall\u00f3 la situaci\u00f3n: <strong><em>\u00abel mi\u00e9rcoles, en una sesi\u00f3n extraordinaria para hablar de la emergencia sanitaria, encubrieron en el mismo paquete de medidas el ajuste a los trabajadores municipales, entre las medidas esta la suspensi\u00f3n de paritarias y del pago de la recomposici\u00f3n salarial que ya hab\u00eda sido acordada. Fueron seis concejales junto con el Ejecutivo, no reconociendo a los concejales de la oposici\u00f3n ni al sindicato, que no fue convocado si quiera para discutir la medida\u00bb.<\/em><\/strong><\/p>\n<p>Adem\u00e1s aprovechamos para hablar sobre la situaci\u00f3n econ\u00f3mica en la provincia: <em><strong>\u00abUn trabajador gana, a trav\u00e9s del Programa de Integraci\u00f3n Social, 6300 pesos. Lo cual significa que son 65 pesos por hora, lo mismo que sale un jab\u00f3n en este momento. \u00bfC\u00f3mo se puede afrontar la crisis as\u00ed?\u00bb\u00a0<\/strong><\/em>y destac\u00f3 la solidaridad de los movimientos populares: \u00ab<strong>llevamos nuestra solidaridad y estamos a disposici\u00f3n de lo que decidan hacer los trabajadores. En todo esto queda al desnudo la inoperancia de quienes gobiernan y la mala administraci\u00f3n de los recursos municipales, por eso reivindicamos lo que dijo el Papa Francisco sobre el ingreso universal para nuestro sector\u00bb<\/strong>.<\/p>\n<p><a href=\"https:\/\/ar.radiocut.fm\/audiocut\/en-entre-rios-cambiemos-utiliza-emergencia-para-ajustar-a-trabajadores\/\">Escucha la entrevista completa<\/a><\/p>\n","protected":false},"excerpt":{"rendered":"<p>[FM Riachuelo 17\/04\/2020]\u00a0El mi\u00e9rcoles, en una sesi\u00f3n extraordinaria para hablar de la emergencia sanitaria, encubrieron en el mismo paquete de medidas el ajuste a los trabajadores municipales. Organizaciones que conforman la Uni\u00f3n de Trabajadores de la Econom\u00eda Popular en Entre R\u00edos lanzaron un repudio. Por esta situaci\u00f3n desde nuestro programa Mateando en el Riachuelo (lunes [&hellip;]<\/p>\n","protected":false},"author":5,"featured_media":11877,"comment_status":"closed","ping_status":"closed","sticky":false,"template":"","format":"standard","meta":{"_monsterinsights_skip_tracking":false,"_monsterinsights_sitenote_active":false,"_monsterinsights_sitenote_note":"","_monsterinsights_sitenote_category":0,"jnews-multi-image_gallery":[],"jnews_single_post":[],"jnews_primary_category":[],"_joinchat":[],"footnotes":""},"categories":[76,75],"tags":[],"class_list":["post-11875","post","type-post","status-publish","format-standard","has-post-thumbnail","hentry","category-salud-comunitaria","category-trabajo"],"_links":{"self":[{"href":"http:\/\/fmriachuelo.it10.com.ar\/index.php\/wp-json\/wp\/v2\/posts\/11875","targetHints":{"allow":["GET"]}}],"collection":[{"href":"http:\/\/fmriachuelo.it10.com.ar\/index.php\/wp-json\/wp\/v2\/posts"}],"about":[{"href":"http:\/\/fmriachuelo.it10.com.ar\/index.php\/wp-json\/wp\/v2\/types\/post"}],"author":[{"embeddable":true,"href":"http:\/\/fmriachuelo.it10.com.ar\/index.php\/wp-json\/wp\/v2\/users\/5"}],"replies":[{"embeddable":true,"href":"http:\/\/fmriachuelo.it10.com.ar\/index.php\/wp-json\/wp\/v2\/comments?post=11875"}],"version-history":[{"count":0,"href":"http:\/\/fmriachuelo.it10.com.ar\/index.php\/wp-json\/wp\/v2\/posts\/11875\/revisions"}],"wp:featuredmedia":[{"embeddable":true,"href":"http:\/\/fmriachuelo.it10.com.ar\/index.php\/wp-json\/"}],"wp:attachment":[{"href":"http:\/\/fmriachuelo.it10.com.ar\/index.php\/wp-json\/wp\/v2\/media?parent=11875"}],"wp:term":[{"taxonomy":"category","embeddable":true,"href":"http:\/\/fmriachuelo.it10.com.ar\/index.php\/wp-json\/wp\/v2\/categories?post=11875"},{"taxonomy":"post_tag","embeddable":true,"href":"http:\/\/fmriachuelo.it10.com.ar\/index.php\/wp-json\/wp\/v2\/tags?post=11875"}],"curies":[{"name":"wp","href":"https:\/\/api.w.org\/{rel}","templated":true}]}}