{"id":11864,"date":"2020-04-17T15:23:35","date_gmt":"2020-04-17T15:23:35","guid":{"rendered":"http:\/\/fmriachuelo.com.ar\/?p=11864"},"modified":"2020-04-17T15:23:35","modified_gmt":"2020-04-17T15:23:35","slug":"la-carta-del-papa-francisco-y-las-repercusiones-en-las-organizaciones-populares","status":"publish","type":"post","link":"http:\/\/fmriachuelo.it10.com.ar\/index.php\/2020\/04\/17\/la-carta-del-papa-francisco-y-las-repercusiones-en-las-organizaciones-populares\/","title":{"rendered":"LA CARTA DEL PAPA FRANCISCO Y LAS REPERCUSIONES EN LAS ORGANIZACIONES POPULARES"},"content":{"rendered":"<p><b>[FM Riachuelo 17\/04\/2020] En el programa de Mateando en el Riachuelo (lunes a viernes de 10 a 11 hs.) se present\u00f3 un informe sobre las impresiones que tuvieron movimientos sociales de distintos territorios sobre la carta que el Papa Francisco les dedic\u00f3 en el pasado domingo de Pascuas.<\/b><\/p>\n<p><span style=\"font-weight: 400\">En el contexto de la Pandemia de Covid-19 mientras las organizaciones contin\u00faan con su \u00e1rdua tarea de contener a la gente m\u00e1s humilde en los barrios populares, tambi\u00e9n reflexionan a partir del mensaje del Papa sobre su rol en este tiempo in\u00e9dito y en un sistema que pone en riesgo hasta el mismo planeta que habitamos.\u00a0<\/span><\/p>\n<p><span style=\"font-weight: 400\">Es as\u00ed que <\/span><span style=\"font-weight: 400\">Brian Priedrabuena de la Cooperativa de Recicladores de la Boca, Ciudad de Buenos Aires nos dice \u201cEs muy importante que salga de la palabra de uno de los l\u00edderes mundiales. Se aprecia lo que dice el Papa porque tambi\u00e9n es un reconocimientos de los movimientos sociales, como soldados invisibles que estamos peleando d\u00eda a d\u00eda en los barrios y aguantando el hambre, el virus, el dengue. Les seguimos dando pelea y no buscamos fama, simplemente queremos que se contagie lo que hacemos.\u201d. A lo que tambi\u00e9n agrega: \u201cTodo el mundo debe saber que tenemos que seguir enfrentando esta pandemia, el hambre, las enfermedades que azotan al barrio; pero tambi\u00e9n tenemos que seguir enfrentando al capitalismo que lo \u00fanico que hace es saquear y matar gente. Solo buscan enriquecerse ellos mismos.\u201d<\/span><\/p>\n<p><img loading=\"lazy\" decoding=\"async\" class=\"size-medium wp-image-11869 alignleft\" src=\"http:\/\/fmriachuelo.com.ar\/wp-content\/uploads\/2020\/04\/WhatsApp-Image-2020-04-16-at-21.01.55-300x225.jpeg\" alt=\"\" width=\"300\" height=\"225\" \/><\/p>\n<p><span style=\"font-weight: 400\">Tambi\u00e9n escuchamos comentarios de distintos lugares del pa\u00eds, tales como los de Celia del Merendero Los Hermanos de Concordia, Entre R\u00edos que dec\u00eda: \u201cNosotros como organizaciones somos el sost\u00e9n de la gente hoy en d\u00eda, porque no pueden ir a trabajar. Est\u00e1 complicada la cosa, pero pienso que en alg\u00fan momento esto tiene que terminar. Hay que tratar de seguir ayudando a lo que m\u00e1s lo necesitan.\u201d Esta misma idea fue expresada por la Negra Cano de Los Pibes de La Boca, Ciudad Aut\u00f3noma de Buenos Aires que recalcaba la presencia cotidiana de la organizaciones en los barrios: \u201cConocer que se sabe que las organizaciones sociales somos las que llevamos adelante nuestro coraz\u00f3n, que somos las que trabajamos en los barrios realmente, somos las que padecemos las cosas, somos las que pateamos para delante y nos tratamos de organizar en los territorios, somos las que nos juntamos para pensar c\u00f3mo hacer una olla popular en nuestra cuadra.\u201d<\/span><\/p>\n<p><span style=\"font-weight: 400\">Hoy m\u00e1s que nunca en el contexto de crisis que se genera a partir de la expansi\u00f3n del Coronavirus se logra poner claro sobre oscuro y es as\u00ed que se resalta como los valores que celebra este sistema que genera muerte y destrucci\u00f3n son los del individualismo o \u201cel salvarse uno mismo\u201d. En contraposici\u00f3n la organizaci\u00f3n social muestra que es la solidaridad, la ternura de los Pueblos, la que nos va llevar a construir un mundo que valga la pena ser vivido. Esto lo expresaba <\/span><span style=\"font-weight: 400\">Chani Yanique de la Casa Popular El Fog\u00f3n Los Pibes de Avellaneda, Provincia de Buenos Aires que dec\u00eda: \u201cHoy m\u00e1s que nunca se pone sobre el tablero nuestro laburo, que es real. No es molestar solamente en las calles y ser los choriplaneros. Somos la puerta que hoy en d\u00eda vienen a golpear las familias. Hay una emergencia alimentaria muy grande y nosotros siempre desde la lucha buscamos conseguir hasta lo m\u00e1s b\u00e1sico como es la comida para nuestros vecinos y compa\u00f1eros. Creo que es nuestro momento de mostrar de qu\u00e9 estamos hechos, qu\u00e9 es lo que somos realmente las organizaciones sociales e invitar a la militancia, que no es una mala palabra.\u201d<\/span><\/p>\n<p><img loading=\"lazy\" decoding=\"async\" class=\"size-medium wp-image-11867 alignright\" src=\"http:\/\/fmriachuelo.com.ar\/wp-content\/uploads\/2020\/04\/WhatsApp-Image-2020-04-16-at-21.03.05-225x300.jpeg\" alt=\"\" width=\"225\" height=\"300\" \/><\/p>\n<p><span style=\"font-weight: 400\">Ese sentido de solidaridad que siempre se logra apreciar en cada acci\u00f3n y gesto de la organizaci\u00f3n popular, siempre se apa\u00f1a desde lo colectivo, como nos recuerda Edith Galliardo de la FM Riachuelo Los Pibes de La Boca, Ciudad de Buenos Aires que afirmaba: \u201cDebemos construir una fuerte idea de comunidad. La carta del Papa nos muestra que ese esfuerzo que estamos llevando adelante es la posibilidad de salir todos juntos de esta situaci\u00f3n in\u00e9dita. Y la salida tiene que ser colectiva y como dice el Gringo Castro, con un Estado que abrace al Pueblo y nos permita pensar un nuevo modelo de pa\u00eds. Pienso que ese modelo de pa\u00eds nuevo tiene que ser con trabajo, con los movimientos sociales, con su tarea de cuidado, y poniendo la econom\u00eda al servicio de la comunidad. Eso sin nuestra ayuda, sin la ayuda de los movimientos populares no va a ser posible.\u201d<\/span><\/p>\n<p><span style=\"font-weight: 400\">En este mensaje se destaca la entrega diaria de los movimientos populares hacia la gente, por ello Valeria Gracia de Comunidad Pacheco de Tigre, Provincia de Buenos Aires, reflexiona: \u201cEn este caso el Papa Francisco se dirigi\u00f3 en forma directa hacia nosotros entendiendo que son los Pueblos y sus personas m\u00e1s humildes las que son capaces de mirar al otro antes de mirarse a s\u00ed mismo. Ellas son capaces de comprender el sufrimiento y de compartir lo poco que tengan para que ese sufrimiento no sea tan profundo.\u201d Adem\u00e1s le busca el sentido a la carta y dice: \u201cNos dice que debemos empoderarnos y que debemos entender que somos un sujetos de transformaci\u00f3n que debe luchar para que las cosas no sigan siendo como son: para que los poderosos no sigan manejando nuestros destinos. Nos est\u00e1 diciendo que no bajemos los brazos ante las distintas epidemias, sino que entendamos que nuestro rol tiene que ver con la lucha y la conquista de derechos.\u201d<\/span><\/p>\n<h3>Escuch\u00e1 los testimonios completos ac\u00e1:<\/h3>\n<p><iframe loading=\"lazy\" title=\"INFORME RIACHUELO: LA CARTA DEL PAPA FRANCISCO Y LAS REPERCUSIONES EN LAS ORGANIZACIONES POPULARES by FMR\" width=\"500\" height=\"450\" scrolling=\"no\" frameborder=\"no\" src=\"https:\/\/w.soundcloud.com\/player\/?visual=true&#038;url=https%3A%2F%2Fapi.soundcloud.com%2Fplaylists%2F1034008060&#038;show_artwork=true&#038;maxheight=750&#038;maxwidth=500\"><\/iframe><\/p>\n<h3>Si quer\u00e9s leer y\/o escuchar la lectura de la carta del Papa Francisco pod\u00e9s hacerlo en el siguiente link:<\/h3>\n<p>http:\/\/fmriachuelo.com.ar\/blog\/2020\/04\/12\/mensaje-del-papa-francisco-a-los-movimientos-populares\/<\/p>\n","protected":false},"excerpt":{"rendered":"<p>[FM Riachuelo 17\/04\/2020] En el programa de Mateando en el Riachuelo (lunes a viernes de 10 a 11 hs.) se present\u00f3 un informe sobre las impresiones que tuvieron movimientos sociales de distintos territorios sobre la carta que el Papa Francisco les dedic\u00f3 en el pasado domingo de Pascuas. En el contexto de la Pandemia de [&hellip;]<\/p>\n","protected":false},"author":5,"featured_media":11868,"comment_status":"closed","ping_status":"closed","sticky":false,"template":"","format":"standard","meta":{"_monsterinsights_skip_tracking":false,"_monsterinsights_sitenote_active":false,"_monsterinsights_sitenote_note":"","_monsterinsights_sitenote_category":0,"jnews-multi-image_gallery":[],"jnews_single_post":[],"jnews_primary_category":[],"_joinchat":[],"footnotes":""},"categories":[76],"tags":[],"class_list":["post-11864","post","type-post","status-publish","format-standard","has-post-thumbnail","hentry","category-salud-comunitaria"],"_links":{"self":[{"href":"http:\/\/fmriachuelo.it10.com.ar\/index.php\/wp-json\/wp\/v2\/posts\/11864","targetHints":{"allow":["GET"]}}],"collection":[{"href":"http:\/\/fmriachuelo.it10.com.ar\/index.php\/wp-json\/wp\/v2\/posts"}],"about":[{"href":"http:\/\/fmriachuelo.it10.com.ar\/index.php\/wp-json\/wp\/v2\/types\/post"}],"author":[{"embeddable":true,"href":"http:\/\/fmriachuelo.it10.com.ar\/index.php\/wp-json\/wp\/v2\/users\/5"}],"replies":[{"embeddable":true,"href":"http:\/\/fmriachuelo.it10.com.ar\/index.php\/wp-json\/wp\/v2\/comments?post=11864"}],"version-history":[{"count":0,"href":"http:\/\/fmriachuelo.it10.com.ar\/index.php\/wp-json\/wp\/v2\/posts\/11864\/revisions"}],"wp:featuredmedia":[{"embeddable":true,"href":"http:\/\/fmriachuelo.it10.com.ar\/index.php\/wp-json\/"}],"wp:attachment":[{"href":"http:\/\/fmriachuelo.it10.com.ar\/index.php\/wp-json\/wp\/v2\/media?parent=11864"}],"wp:term":[{"taxonomy":"category","embeddable":true,"href":"http:\/\/fmriachuelo.it10.com.ar\/index.php\/wp-json\/wp\/v2\/categories?post=11864"},{"taxonomy":"post_tag","embeddable":true,"href":"http:\/\/fmriachuelo.it10.com.ar\/index.php\/wp-json\/wp\/v2\/tags?post=11864"}],"curies":[{"name":"wp","href":"https:\/\/api.w.org\/{rel}","templated":true}]}}