{"id":11857,"date":"2020-04-14T13:41:58","date_gmt":"2020-04-14T13:41:58","guid":{"rendered":"http:\/\/fmriachuelo.com.ar\/?p=11857"},"modified":"2020-04-14T13:41:58","modified_gmt":"2020-04-14T13:41:58","slug":"es-una-canallada-desfinanciar-medios-comunitarios-que-cumplen-un-rol-social-en-esta-pandemia","status":"publish","type":"post","link":"http:\/\/fmriachuelo.it10.com.ar\/index.php\/2020\/04\/14\/es-una-canallada-desfinanciar-medios-comunitarios-que-cumplen-un-rol-social-en-esta-pandemia\/","title":{"rendered":"\u00abES UNA CANALLADA DESFINANCIAR MEDIOS COMUNITARIOS QUE CUMPLEN UN ROL SOCIAL EN ESTA PANDEMIA\u00bb"},"content":{"rendered":"<p><b>[FM Riachuelo 14\/04\/2020] Ayer en Rompe el Cerco Informativo (l a v 18 hs) hablamos con Pablo Antonini, presidente del Foro Argentino de Radios Comunitarias sobre el rol de los medios en este momento pero tambi\u00e9n sobre la preocupaci\u00f3n que genera el congelamiento del pago de pauta en la Ciudad de Buenos Aires a los medios que forman parte del registro vecinal.<\/b><\/p>\n<p><img loading=\"lazy\" decoding=\"async\" class=\"wp-image-11858 alignright\" src=\"http:\/\/fmriachuelo.com.ar\/wp-content\/uploads\/2020\/04\/adentro-1.jpg\" alt=\"\" width=\"294\" height=\"294\" \/>En estos momentos de pandemia en que el Estado deber\u00eda fortalecer sus recursos, el Gobierno de la Ciudad, fiel al estilo macrista, da un paso al costado. Hace ya unos meses ha tomado la decisi\u00f3n de no pagar la pauta a los medios que forman parte del registro de medios vecinales y que cuentan con ese recurso, no s\u00f3lo para sostener la programaci\u00f3n, sino que cumplen una funci\u00f3n social en los barrios. <em><strong>\u00abMuchas de las radios que integran FARCO son organizaciones sociales o experiencias de cooperativa, por lo que cumplen un rol fundamental de compromiso con su comunidad.\u00a0En estos momentos tenemos que atajar las dos funciones: somos comunicadores y somos militantes\u00bb,\u00a0<\/strong><\/em>dijo Antonini quien tambi\u00e9n cumple este rol en Radio Estaci\u00f3n Sur de La Plata.<\/p>\n<p>M\u00e1s all\u00e1 de no ser un sistema perfecto, el registro de medios vecinales de CABA permite que los medios comunitarios puedan funcionar, en muchos casos son el recurso mas contundente con que cuentan: <em><strong>\u00abEn la Ciudad se vive una situaci\u00f3n particular ya que los medios vecinales est\u00e1n trabajando sin recursos. Es una canallada, lo hacen porque saben muy bien el valor que tienen estos medios, no pueden no saber el impacto que le est\u00e1n generando a un medio que adem\u00e1s cumple un rol de asistencia en su comunidad, me cuesta pensar que sea inocente\u201d<\/strong><\/em>. Antonini destaca la tarea de visibilizar aquello que los medios hegem\u00f3nicos no muestran:\u00a0<strong>\u00abjustamente rompen el cerco informativo\u00bb\u00a0<\/strong>y por eso asegura que debe existir una pol\u00edtica nacional que contemple a los medios comunitarios.<\/p>\n<p><a href=\"https:\/\/ar.radiocut.fm\/audiocut\/pablo-antonini-medios-comunitarios-estan-cumpliendo-un-rol-emergencia\/\">Escucha la entrevista completa<\/a><\/p>\n","protected":false},"excerpt":{"rendered":"<p>[FM Riachuelo 14\/04\/2020] Ayer en Rompe el Cerco Informativo (l a v 18 hs) hablamos con Pablo Antonini, presidente del Foro Argentino de Radios Comunitarias sobre el rol de los medios en este momento pero tambi\u00e9n sobre la preocupaci\u00f3n que genera el congelamiento del pago de pauta en la Ciudad de Buenos Aires a los [&hellip;]<\/p>\n","protected":false},"author":5,"featured_media":11781,"comment_status":"closed","ping_status":"closed","sticky":false,"template":"","format":"standard","meta":{"_monsterinsights_skip_tracking":false,"_monsterinsights_sitenote_active":false,"_monsterinsights_sitenote_note":"","_monsterinsights_sitenote_category":0,"jnews-multi-image_gallery":[],"jnews_single_post":[],"jnews_primary_category":[],"_joinchat":[],"footnotes":""},"categories":[78,76,77],"tags":[],"class_list":["post-11857","post","type-post","status-publish","format-standard","has-post-thumbnail","hentry","category-economia-popular","category-salud-comunitaria","category-soberania"],"_links":{"self":[{"href":"http:\/\/fmriachuelo.it10.com.ar\/index.php\/wp-json\/wp\/v2\/posts\/11857","targetHints":{"allow":["GET"]}}],"collection":[{"href":"http:\/\/fmriachuelo.it10.com.ar\/index.php\/wp-json\/wp\/v2\/posts"}],"about":[{"href":"http:\/\/fmriachuelo.it10.com.ar\/index.php\/wp-json\/wp\/v2\/types\/post"}],"author":[{"embeddable":true,"href":"http:\/\/fmriachuelo.it10.com.ar\/index.php\/wp-json\/wp\/v2\/users\/5"}],"replies":[{"embeddable":true,"href":"http:\/\/fmriachuelo.it10.com.ar\/index.php\/wp-json\/wp\/v2\/comments?post=11857"}],"version-history":[{"count":0,"href":"http:\/\/fmriachuelo.it10.com.ar\/index.php\/wp-json\/wp\/v2\/posts\/11857\/revisions"}],"wp:featuredmedia":[{"embeddable":true,"href":"http:\/\/fmriachuelo.it10.com.ar\/index.php\/wp-json\/"}],"wp:attachment":[{"href":"http:\/\/fmriachuelo.it10.com.ar\/index.php\/wp-json\/wp\/v2\/media?parent=11857"}],"wp:term":[{"taxonomy":"category","embeddable":true,"href":"http:\/\/fmriachuelo.it10.com.ar\/index.php\/wp-json\/wp\/v2\/categories?post=11857"},{"taxonomy":"post_tag","embeddable":true,"href":"http:\/\/fmriachuelo.it10.com.ar\/index.php\/wp-json\/wp\/v2\/tags?post=11857"}],"curies":[{"name":"wp","href":"https:\/\/api.w.org\/{rel}","templated":true}]}}