{"id":11848,"date":"2020-04-13T20:53:03","date_gmt":"2020-04-13T20:53:03","guid":{"rendered":"http:\/\/fmriachuelo.com.ar\/?p=11848"},"modified":"2020-04-13T20:53:03","modified_gmt":"2020-04-13T20:53:03","slug":"el-abandono-del-estado-provincial-de-mendoza-y-jujuy-fue-total","status":"publish","type":"post","link":"http:\/\/fmriachuelo.it10.com.ar\/index.php\/2020\/04\/13\/el-abandono-del-estado-provincial-de-mendoza-y-jujuy-fue-total\/","title":{"rendered":"\u00abEL ABANDONO DEL ESTADO PROVINCIAL DE MENDOZA Y JUJUY FUE TOTAL\u00bb"},"content":{"rendered":"<p><strong>[FM Riachuelo 13\/04\/2020] Hoy en el programa de la ma\u00f1ana de la FM Riachuelo \u00abMateado en el Riachuelo\u00bb ( Lunes a Viernes de 10 a 11 horas) entrevistamos a Dar\u00edo, corresponsal popular de FM la Mosquitera 88.1 de Bermejo, Mendoza. Durante la entrevista se trat\u00f3 el conflicto sobre los trabajadorxs golondrinas y familias que quedaron varadas en la terminal en la cuarentena.<\/strong><\/p>\n<p>Hacia el inicio de la entrevista el corresponsal comenz\u00f3 por retratar como la pol\u00edtica del distanciamiento y aislamiento social deja en evidencia las desigualdades en nuestra sociedad: \u00abEstamos viviendo estos d\u00edas la situaci\u00f3n que est\u00e1n atravesando los trabajadores y trabajadoras que vienen del norte de nuestro pa\u00eds a levantar la cosecha, la uva, los frutales de nuestra provincia.Desde el jueves empezaron a llegar micros, que se contratan de forma en la que se estafa a lxs trabajadorxs porque les hab\u00edan anunciado que contaban con los permisos correspondientes y no fue as\u00ed. Entonces aunque la empresa de micros \u00abEl Tucumanito\u00bb les devolvi\u00f3 el dinero, los dejaron tirados en la terminal.\u00bb<\/p>\n<p>Dar\u00edo tambi\u00e9n denunci\u00f3 el abandono por parte del gobierno de Mendoza, del de Jujuy y de la\u00a0Comisi\u00f3n Nacional de Regulaci\u00f3n del Transporte. Y agreg\u00f3 que reci\u00e9n cuando el Pueblo organizado tom\u00f3 cartas sobre el asunto empezaron a verse las soluciones: \u00abSe acercaron organizaciones sociales y sindicales y organismos de DD.HH. para colaborar.\u00a0Gracias a la presi\u00f3n de los organismos de DD.HH. y los sectores populares se pudo lograr que un contingente de 110 trabajadorxs pudiera emprender el regreso. Otros 26 quedaron alojados por el gobierno provincial que finalmente el s\u00e1bado a la noche se hizo presente.\u00bb<\/p>\n<p><img loading=\"lazy\" decoding=\"async\" class=\"size-medium wp-image-11852 alignleft\" src=\"http:\/\/fmriachuelo.com.ar\/wp-content\/uploads\/2020\/04\/e2908a3e-c1d6-447d-b647-624315bc44b8-660x330-300x150.jpg\" alt=\"\" width=\"300\" height=\"150\" \/><\/p>\n<p>El compa\u00f1ero de la Mosquitera continu\u00f3 su relato contando que lamentablemente el conflicto no hab\u00eda terminado: \u00abPensamos que esto ya era algo que se hab\u00eda solucionado; pero cuando nos levantamos el domingo nuevamente nos encontramos con trabajdorxs de la cosecha que hab\u00edan sido interceptados en la provincia de San Juan, y que como no contaban con los permisos tuvieron que regresar nuevamente a Mendoza y volver a la misma situaci\u00f3n. Dar\u00edo actualiz\u00f3 el estado de la situaci\u00f3n y dijo: \u00abEn el d\u00eda de la fecha han podido partir dos micros y se encuentran alrededor de 60 personas tambi\u00e9n esperando el permiso, o la burocracia, de la Comisi\u00f3n Nacional de Regulaci\u00f3n del Transporte y del Gobernador de Jujuy tambi\u00e9n. Por eso ac\u00e1 seguimos presionando y exigiendo a las autoridades del gobierno de la provincia que active un dispositivo m\u00e1s organizado y de contenci\u00f3n para que lxs trabajadorxs logren volver a sus casas.\u00bb<\/p>\n<div>\n<div class=\"\">\n<div class=\"_1mf _1mj\">Claro que la inacci\u00f3n por parte del Estado es un v\u00e9rtice del conflicto, ya que el corresponsal nos recuerda que los empleadores no sufren las consecuencias de lo que est\u00e1 pasando: \u00abA los empresarios de las grandes bodegas y frutales ya les han levantado la cosecha, es decir que los utilizaron y los dejaron en una situaci\u00f3n de abandono total. En este caso el conflicto se manifiesta en la terminal de Mendoza, pero no podemos ni imaginar lo que se est\u00e1 viviendo tierra adentro con estxs trabajadorxs. Y a eso se le suma el lamentable apa\u00f1amiento del Gobierno provincial que hizo que esta actividad quedara exceptuada de la cuarentena, pero parece que exceptuaron s\u00f3lo a los empresarios, porque a lxs trabajadorxs los dejaron tirados. No pueden regresar a sus hogares, se les dificulta much\u00edsimo y tienen que pasar unas penurias terribles.\u00a0Sabemos que hist\u00f3ricamente lxs trabajdorxs de la cosecha sufren condiciones de precarizaci\u00f3n laboral, abondono y mucha injusticia, pero bueno esta situaci\u00f3n requiere atenci\u00f3n urgente.\u00bb<\/div>\n<\/div>\n<\/div>\n<div class=\"_1mf _1mj\"><\/div>\n<div>Escuch\u00e1 la nota completa ac\u00e1:<\/div>\n<div><\/div>\n<div><a href=\"https:\/\/ar.radiocut.fm\/audiocut\/entrevista-a-dario-fm-mosquitera-abandono-del-estado-provincial-mendoza-y-jujuy-fue-total\/\">https:\/\/ar.radiocut.fm\/audiocut\/entrevista-a-dario-fm-mosquitera-abandono-del-estado-provincial-mendoza-y-jujuy-fue-total\/<\/a><\/div>\n","protected":false},"excerpt":{"rendered":"<p>[FM Riachuelo 13\/04\/2020] Hoy en el programa de la ma\u00f1ana de la FM Riachuelo \u00abMateado en el Riachuelo\u00bb ( Lunes a Viernes de 10 a 11 horas) entrevistamos a Dar\u00edo, corresponsal popular de FM la Mosquitera 88.1 de Bermejo, Mendoza. Durante la entrevista se trat\u00f3 el conflicto sobre los trabajadorxs golondrinas y familias que quedaron [&hellip;]<\/p>\n","protected":false},"author":5,"featured_media":11851,"comment_status":"closed","ping_status":"closed","sticky":false,"template":"","format":"standard","meta":{"_monsterinsights_skip_tracking":false,"_monsterinsights_sitenote_active":false,"_monsterinsights_sitenote_note":"","_monsterinsights_sitenote_category":0,"jnews-multi-image_gallery":[],"jnews_single_post":[],"jnews_primary_category":[],"_joinchat":[],"footnotes":""},"categories":[76,75],"tags":[],"class_list":["post-11848","post","type-post","status-publish","format-standard","has-post-thumbnail","hentry","category-salud-comunitaria","category-trabajo"],"_links":{"self":[{"href":"http:\/\/fmriachuelo.it10.com.ar\/index.php\/wp-json\/wp\/v2\/posts\/11848","targetHints":{"allow":["GET"]}}],"collection":[{"href":"http:\/\/fmriachuelo.it10.com.ar\/index.php\/wp-json\/wp\/v2\/posts"}],"about":[{"href":"http:\/\/fmriachuelo.it10.com.ar\/index.php\/wp-json\/wp\/v2\/types\/post"}],"author":[{"embeddable":true,"href":"http:\/\/fmriachuelo.it10.com.ar\/index.php\/wp-json\/wp\/v2\/users\/5"}],"replies":[{"embeddable":true,"href":"http:\/\/fmriachuelo.it10.com.ar\/index.php\/wp-json\/wp\/v2\/comments?post=11848"}],"version-history":[{"count":0,"href":"http:\/\/fmriachuelo.it10.com.ar\/index.php\/wp-json\/wp\/v2\/posts\/11848\/revisions"}],"wp:featuredmedia":[{"embeddable":true,"href":"http:\/\/fmriachuelo.it10.com.ar\/index.php\/wp-json\/"}],"wp:attachment":[{"href":"http:\/\/fmriachuelo.it10.com.ar\/index.php\/wp-json\/wp\/v2\/media?parent=11848"}],"wp:term":[{"taxonomy":"category","embeddable":true,"href":"http:\/\/fmriachuelo.it10.com.ar\/index.php\/wp-json\/wp\/v2\/categories?post=11848"},{"taxonomy":"post_tag","embeddable":true,"href":"http:\/\/fmriachuelo.it10.com.ar\/index.php\/wp-json\/wp\/v2\/tags?post=11848"}],"curies":[{"name":"wp","href":"https:\/\/api.w.org\/{rel}","templated":true}]}}