{"id":11840,"date":"2020-04-13T13:42:58","date_gmt":"2020-04-13T13:42:58","guid":{"rendered":"http:\/\/fmriachuelo.com.ar\/?p=11840"},"modified":"2020-04-13T13:42:58","modified_gmt":"2020-04-13T13:42:58","slug":"asamblea-radial-organizacion-mundial-y-pandemia","status":"publish","type":"post","link":"http:\/\/fmriachuelo.it10.com.ar\/index.php\/2020\/04\/13\/asamblea-radial-organizacion-mundial-y-pandemia\/","title":{"rendered":"ASAMBLEA RADIAL: ORGANIZACI\u00d3N MUNDIAL Y PANDEMIA"},"content":{"rendered":"<p><b>[FM Riachuelo 13\/04\/2020] Ayer, domingos de Pascuas, realizamos una asamblea radial para compartir puntos de vista, expectativas\u00a0y reflexiones con lxs compa\u00f1erxs de distintas organizaciones hermanas en distintos lugares del pa\u00eds.<\/b><\/p>\n<p><img loading=\"lazy\" decoding=\"async\" class=\"wp-image-11842 alignleft\" src=\"http:\/\/fmriachuelo.com.ar\/wp-content\/uploads\/2020\/04\/adentro.jpg\" alt=\"\" width=\"377\" height=\"283\" \/><\/p>\n<p>Son momentos de mucha complejidad. A partir de la propagaci\u00f3n del Covid-19, se han acelerado muchas de las realidades que desde los movimientos populares ven\u00edamos advirtiendo: crisis sanitaria, crisis alimentaria, crisis de las democracias en el mundo y una guerra entre imperios.<\/p>\n<p>Por eso desde el aire de la Riachuelo venimos apostando a fortalecer espacios de reflexi\u00f3n. Ayer, a trav\u00e9s de una asamblea radial, hablamos con distintas organizaciones y adem\u00e1s compartirnos el mensaje del Papa a los \u00abpoetas sociales\u00bb de quienes, sin duda, nos sentimos parte desde la econom\u00eda popular.<\/p>\n<p>&nbsp;<\/p>\n<p>Algunas de las entrevistas de ayer fueron:<\/p>\n<ul>\n<li>Juan Carlos Sanchez, del Frente Barrial Pocho Lepratti (La Paz, Entre R\u00edos)<\/li>\n<li>Hugo Armoa de la Organizaci\u00f3n Huellas de Esperanza (Puerto Iguaz\u00fa, Misiones)<\/li>\n<li>Luciano \u00c1lvarez de El Fog\u00f3n, Casa Popular (Avellaneda, Buenos Aires)<\/li>\n<li>Lorena de Comunidad Pacheco (Tigre, Buenos Aires)<\/li>\n<li>Lito Borello, secretario de DDHH de UTEP.<\/li>\n<\/ul>\n<div><\/div>\n<p><iframe loading=\"lazy\" title=\"PROGRAMA ESPECIAL: ORGANIZACI\u00d3N POPULAR Y PANDEMIA by FMR\" width=\"500\" height=\"450\" scrolling=\"no\" frameborder=\"no\" src=\"https:\/\/w.soundcloud.com\/player\/?visual=true&#038;url=https%3A%2F%2Fapi.soundcloud.com%2Fplaylists%2F1031257441&#038;show_artwork=true&#038;maxheight=750&#038;maxwidth=500\"><\/iframe><\/p>\n<p>&nbsp;<\/p>\n<p>&nbsp;<\/p>\n<div><\/div>\n<div><\/div>\n","protected":false},"excerpt":{"rendered":"<p>[FM Riachuelo 13\/04\/2020] Ayer, domingos de Pascuas, realizamos una asamblea radial para compartir puntos de vista, expectativas\u00a0y reflexiones con lxs compa\u00f1erxs de distintas organizaciones hermanas en distintos lugares del pa\u00eds. Son momentos de mucha complejidad. A partir de la propagaci\u00f3n del Covid-19, se han acelerado muchas de las realidades que desde los movimientos populares ven\u00edamos [&hellip;]<\/p>\n","protected":false},"author":5,"featured_media":11841,"comment_status":"closed","ping_status":"closed","sticky":false,"template":"","format":"standard","meta":{"_monsterinsights_skip_tracking":false,"_monsterinsights_sitenote_active":false,"_monsterinsights_sitenote_note":"","_monsterinsights_sitenote_category":0,"jnews-multi-image_gallery":[],"jnews_single_post":[],"jnews_primary_category":[],"_joinchat":[],"footnotes":""},"categories":[80,79,76],"tags":[],"class_list":["post-11840","post","type-post","status-publish","format-standard","has-post-thumbnail","hentry","category-educacion","category-nadie-se-salva-solo","category-salud-comunitaria"],"_links":{"self":[{"href":"http:\/\/fmriachuelo.it10.com.ar\/index.php\/wp-json\/wp\/v2\/posts\/11840","targetHints":{"allow":["GET"]}}],"collection":[{"href":"http:\/\/fmriachuelo.it10.com.ar\/index.php\/wp-json\/wp\/v2\/posts"}],"about":[{"href":"http:\/\/fmriachuelo.it10.com.ar\/index.php\/wp-json\/wp\/v2\/types\/post"}],"author":[{"embeddable":true,"href":"http:\/\/fmriachuelo.it10.com.ar\/index.php\/wp-json\/wp\/v2\/users\/5"}],"replies":[{"embeddable":true,"href":"http:\/\/fmriachuelo.it10.com.ar\/index.php\/wp-json\/wp\/v2\/comments?post=11840"}],"version-history":[{"count":0,"href":"http:\/\/fmriachuelo.it10.com.ar\/index.php\/wp-json\/wp\/v2\/posts\/11840\/revisions"}],"wp:featuredmedia":[{"embeddable":true,"href":"http:\/\/fmriachuelo.it10.com.ar\/index.php\/wp-json\/"}],"wp:attachment":[{"href":"http:\/\/fmriachuelo.it10.com.ar\/index.php\/wp-json\/wp\/v2\/media?parent=11840"}],"wp:term":[{"taxonomy":"category","embeddable":true,"href":"http:\/\/fmriachuelo.it10.com.ar\/index.php\/wp-json\/wp\/v2\/categories?post=11840"},{"taxonomy":"post_tag","embeddable":true,"href":"http:\/\/fmriachuelo.it10.com.ar\/index.php\/wp-json\/wp\/v2\/tags?post=11840"}],"curies":[{"name":"wp","href":"https:\/\/api.w.org\/{rel}","templated":true}]}}