{"id":1184,"date":"2014-05-02T18:16:00","date_gmt":"2014-05-02T18:16:00","guid":{"rendered":"http:\/\/fmriachuelo.observatorioess.org.ar\/index.php\/2014\/05\/02\/somos-lo-que-falta\/"},"modified":"2025-02-19T16:57:01","modified_gmt":"2025-02-19T19:57:01","slug":"somos-lo-que-falta","status":"publish","type":"post","link":"http:\/\/fmriachuelo.it10.com.ar\/index.php\/2014\/05\/02\/somos-lo-que-falta\/","title":{"rendered":"\u201cSOMOS LO QUE FALTA\u201d"},"content":{"rendered":"<p><span style=\"font-family: Verdana,sans-serif;font-size: large\"><b><span lang=\"ES-AR\" style=\"color: red\">LOS DESCAMISADOS DEL SIGLO XXI MARCHARON<\/span><\/b><\/span> <\/p>\n<div style=\"line-height: normal;margin-bottom: 0.0001pt;text-align: left\"><span style=\"font-family: Verdana,sans-serif;font-size: large\"><b><span lang=\"ES-AR\" style=\"color: red\">POR EL TRABAJO Y LA INCLUSI\u00d3N SOCIAL<\/span><\/b><\/span><\/div>\n<div style=\"line-height: normal;margin-bottom: 0.0001pt\"><span style=\"font-size: small\"><br \/><\/span><\/div>\n<div style=\"line-height: normal;margin-bottom: 0.0001pt\"><span style=\"font-family: Verdana,sans-serif;font-size: small\"><span lang=\"ES-AR\">Ayer m\u00e1s de <b>20.000 trabajadores de la Econom\u00eda Popular agremiados en Confederaci\u00f3n de Trabajadores de la Econom\u00eda Popular (CTEP)<\/b> se hicieron presentes en la <b>Carpa de la Corriente Villera<\/b> instalada hace una semana en el Obelisco. Para conmemorar el <b>Dia del Trabajador<\/b> reivindicaron <b>la lucha de los 22 villas de la Ciudad de Buenos Aires<\/b>, que lleva m\u00e1s de una semana de reclamo, y luego marcharon hacia el <b>Ministerio de Trabajo<\/b> bajo la consigna <b>\u201cPOR EL TRABAJO Y LA INCLUSION SOCIAL\u201d.<\/b><\/span><\/span><br \/><span style=\"font-family: Verdana,sans-serif;font-size: small\"><span lang=\"ES-AR\"><b>&nbsp;<\/b><\/span><b><span lang=\"ES-AR\"> <\/span><\/b><\/span><\/div>\n<div style=\"line-height: normal;margin-bottom: 0.0001pt\"><span style=\"font-family: Verdana,sans-serif;font-size: small\"><b><span lang=\"ES-AR\"><img loading=\"lazy\" decoding=\"async\" alt=\"Imagen integrada 3\" height=\"265\" src=\"https:\/\/mail.google.com\/mail\/u\/0\/?ui=2&amp;ik=9ef5d22c51&amp;view=att&amp;th=145bbbd781840a78&amp;attid=0.7&amp;disp=emb&amp;realattid=ii_145bb887cab3251c&amp;zw&amp;atsh=1\" width=\"400\" \/>&nbsp;<\/span><\/b><\/span><\/div>\n<div style=\"line-height: normal;margin-bottom: 0.0001pt\"><span style=\"font-family: Verdana,sans-serif;font-size: small\"><span lang=\"ES-AR\"><b>Los m\u00e1s de 14 oradores<\/b>, como muestra de la pluralidad y participaci\u00f3n del acto, coincidieron en <b>reclamar la personer\u00eda gremial de la CTEP<\/b>, sindicato que agrupa a m\u00e1s de <b>4 milones de trabajadores de la Econom\u00eda<\/b> mal llamada informal de todo el pa\u00eds.<\/span><\/span><br \/><span style=\"font-family: Verdana,sans-serif;font-size: small\"><span lang=\"ES-AR\">&nbsp;<\/span><b><span lang=\"ES-AR\"> <\/span><\/b><\/span><\/div>\n<div style=\"line-height: normal;margin-bottom: 0.0001pt\"><span style=\"font-family: Verdana,sans-serif;font-size: small\"><b><span lang=\"ES-AR\">&nbsp;<img loading=\"lazy\" decoding=\"async\" alt=\"Imagen integrada 4\" height=\"264\" src=\"https:\/\/mail.google.com\/mail\/u\/0\/?ui=2&amp;ik=9ef5d22c51&amp;view=att&amp;th=145bbbd781840a78&amp;attid=0.4&amp;disp=emb&amp;realattid=ii_145bb88dd3a91169&amp;zw&amp;atsh=1\" width=\"400\" \/><img loading=\"lazy\" decoding=\"async\" alt=\"Imagen integrada 1\" height=\"264\" src=\"https:\/\/mail.google.com\/mail\/u\/0\/?ui=2&amp;ik=9ef5d22c51&amp;view=att&amp;th=145bbbd781840a78&amp;attid=0.1&amp;disp=emb&amp;realattid=ii_145bb8b2af812ce0&amp;zw&amp;atsh=1\" width=\"400\" \/>&nbsp;<\/span><\/b><\/span><br \/><span style=\"font-family: Verdana,sans-serif;font-size: small\"><b><span lang=\"ES-AR\"><br \/> <\/span><\/b><\/span><\/div>\n<div style=\"line-height: normal;margin-bottom: 0.0001pt\"><span style=\"font-family: Verdana,sans-serif;font-size: small\"><span lang=\"ES-AR\">Uno de los momentos m\u00e1s emotivos del acto estuvo en el discurso de la representante del <b>Movimiento Nacional Campesino Ind\u00edgena, Deo Carrizo<\/b> quien as\u00ed defini\u00f3 a la <b>CTEP<\/b>:<\/span><\/span><\/div>\n<div style=\"line-height: normal;margin-bottom: 0.0001pt\"><span style=\"font-family: Verdana,sans-serif;font-size: small\"><b><span lang=\"ES-TRAD\">\u201cLa CTEP es campesina.<\/span><\/b><\/span><\/div>\n<div style=\"line-height: normal;margin-bottom: 0.0001pt\"><span style=\"font-family: Verdana,sans-serif;font-size: small\"><b><span lang=\"ES-TRAD\">La CTEP es ind\u00edgena.<\/span><\/b><\/span><\/div>\n<div style=\"line-height: normal;margin-bottom: 0.0001pt\"><span style=\"font-family: Verdana,sans-serif;font-size: small\"><b><span lang=\"ES-TRAD\">La CTEP son nuestros barrios que han sido marginados.<\/span><\/b><\/span><\/div>\n<div style=\"line-height: normal;margin-bottom: 0.0001pt\"><span style=\"font-family: Verdana,sans-serif;font-size: small\"><b><span lang=\"ES-TRAD\">Y que dicen que no nos quieren incluir.<\/span><\/b><\/span><\/div>\n<div style=\"line-height: normal;margin-bottom: 0.0001pt\"><span style=\"font-family: Verdana,sans-serif;font-size: small\"><b><span lang=\"ES-TRAD\">\u00bfQui\u00e9n les ha dicho que nos queremos incluir en un sistema de injusticia?<\/span><\/b><\/span><\/div>\n<div style=\"line-height: normal;margin-bottom: 0.0001pt\"><span style=\"font-family: Verdana,sans-serif;font-size: small\"><b><span lang=\"ES-TRAD\">\u00bfQui\u00e9n les ha dicho que nos queremos incluir en un sistema de desigualdad?<\/span><\/b><\/span><\/div>\n<div style=\"line-height: normal;margin-bottom: 0.0001pt\"><span style=\"font-family: Verdana,sans-serif;font-size: small\"><b><span lang=\"ES-TRAD\">Estamos construyendo otra sociedad donde la mujer-el hombre somos protagonistas.\u00bb<\/span><\/b><\/span><br \/><span style=\"font-family: Verdana,sans-serif;font-size: small\"><b><span lang=\"ES-TRAD\">&nbsp;<\/span><span lang=\"ES-AR\"> <\/span><\/b><\/span><\/div>\n<div style=\"line-height: normal;margin-bottom: 0.0001pt\"><span style=\"font-family: Verdana,sans-serif;font-size: small\"><b><span lang=\"ES-AR\">&nbsp;<img loading=\"lazy\" decoding=\"async\" alt=\"Imagen integrada 6\" height=\"265\" src=\"https:\/\/mail.google.com\/mail\/u\/0\/?ui=2&amp;ik=9ef5d22c51&amp;view=att&amp;th=145bbbd781840a78&amp;attid=0.6&amp;disp=emb&amp;realattid=ii_145bb8933c7fc8d3&amp;zw&amp;atsh=1\" width=\"400\" \/>&nbsp;<\/span><\/b><\/span><br \/><span style=\"font-family: Verdana,sans-serif;font-size: small\"><b><span lang=\"ES-AR\"><br \/><\/span><\/b><\/span><\/div>\n<div style=\"line-height: normal;margin-bottom: 0.0001pt\"><span style=\"font-family: Verdana,sans-serif;font-size: small\"><span lang=\"ES-TRAD\">Para el cierre del acto las <b>m\u00e1s de 5 cuadras de la Av. Leandro N. Alem llena de trabajadores <\/b>escucharon con atenci\u00f3n un <b>discurso in\u00e9dito del Pap\u00e1 Francisco<\/b> con motivo del d\u00eda del trabajador y entonaron <b>el Himno Nacional<\/b>.<\/span><\/span><br \/><span style=\"font-family: Verdana,sans-serif;font-size: small\"><span lang=\"ES-TRAD\">&nbsp;<\/span><b><span lang=\"ES-AR\"> <\/span><\/b><\/span><\/div>\n<div style=\"line-height: normal;margin-bottom: 0.0001pt\"><span style=\"font-family: Verdana,sans-serif;font-size: small\"><b><span lang=\"ES-AR\">&nbsp;<img loading=\"lazy\" decoding=\"async\" alt=\"Imagen integrada 7\" height=\"264\" src=\"https:\/\/mail.google.com\/mail\/u\/0\/?ui=2&amp;ik=9ef5d22c51&amp;view=att&amp;th=145bbbd781840a78&amp;attid=0.3&amp;disp=emb&amp;realattid=ii_145bb8a257368a57&amp;zw&amp;atsh=1\" width=\"400\" \/><\/span><\/b><\/span><br \/><span style=\"font-family: Verdana,sans-serif;font-size: small\"><b><span lang=\"ES-AR\"><\/span><\/b><\/span><br \/><span style=\"font-family: Verdana,sans-serif;font-size: small\"><b><span lang=\"ES-AR\"><img loading=\"lazy\" decoding=\"async\" alt=\"Imagen integrada 8\" height=\"263\" src=\"https:\/\/mail.google.com\/mail\/u\/0\/?ui=2&amp;ik=9ef5d22c51&amp;view=att&amp;th=145bbbd781840a78&amp;attid=0.8&amp;disp=emb&amp;realattid=ii_145bb8a30d5b32cf&amp;zw&amp;atsh=1\" width=\"400\" \/><\/span><\/b><\/span><\/div>\n<div style=\"line-height: normal;margin-bottom: 0.0001pt\"><span style=\"font-family: Verdana,sans-serif;font-size: small\"><span lang=\"ES-TRAD\">A continuaci\u00f3n los testimonios recogidos por <b>FM RICAHUELO<\/b><\/span><b><span lang=\"ES-AR\"> <br \/><\/span><\/b><\/span><\/div>\n<p><span style=\"font-family: Verdana,sans-serif;font-size: small\"><br \/><\/span><\/p>\n<div style=\"line-height: normal;margin-bottom: 0.0001pt\"><span style=\"font-family: Verdana,sans-serif;font-size: small\"><a href=\"http:\/\/www.divshare.com\/download\/25490442-eff\" target=\"_blank\" rel=\"noopener\"><span lang=\"ES-AR\">MARTA-Marea PopularAdri\u00e1n Lutvak-PRESIDENTE DE LA  FEDERACI\u00d3NUNIVERSITARIA DE BUENAS AIRES<\/span><\/a><\/span><\/div>\n<div style=\"line-height: normal;margin-bottom: 0.0001pt\"><span style=\"font-family: Verdana,sans-serif;font-size: small\"><span lang=\"ES-AR\"><a href=\"http:\/\/www.divshare.com\/download\/25490443-6ee\" target=\"_blank\" rel=\"noopener\">NICOL\u00c1S-CTD ANIBAL Ver\u00d3n<\/a><br \/>  <a href=\"http:\/\/www.divshare.com\/download\/25490451-636\" target=\"_blank\" rel=\"noopener\">DEO CARRIZO-MOVIMIENTO NACIONAL Campesino ind\u00cdgena<\/a><br \/><a href=\"http:\/\/www.divshare.com\/download\/25490536-f69\" target=\"_blank\" rel=\"noopener\">PADRE EDUARDO FARREL-Cura de Moreno<\/a><br \/><a href=\"http:\/\/www.divshare.com\/download\/25490444-6e8\" target=\"_blank\" rel=\"noopener\">DARIO RODR\u00cdGUEZ-PRESIDENTE DE LA FEDERACI\u00d3N URUGUAYA DE COOPERATIVAS DEVIVIENDA POR AYUDA MUTUA (FUCVAM)<\/a><br \/><a href=\"http:\/\/www.divshare.com\/download\/25490506-80c\" target=\"_blank\" rel=\"noopener\">GABRIELA OLGU\u00cdN-COOPERATIVA Adoquin<\/a><br \/><a href=\"http:\/\/www.divshare.com\/download\/25490507-0de\" target=\"_blank\" rel=\"noopener\">Gringo CASTRO-SEC. GRA. CTEP Y MOVIMIENTO EVITA<\/a><br \/><a href=\"http:\/\/www.divshare.com\/download\/25490545-57a\" target=\"_blank\" rel=\"noopener\">MAXI PAZ-MOVIMIENTO POPULAR La dignidad<\/a><br \/><a href=\"http:\/\/www.divshare.com\/download\/25490572-ce9\" target=\"_blank\" rel=\"noopener\">NAHUEL-FRENTE POPULAR DARIO Santillan<\/a><\/span><\/span><\/div>\n<div style=\"line-height: normal;margin-bottom: 0.0001pt\"><span style=\"font-family: Verdana,sans-serif;font-size: small\"><span lang=\"ES-AR\"><a href=\"http:\/\/www.divshare.com\/download\/25490546-28e\" target=\"_blank\" rel=\"noopener\">EMILIO Persico-MOVIMIENTO EVITA<\/a><br \/>  <a href=\"http:\/\/www.divshare.com\/download\/25490574-cc3\" target=\"_blank\" rel=\"noopener\">SERGIO S\u00c1NCHEZ-MOVIMIENTO DE TRABAJADORES EXCLUIDOS<\/a><br \/><a href=\"http:\/\/www.divshare.com\/download\/25490535-60d\" target=\"_blank\" rel=\"noopener\">LITO Borello-ORGANIZACI\u00d3N SOCIAL Y POL\u00cdTICA LOS PIBES<\/a><\/span><\/span><\/div>\n","protected":false},"excerpt":{"rendered":"<p>LOS DESCAMISADOS DEL SIGLO XXI MARCHARON POR EL TRABAJO Y LA INCLUSI\u00d3N SOCIAL Ayer m\u00e1s de 20.000 trabajadores de la Econom\u00eda Popular agremiados en Confederaci\u00f3n de Trabajadores de la Econom\u00eda Popular (CTEP) se hicieron presentes en la Carpa de la Corriente Villera instalada hace una semana en el Obelisco. Para conmemorar el Dia del Trabajador [&hellip;]<\/p>\n","protected":false},"author":4,"featured_media":0,"comment_status":"open","ping_status":"open","sticky":false,"template":"","format":"standard","meta":{"_monsterinsights_skip_tracking":false,"_monsterinsights_sitenote_active":false,"_monsterinsights_sitenote_note":"","_monsterinsights_sitenote_category":0,"jnews-multi-image_gallery":[],"jnews_single_post":{"format":"standard"},"jnews_primary_category":[],"_joinchat":[],"footnotes":""},"categories":[58],"tags":[148],"class_list":["post-1184","post","type-post","status-publish","format-standard","hentry","category-noticiariachuelo","tag-trabajo"],"_links":{"self":[{"href":"http:\/\/fmriachuelo.it10.com.ar\/index.php\/wp-json\/wp\/v2\/posts\/1184","targetHints":{"allow":["GET"]}}],"collection":[{"href":"http:\/\/fmriachuelo.it10.com.ar\/index.php\/wp-json\/wp\/v2\/posts"}],"about":[{"href":"http:\/\/fmriachuelo.it10.com.ar\/index.php\/wp-json\/wp\/v2\/types\/post"}],"author":[{"embeddable":true,"href":"http:\/\/fmriachuelo.it10.com.ar\/index.php\/wp-json\/wp\/v2\/users\/4"}],"replies":[{"embeddable":true,"href":"http:\/\/fmriachuelo.it10.com.ar\/index.php\/wp-json\/wp\/v2\/comments?post=1184"}],"version-history":[{"count":1,"href":"http:\/\/fmriachuelo.it10.com.ar\/index.php\/wp-json\/wp\/v2\/posts\/1184\/revisions"}],"predecessor-version":[{"id":21667,"href":"http:\/\/fmriachuelo.it10.com.ar\/index.php\/wp-json\/wp\/v2\/posts\/1184\/revisions\/21667"}],"wp:attachment":[{"href":"http:\/\/fmriachuelo.it10.com.ar\/index.php\/wp-json\/wp\/v2\/media?parent=1184"}],"wp:term":[{"taxonomy":"category","embeddable":true,"href":"http:\/\/fmriachuelo.it10.com.ar\/index.php\/wp-json\/wp\/v2\/categories?post=1184"},{"taxonomy":"post_tag","embeddable":true,"href":"http:\/\/fmriachuelo.it10.com.ar\/index.php\/wp-json\/wp\/v2\/tags?post=1184"}],"curies":[{"name":"wp","href":"https:\/\/api.w.org\/{rel}","templated":true}]}}