{"id":1182,"date":"2014-05-04T19:07:00","date_gmt":"2014-05-04T19:07:00","guid":{"rendered":"http:\/\/fmriachuelo.observatorioess.org.ar\/index.php\/2014\/05\/04\/todo-preso-es-politico\/"},"modified":"2025-02-19T16:58:30","modified_gmt":"2025-02-19T19:58:30","slug":"todo-preso-es-politico","status":"publish","type":"post","link":"http:\/\/fmriachuelo.it10.com.ar\/index.php\/2014\/05\/04\/todo-preso-es-politico\/","title":{"rendered":"TODO PRESO ES POL\u00cdTICO"},"content":{"rendered":"<div style=\"text-align: justify\"><span style=\"font-family: Verdana,sans-serif\"><span style=\"font-size: large\"><b><span style=\"color: red\">LA SALUD DEL BOLI LEZCANO<\/span><\/b><\/span><\/span><\/div>\n<div style=\"text-align: justify\"><span style=\"font-family: Verdana,sans-serif\"><br \/><\/span><\/div>\n<div style=\"text-align: justify\"><span style=\"font-family: Verdana,sans-serif\"><span style=\"font-size: small\"><span><b>Ra\u00fal \u201cBoli\u201d Lezcano dirigente del Movimiento Patri\u00f3tico Revolucinario<\/b> <b>Quebracho<\/b> ha sufrido un <b>accidente cerebro vascular (ACV) hemorr\u00e1gico<\/b>. Se encuentra internado en terapia intensiva, muy grave, desde las primeras horas del viernes 2 de mayo como consecuencia de la negligencia y el descuido del Tribunal Oral Federal 3. Este <b>Tribunal de Ejecuci\u00f3n Penal ha deso\u00eddo sistem\u00e1ticamente las prescripciones m\u00e9dicas que recomiendan atenci\u00f3n permanente como consecuencia de la compleja salud<\/b> que sufre el hist\u00f3rico luchador social y pol\u00edtico.&nbsp;<\/span><br \/><\/span><\/span><\/div>\n<div style=\"text-align: justify\"><span style=\"font-family: Verdana,sans-serif\"><span style=\"font-size: small\"><\/span><span style=\"font-size: small\"><br \/><\/span><\/span> <\/div>\n<div style=\"text-align: justify\"><span style=\"font-family: Verdana,sans-serif\"><span style=\"font-size: small\"><\/span><\/span><\/div>\n<div style=\"text-align: justify\"><span style=\"font-family: Verdana,sans-serif\"><span style=\"font-size: small\"><span>Los dirigentes populares son el blanco una vez m\u00e1s de una justicia que condena a luchadores sociales. <b>Al autor intelectual de un escrache la c\u00e1rcel; para los autores intelectuales del asesinato de Carlos Fuentealba la impunidad.<\/b>&nbsp;&nbsp;<\/span><br \/><\/span><\/span><\/div>\n<div style=\"text-align: justify\"><span style=\"font-family: Verdana,sans-serif\"><br \/><\/span><\/div>\n<div style=\"text-align: justify\"><span style=\"font-family: Verdana,sans-serif\"><span style=\"font-size: small\">El Boli Lezcano cumple la condena en la prisi\u00f3n de Ezeiza. Fue asistido por su familia y compa\u00f1eros: fue llevado de urgencia al Hospital Interzonal de Ezeiza. Actualmente se halla internado en el Hospital de Ensenada, donde aguarda una intervenci\u00f3n quir\u00fargica.<br \/><\/span><\/span><\/div>\n<div style=\"text-align: justify\"><span style=\"font-family: Verdana,sans-serif\"><br \/><\/span><\/div>\n<div style=\"text-align: justify\"><span style=\"font-family: Verdana,sans-serif\"><span style=\"font-size: small\">Las Organizaciones Sociales se solidarizan y est\u00e1n presentes haciendo votos para la pronta mejor\u00eda del dirigente.<\/span><\/span><\/div>\n<div style=\"text-align: justify\"><span style=\"font-family: Verdana,sans-serif\"><br \/><\/span><\/div>\n<div style=\"text-align: justify\"><span style=\"font-family: Verdana,sans-serif\"><span style=\"font-size: small\">Desde <b>FM RIACHUELO<\/b> nos comunicamos con <b>Facundo Escobar<\/b>, integrante del MPR Quebracho quien nos di\u00f3 detalles sobra la salud del Boli Lezcano. Compartimos la entrevista:<br \/><\/span><\/span><\/div>\n<p><span style=\"font-family: Verdana,sans-serif\"><br \/><\/span><\/p>\n<div style=\"text-align: center\"><span style=\"font-family: Verdana,sans-serif\"><span style=\"font-size: small;font-weight: normal\"><b><i><a href=\"http:\/\/www.divshare.com\/download\/25494271-dec\" target=\"_parent\" rel=\"noopener\">\u00abEst\u00e1 muy mal. Es un luchador, no sabemos como resisti\u00f3\u00bb<\/a><\/i><\/b><\/span><\/span><br \/><strong><em><span style=\"font-family: Verdana\"><\/span><\/em><\/strong><br \/><strong><em><span style=\"font-family: Verdana\">03\/05\/2014<\/span><\/em><\/strong><\/div>\n<p><span style=\"font-family: Verdana,sans-serif\"><span style=\"font-size: medium\"><span style=\"font-size: 12pt\"><span style=\"color: #999999\"><\/span><\/span><\/span><\/span><\/p>\n","protected":false},"excerpt":{"rendered":"<p>LA SALUD DEL BOLI LEZCANO Ra\u00fal \u201cBoli\u201d Lezcano dirigente del Movimiento Patri\u00f3tico Revolucinario Quebracho ha sufrido un accidente cerebro vascular (ACV) hemorr\u00e1gico. Se encuentra internado en terapia intensiva, muy grave, desde las primeras horas del viernes 2 de mayo como consecuencia de la negligencia y el descuido del Tribunal Oral Federal 3. Este Tribunal de [&hellip;]<\/p>\n","protected":false},"author":4,"featured_media":0,"comment_status":"open","ping_status":"open","sticky":false,"template":"","format":"standard","meta":{"_monsterinsights_skip_tracking":false,"_monsterinsights_sitenote_active":false,"_monsterinsights_sitenote_note":"","_monsterinsights_sitenote_category":0,"jnews-multi-image_gallery":[],"jnews_single_post":{"format":"standard"},"jnews_primary_category":[],"_joinchat":[],"footnotes":""},"categories":[58],"tags":[119],"class_list":["post-1182","post","type-post","status-publish","format-standard","hentry","category-noticiariachuelo","tag-derechos-humanos"],"_links":{"self":[{"href":"http:\/\/fmriachuelo.it10.com.ar\/index.php\/wp-json\/wp\/v2\/posts\/1182","targetHints":{"allow":["GET"]}}],"collection":[{"href":"http:\/\/fmriachuelo.it10.com.ar\/index.php\/wp-json\/wp\/v2\/posts"}],"about":[{"href":"http:\/\/fmriachuelo.it10.com.ar\/index.php\/wp-json\/wp\/v2\/types\/post"}],"author":[{"embeddable":true,"href":"http:\/\/fmriachuelo.it10.com.ar\/index.php\/wp-json\/wp\/v2\/users\/4"}],"replies":[{"embeddable":true,"href":"http:\/\/fmriachuelo.it10.com.ar\/index.php\/wp-json\/wp\/v2\/comments?post=1182"}],"version-history":[{"count":1,"href":"http:\/\/fmriachuelo.it10.com.ar\/index.php\/wp-json\/wp\/v2\/posts\/1182\/revisions"}],"predecessor-version":[{"id":21670,"href":"http:\/\/fmriachuelo.it10.com.ar\/index.php\/wp-json\/wp\/v2\/posts\/1182\/revisions\/21670"}],"wp:attachment":[{"href":"http:\/\/fmriachuelo.it10.com.ar\/index.php\/wp-json\/wp\/v2\/media?parent=1182"}],"wp:term":[{"taxonomy":"category","embeddable":true,"href":"http:\/\/fmriachuelo.it10.com.ar\/index.php\/wp-json\/wp\/v2\/categories?post=1182"},{"taxonomy":"post_tag","embeddable":true,"href":"http:\/\/fmriachuelo.it10.com.ar\/index.php\/wp-json\/wp\/v2\/tags?post=1182"}],"curies":[{"name":"wp","href":"https:\/\/api.w.org\/{rel}","templated":true}]}}