{"id":11766,"date":"2020-04-08T21:54:12","date_gmt":"2020-04-08T21:54:12","guid":{"rendered":"http:\/\/fmriachuelo.com.ar\/?p=11766"},"modified":"2020-04-08T21:54:12","modified_gmt":"2020-04-08T21:54:12","slug":"entrevista-a-carina-maloberti-en-al-gran-pueblo-salud","status":"publish","type":"post","link":"http:\/\/fmriachuelo.it10.com.ar\/index.php\/2020\/04\/08\/entrevista-a-carina-maloberti-en-al-gran-pueblo-salud\/","title":{"rendered":"ENTREVISTA A CARINA MALOBERTI EN AL GRAN PUEBLO SALUD"},"content":{"rendered":"<p><span style=\"font-weight: 400\"><strong>[FM Riachuelo 08\/04\/2020]<\/strong> El pasado lunes 6 de abril en Al Gran Pueblo Salud se entevist\u00f3 a Carina Maloberti, Secretaria Gremial de ATE SENASA para conversar sobre una reuni\u00f3n que mantuvo con la Presidenta de Cascos Blancos, Mariana Cardelli y la Coordinaci\u00f3n de Seguridad e Higiene Laboral del Servicio Nacional de Sanidad y Calidad Agroalimentaria. En dicho encuentro se trat\u00f3 la necesidad de generar capacitaciones en el marco de la emergencia producida por la pandemia del covid-19 relacionadas con la creaci\u00f3n de un registro de reservistas.<\/span><\/p>\n<p><span style=\"font-weight: 400\">Durante la entrevista Carina justific\u00f3 la importancia de dicha reuni\u00f3n y expres\u00f3: \u00abNos parec\u00eda que la experiencia de los profesionales que tienen conocimientos sobre las nuevas amenazas, manejos de crisis y dem\u00e1s es sumamente necesario. No s\u00f3lo para la formaci\u00f3n y capacitaci\u00f3n en el curso de nivel general propuesto para crear el registro de reservistas, sino para en un segundo nivel actualizar nuestras estructuras del Estado.\u00bb<\/span><\/p>\n<p><span style=\"font-weight: 400\">Tambi\u00e9n mencion\u00f3 que ante el contexto de guerra imperial y capitalista que se vive es imperioso que el Pueblo organizado sea la alternativa a la intervenci\u00f3n externa que viene en forma de \u201cayuda humanitaria\u201d. Adem\u00e1s enfatiz\u00f3 en que: \u201c<\/span><span style=\"font-weight: 400\">Lo que tienen que entender todos los funcionarios con poder pol\u00edtico nacional, al igual que nuestro poder pol\u00edtico es que la base m\u00e1s s\u00f3lida que debemos tener, no s\u00f3lo para garantizar la soberan\u00eda nacional y la salud p\u00fablica, sino tambi\u00e9n para la defensa de ellas es justamente la organizaci\u00f3n de nuestro Pueblo. Todo profesional de la defensa nacional sabe que la base de la pir\u00e1mide para la defensa de un pa\u00eds es el Pueblo organizado y formado.\u201d<\/span><\/p>\n","protected":false},"excerpt":{"rendered":"<p>[FM Riachuelo 08\/04\/2020] El pasado lunes 6 de abril en Al Gran Pueblo Salud se entevist\u00f3 a Carina Maloberti, Secretaria Gremial de ATE SENASA para conversar sobre una reuni\u00f3n que mantuvo con la Presidenta de Cascos Blancos, Mariana Cardelli y la Coordinaci\u00f3n de Seguridad e Higiene Laboral del Servicio Nacional de Sanidad y Calidad Agroalimentaria. [&hellip;]<\/p>\n","protected":false},"author":5,"featured_media":11767,"comment_status":"closed","ping_status":"closed","sticky":false,"template":"","format":"standard","meta":{"_monsterinsights_skip_tracking":false,"_monsterinsights_sitenote_active":false,"_monsterinsights_sitenote_note":"","_monsterinsights_sitenote_category":0,"jnews-multi-image_gallery":[],"jnews_single_post":[],"jnews_primary_category":[],"_joinchat":[],"footnotes":""},"categories":[109,76],"tags":[],"class_list":["post-11766","post","type-post","status-publish","format-standard","has-post-thumbnail","hentry","category-salud","category-salud-comunitaria"],"_links":{"self":[{"href":"http:\/\/fmriachuelo.it10.com.ar\/index.php\/wp-json\/wp\/v2\/posts\/11766","targetHints":{"allow":["GET"]}}],"collection":[{"href":"http:\/\/fmriachuelo.it10.com.ar\/index.php\/wp-json\/wp\/v2\/posts"}],"about":[{"href":"http:\/\/fmriachuelo.it10.com.ar\/index.php\/wp-json\/wp\/v2\/types\/post"}],"author":[{"embeddable":true,"href":"http:\/\/fmriachuelo.it10.com.ar\/index.php\/wp-json\/wp\/v2\/users\/5"}],"replies":[{"embeddable":true,"href":"http:\/\/fmriachuelo.it10.com.ar\/index.php\/wp-json\/wp\/v2\/comments?post=11766"}],"version-history":[{"count":0,"href":"http:\/\/fmriachuelo.it10.com.ar\/index.php\/wp-json\/wp\/v2\/posts\/11766\/revisions"}],"wp:featuredmedia":[{"embeddable":true,"href":"http:\/\/fmriachuelo.it10.com.ar\/index.php\/wp-json\/"}],"wp:attachment":[{"href":"http:\/\/fmriachuelo.it10.com.ar\/index.php\/wp-json\/wp\/v2\/media?parent=11766"}],"wp:term":[{"taxonomy":"category","embeddable":true,"href":"http:\/\/fmriachuelo.it10.com.ar\/index.php\/wp-json\/wp\/v2\/categories?post=11766"},{"taxonomy":"post_tag","embeddable":true,"href":"http:\/\/fmriachuelo.it10.com.ar\/index.php\/wp-json\/wp\/v2\/tags?post=11766"}],"curies":[{"name":"wp","href":"https:\/\/api.w.org\/{rel}","templated":true}]}}