{"id":11751,"date":"2020-04-07T14:36:11","date_gmt":"2020-04-07T14:36:11","guid":{"rendered":"http:\/\/fmriachuelo.com.ar\/?p=11751"},"modified":"2020-04-07T14:36:11","modified_gmt":"2020-04-07T14:36:11","slug":"las-organizaciones-sociales-nos-caracterizamos-por-estar-siempre","status":"publish","type":"post","link":"http:\/\/fmriachuelo.it10.com.ar\/index.php\/2020\/04\/07\/las-organizaciones-sociales-nos-caracterizamos-por-estar-siempre\/","title":{"rendered":"\u00abLAS ORGANIZACIONES SOCIALES NOS CARACTERIZAMOS POR ESTAR SIEMPRE\u00bb"},"content":{"rendered":"<p><strong>[<\/strong><strong>FM Riachuelo 07\/04\/2020]Hoy en el\u00a0 programa\u00a0 \u00abRompe el Cerco Informativo\u00bb (Lunes a Viernes de 18 a 19 hs) entrevistamos a Chani, integrante de la Casa Popular El Fog\u00f3n de la Organizaci\u00f3n Social y Pol\u00edtica Los Pibes. Ante el dif\u00edcil momento que atraviesan los\u00a0 barrios por \u00a0la crisis sanitaria y social por la pandemia conocida como \u00abCoronavirus\u00bb lxs integrantes del Fog\u00f3n en Gerli, partido de Avellaneda, se organizaron \u00a0para hacerle frente desde la organizaci\u00f3n y solidaridad, sin dejar de cuidar a ning\u00fan vecinx.<\/strong><\/p>\n<p>Es por eso que estuvieron haciendo una olla popular, repartiendo viandas y mercader\u00eda a cada vecina y vecino de Villa Tranquila en Avellaneda. Para seguir fortaleciendo, la solidaridad de las organizaciones y el rol de estar en cada barrio junto a lxs vecinxs, porque \u00abNadie se salva solx\u00bb.<\/p>\n<p><img loading=\"lazy\" decoding=\"async\" class=\"alignnone wp-image-11753 size-full\" src=\"http:\/\/fmriachuelo.com.ar\/wp-content\/uploads\/2020\/04\/WhatsApp-Image-2020-04-06-at-23.08.13.jpeg\" alt=\"\" width=\"1280\" height=\"960\" \/><\/p>\n<p>En este contexto tan angustiante y desesperante Chani dijo,\u00bb Es muy dif\u00edcil hacer una cuarentena encerrada en casa, lo que nosotrxs decimos, sabemos es que la cuarentena se hace en el barrio. Si bien hay que saludarse con el codo, todo el tiempo nos estamos dando una mano con lxs vecinxs\u00bb.<\/p>\n<p>y para finalizar expres\u00f3, que el rol de las organizaciones es estar siempre luchando por los derechos de cada compa\u00f1erx, vecinx, por eso lejos de encerrarse se organizan para afrontar la realidad que viven en el barrio ante la pandemia.<\/p>\n<p><strong>ESCUCHA LA ENTREVISTA COMPLETA\u00a0<a href=\"https:\/\/ar.radiocut.fm\/audiocut\/organizaciones-sociales-nos-caracterizamos-por-estar-siempre\/\">https:\/\/ar.radiocut.fm\/audiocut\/organizaciones-sociales-nos-caracterizamos-por-estar-siempre\/\u00a0<\/a><\/strong><\/p>\n","protected":false},"excerpt":{"rendered":"<p>[FM Riachuelo 07\/04\/2020]Hoy en el\u00a0 programa\u00a0 \u00abRompe el Cerco Informativo\u00bb (Lunes a Viernes de 18 a 19 hs) entrevistamos a Chani, integrante de la Casa Popular El Fog\u00f3n de la Organizaci\u00f3n Social y Pol\u00edtica Los Pibes. Ante el dif\u00edcil momento que atraviesan los\u00a0 barrios por \u00a0la crisis sanitaria y social por la pandemia conocida como [&hellip;]<\/p>\n","protected":false},"author":5,"featured_media":11756,"comment_status":"closed","ping_status":"closed","sticky":false,"template":"","format":"standard","meta":{"_monsterinsights_skip_tracking":false,"_monsterinsights_sitenote_active":false,"_monsterinsights_sitenote_note":"","_monsterinsights_sitenote_category":0,"jnews-multi-image_gallery":[],"jnews_single_post":[],"jnews_primary_category":[],"_joinchat":[],"footnotes":""},"categories":[109,76],"tags":[],"class_list":["post-11751","post","type-post","status-publish","format-standard","has-post-thumbnail","hentry","category-salud","category-salud-comunitaria"],"_links":{"self":[{"href":"http:\/\/fmriachuelo.it10.com.ar\/index.php\/wp-json\/wp\/v2\/posts\/11751","targetHints":{"allow":["GET"]}}],"collection":[{"href":"http:\/\/fmriachuelo.it10.com.ar\/index.php\/wp-json\/wp\/v2\/posts"}],"about":[{"href":"http:\/\/fmriachuelo.it10.com.ar\/index.php\/wp-json\/wp\/v2\/types\/post"}],"author":[{"embeddable":true,"href":"http:\/\/fmriachuelo.it10.com.ar\/index.php\/wp-json\/wp\/v2\/users\/5"}],"replies":[{"embeddable":true,"href":"http:\/\/fmriachuelo.it10.com.ar\/index.php\/wp-json\/wp\/v2\/comments?post=11751"}],"version-history":[{"count":0,"href":"http:\/\/fmriachuelo.it10.com.ar\/index.php\/wp-json\/wp\/v2\/posts\/11751\/revisions"}],"wp:featuredmedia":[{"embeddable":true,"href":"http:\/\/fmriachuelo.it10.com.ar\/index.php\/wp-json\/"}],"wp:attachment":[{"href":"http:\/\/fmriachuelo.it10.com.ar\/index.php\/wp-json\/wp\/v2\/media?parent=11751"}],"wp:term":[{"taxonomy":"category","embeddable":true,"href":"http:\/\/fmriachuelo.it10.com.ar\/index.php\/wp-json\/wp\/v2\/categories?post=11751"},{"taxonomy":"post_tag","embeddable":true,"href":"http:\/\/fmriachuelo.it10.com.ar\/index.php\/wp-json\/wp\/v2\/tags?post=11751"}],"curies":[{"name":"wp","href":"https:\/\/api.w.org\/{rel}","templated":true}]}}