{"id":11705,"date":"2020-03-31T00:20:13","date_gmt":"2020-03-31T00:20:13","guid":{"rendered":"http:\/\/fmriachuelo.com.ar\/?p=11705"},"modified":"2020-03-31T00:20:13","modified_gmt":"2020-03-31T00:20:13","slug":"el-papa-francisco-advierte-ante-la-pandemia-prepararnos-para-el-despues-es-importante","status":"publish","type":"post","link":"http:\/\/fmriachuelo.it10.com.ar\/index.php\/2020\/03\/31\/el-papa-francisco-advierte-ante-la-pandemia-prepararnos-para-el-despues-es-importante\/","title":{"rendered":"EL PAPA FRANCISCO ADVIERTE ANTE LA PANDEMIA: \u201cPREPARARNOS PARA EL DESPU\u00c9S ES IMPORTANTE\u201d"},"content":{"rendered":"<p><strong>[FM Riachuelo 30\/03\/2020]\u00a0El s\u00e1bado 28 de marzo de 2020, el Papa Francisco envi\u00f3 una carta al Juez Roberto Andr\u00e9s Gallardo, Presidente del Comit\u00e9 Panamericano de Juezas y Jueces por los Derechos Sociales y Doctrina Franciscana, donde \u00a0transmiti\u00f3 importantes definiciones sobre el presente y el futuro en el marco de la actual Pandemia.\u00a0 Por este motivo FM RIACHUELO convers\u00f3 con el Dr. Gustavo Moreno, asesor tutelar de C\u00e1mara de la Ciudad de Bs. As e integrante dicho comit\u00e9, para que nos brinde su interpretaci\u00f3n sobre la misma. <\/strong><\/p>\n<p>En primer lugar hace referencia a los dos ejes que plantea el Papa Francisco, el genocidio vir\u00f3sico, donde se prioriza la econom\u00eda a la vida, \u00a0algo que sucede en Brasil o EEUU y por otro lado las consecuencias sociales que esta pandemia va a dejar &lt;&lt; <strong>si tomamos la Rep\u00fablica Argentina sabemos que hay sectores de la poblaci\u00f3n que ya estaban pauperizados, las personas sin techo en calle, las personas que viven en villas o asentamientos, son sectores de la poblaci\u00f3n que ya ten\u00edan sus derechos vulnerados. Estas cosas preexistentes se van a agudizar, esto es lo que m\u00e1s nos preocupa a nosotros \u00a0y lo ha manifestado claramente en su carta el Papa Francisco<\/strong>&gt;&gt;<\/p>\n<p>Luego expresa su visi\u00f3n \u00a0ante la situaci\u00f3n que se vive en nuestro pa\u00eds &lt;&lt;<strong>Yo creo que hay muchas muestras de solidaridad de la gente com\u00fan, hay un mont\u00f3n de gestos silenciosos como dice el Papa (&#8230;) A m\u00ed lo que me preocupa es la falta de solidaridad de grandes sectores con niveles econ\u00f3micos altos (&#8230;)Si evidentemente la falta de solidaridad es el resultado del individualismo capitalista, esto lo ha indicado el Papa Francisco en sus documentos, es el resultado de este individualismo capitalista que evidentemente no piensa en el bien com\u00fan y es el famoso \u00abs\u00e1lvese quien pueda\u00bb<\/strong>&gt;&gt;<\/p>\n<p>&nbsp;<\/p>\n<p>Escucha la entrevista completa <a href=\"https:\/\/ar.radiocut.fm\/audiocut\/entrevista-a-gustavo-moreno-asesor-tutelar-camara-ciudad-bs-as\/\"><strong>ac\u00e1<\/strong><\/a><\/p>\n","protected":false},"excerpt":{"rendered":"<p>[FM Riachuelo 30\/03\/2020]\u00a0El s\u00e1bado 28 de marzo de 2020, el Papa Francisco envi\u00f3 una carta al Juez Roberto Andr\u00e9s Gallardo, Presidente del Comit\u00e9 Panamericano de Juezas y Jueces por los Derechos Sociales y Doctrina Franciscana, donde \u00a0transmiti\u00f3 importantes definiciones sobre el presente y el futuro en el marco de la actual Pandemia.\u00a0 Por este motivo [&hellip;]<\/p>\n","protected":false},"author":5,"featured_media":11708,"comment_status":"closed","ping_status":"closed","sticky":false,"template":"","format":"standard","meta":{"_monsterinsights_skip_tracking":false,"_monsterinsights_sitenote_active":false,"_monsterinsights_sitenote_note":"","_monsterinsights_sitenote_category":0,"jnews-multi-image_gallery":[],"jnews_single_post":[],"jnews_primary_category":[],"_joinchat":[],"footnotes":""},"categories":[82,78,109,76],"tags":[],"class_list":["post-11705","post","type-post","status-publish","format-standard","has-post-thumbnail","hentry","category-derechos-humanos","category-economia-popular","category-salud","category-salud-comunitaria"],"_links":{"self":[{"href":"http:\/\/fmriachuelo.it10.com.ar\/index.php\/wp-json\/wp\/v2\/posts\/11705","targetHints":{"allow":["GET"]}}],"collection":[{"href":"http:\/\/fmriachuelo.it10.com.ar\/index.php\/wp-json\/wp\/v2\/posts"}],"about":[{"href":"http:\/\/fmriachuelo.it10.com.ar\/index.php\/wp-json\/wp\/v2\/types\/post"}],"author":[{"embeddable":true,"href":"http:\/\/fmriachuelo.it10.com.ar\/index.php\/wp-json\/wp\/v2\/users\/5"}],"replies":[{"embeddable":true,"href":"http:\/\/fmriachuelo.it10.com.ar\/index.php\/wp-json\/wp\/v2\/comments?post=11705"}],"version-history":[{"count":0,"href":"http:\/\/fmriachuelo.it10.com.ar\/index.php\/wp-json\/wp\/v2\/posts\/11705\/revisions"}],"wp:featuredmedia":[{"embeddable":true,"href":"http:\/\/fmriachuelo.it10.com.ar\/index.php\/wp-json\/"}],"wp:attachment":[{"href":"http:\/\/fmriachuelo.it10.com.ar\/index.php\/wp-json\/wp\/v2\/media?parent=11705"}],"wp:term":[{"taxonomy":"category","embeddable":true,"href":"http:\/\/fmriachuelo.it10.com.ar\/index.php\/wp-json\/wp\/v2\/categories?post=11705"},{"taxonomy":"post_tag","embeddable":true,"href":"http:\/\/fmriachuelo.it10.com.ar\/index.php\/wp-json\/wp\/v2\/tags?post=11705"}],"curies":[{"name":"wp","href":"https:\/\/api.w.org\/{rel}","templated":true}]}}