{"id":11677,"date":"2020-03-23T19:07:02","date_gmt":"2020-03-23T19:07:02","guid":{"rendered":"http:\/\/fmriachuelo.com.ar\/?p=11677"},"modified":"2020-03-23T19:07:02","modified_gmt":"2020-03-23T19:07:02","slug":"homenaje-a-martin-oso-cisneros-en-un-nuevo-aniversario-de-su-cumpleanos","status":"publish","type":"post","link":"http:\/\/fmriachuelo.it10.com.ar\/index.php\/2020\/03\/23\/homenaje-a-martin-oso-cisneros-en-un-nuevo-aniversario-de-su-cumpleanos\/","title":{"rendered":"22 de MARZO: HOMENAJE RADIAL A MART\u00cdN \u00abOSO\u00bb CISNEROS EN UN NUEVO ANIVERSARIO DE SU CUMPLEA\u00d1OS"},"content":{"rendered":"<p><strong>[FM Riachuelo 23\/03\/2020] Ayer, en el aniversario n\u00famero 60 del nacimiento de nuestro compa\u00f1ero Mart\u00edn\u00a0\u00abOso\u00bb Cisneros, lo homenajeamos realizando el programa especial \u00abCOMPA\u00d1ERO OSO\u00bb. Lo recordamos vivo en su lucha, su acci\u00f3n militante comprometida y sus palabras:\u00a0<em>\u00abnosotros somos los constructores y protagonistas de nuestro destino\u00bb.<\/em>\u00a0En\u00a0la voz de sus compa\u00f1erxs, vecinxs, organizaciones populares y entrevistas especiales compartimos y multiplicamos sus recuerdos, sus valores y su compromiso con la lucha popular sin perder de vista el actual contexto de crisis global. Aportaron su mirada y sus reflexiones, entre otrxs, Teresa Parodi, Luis D&#8217;el\u00eda, Esteban \u00abGringo\u00bb Castro, Mario Wainfeld y Lito Borello.<\/strong><\/p>\n<p>En un recorrido de seis horas de aire radial, en tiempos de necesario aislamiento social, <strong>la FM Riachuelo reuni\u00f3 las voces<\/strong> de quienes lo conocieron y quienes lo toman como bandera a\u00fan sin haberlo conocido. As\u00ed, entre los incontables y afectuosos mensajes de texto y de audio, pasaron\u00a0las voces de Celia Albarrac\u00edn del \u00abComedor Los Hermanos\u00bb de Concordia, Entre\u00a0 R\u00edos, y Luciano Avarez, Chani y Ariel de \u00abCasa Popular El Fog\u00f3n \u00bb de Avellaneda. Desde La Paz, Entre R\u00edos, llegaron las voces de Juan Carlos \u00abNegro\u00bb S\u00e1nchez del Frente Barrial Pocho Lepratti y Marina del emprendimiento de panificaci\u00f3n \u00abOso Cisneros \u00ab. Tambi\u00e9n la de Valeria Gracia y las compa\u00f1eras de la organizaci\u00f3n \u00abComunidad Pacheco\u00bb del Partido de Tigre. Adem\u00e1s, enviaron su mensaje de afecto compa\u00f1erxs de la Secretaria de Extensi\u00f3n de la UNDAV, Radio \u00abHuellas\u00bb de Pto. Iguaz\u00fa, Misiones, Marta de la CCC de Barracas, Mario Gonz\u00e1lez de Los Pibes\u00a0 y\u00a0 entra\u00f1ables compa\u00f1erxs de organizaciones del barrio de La Boca como Cecilia P\u00e9rsico del Centro Comunitario \u00abCopitos\u00bb, Diego Burgaglia del Taller de serigraf\u00eda \u00abLa\u00a0 Panader\u00eda\u00bb, Marta Sanagua\u00a0 del \u00abPaseo de la Econom\u00eda Popular Mart\u00edn Oso Cisneros\u00bb, la \u00abNegra\u00bb de la Casa Popular \u00abEl Patio\u00bb, Roxana Cainzos del Merendero \u00abMadres en Lucha\u00bb, Yoni del Frente Popular Dar\u00edo Santill\u00e1n La Boca, Alejandro Lucero del CAAC Los Pibes y compa\u00f1erxs de\u00a0 la \u00abCooperativa de Vivienda de Los Pibes\u00bb.<\/p>\n<p>Adem\u00e1s, dialogamos especialmente con <strong>Lito Borello, <\/strong>Secretario de DD HH de la UTEP, referente de la Organizaci\u00f3n Los Pibes, amigo y compa\u00f1ero de militancia del Oso; con <strong>Esteban \u00abel Gringo\u00bb Castro<\/strong>, Secretario General de la UTEP; con <strong>Teresa Parodi<\/strong>, referente de la Cultura Popular, <strong>Mario Wainfeld<\/strong>, reconocido periodista, <strong>Carina Maloberti<\/strong>, Secretaria Gremial de ATE SENASA y <strong>Luis D&#8217; Elia<\/strong> en comunicaci\u00f3n telef\u00f3nica desde la c\u00e1rcel de Ezeiza donde se halla<strong>\u00a0injustamente preso por luchar<\/strong> a causa de la exigencia de justicia en la comisar\u00eda 24 de La Boca, cuando un sicario al servicio de esa polic\u00eda asesinara al Oso en junio del 2004.<\/p>\n<p><em><strong>\u201cEl Oso, sin dudas, estar\u00eda hoy en la primer l\u00ednea de combate, en cada lugar en cada territorio y en cada casa multiplicado, como estamos hoy, repartidos pero enteros\u201d\u00a0<\/strong><\/em>dijo Borello muy emocionado, al tiempo que\u00a0D\u2019el\u00eda se refiri\u00f3 al Oso diciendo <strong><em>\u201cen estos tiempos dif\u00edciles en que hay que unir al pueblo, Mart\u00edn est\u00e1 presente en el coraz\u00f3n de todos nosotros\u201d. <\/em><\/strong><\/p>\n<p>El\u00a0\u00abGringo\u00bb Castro expres\u00f3 que <b>\u201ci<\/b><em><b>ndudablemente Mart\u00edn\u00a0estar\u00eda hoy con nosotros tratando de comprender este proceso con una mirada hacia el futuro, tratando de construir las condiciones para ayudar al pueblo\u201d <\/b><\/em>y<b><\/b><em><b>\u00a0<\/b><\/em>Carina Maloberti sentenci\u00f3: \u00ab<strong><em>Esta trinchera de resistencia, de tender puentes y forjar la unidad de las y los que luchamos es el ejemplo del Oso. C\u00f3mo recuperar su lucha en la defensa del pueblo trabajador y humilde.\u00a0 Justamente, recordarlo en este mes de la Memoria como lo que era: un luchador popular, un combatiente que siempre puso el pecho\u201d.<\/em><\/strong><\/p>\n<p>Muy emotivo fue escuchar las palabras de Teresa Parodi, gran referente de la cultura popular argentina que puso su voz a la canci\u00f3n \u00ab<em>Como quer\u00eda el Oso<\/em>\u00bb de Hugo Fern\u00e1ndez Panconi y Sergio Lobo, cuando expres\u00f3:\u00a0<strong><em>\u201cTe das cuenta qu\u00e9 vivo est\u00e1 Mart\u00edn que hoy est\u00e1 en esos compa\u00f1eros que contin\u00faan su lucha, en la conciencia del colectivo? El Oso sigue siendo un espejo donde mirar, un compa\u00f1ero cercano porque est\u00e1 vivo en nosotros, en su pueblo, por eso el Oso no ha muerto\u201d<\/em><\/strong><\/p>\n<p>Por su parte, Mario Wainfeld lo rememor\u00f3 diciendo:\u00a0<strong><em>\u201cAl Oso lo recordamos porque es un m\u00e1rtir del campo popular, pero en su canci\u00f3n escuchamos c\u00f3mo la belleza acompa\u00f1a la vida y eso tambi\u00e9n es el Oso, la solidaridad, la lucha, el amor\u201d.<\/em><\/strong><\/p>\n<p>De este modo, en d\u00edas de pandemias, elegimos celebrar la alegr\u00eda y la vida de Mart\u00edn en un nuevo aniversario de su cumplea\u00f1os:<strong>\u00a0\u00abEl Oso Vive en la lucha Popular!!!<\/strong><\/p>\n<p><strong><span style=\"color: #ff0000\">ESCUCH\u00c1 AQU\u00cd ALGUNAS DE LAS ENTREVISTAS:<\/span><\/strong><br \/>\n<iframe loading=\"lazy\" title=\"22-03-2020 - HOMENAJE A MART\u00cdN OSO CISNEROS by FMR\" width=\"500\" height=\"450\" scrolling=\"no\" frameborder=\"no\" src=\"https:\/\/w.soundcloud.com\/player\/?visual=true&#038;url=https%3A%2F%2Fapi.soundcloud.com%2Fplaylists%2F1017367369&#038;show_artwork=true&#038;maxheight=750&#038;maxwidth=500\"><\/iframe><\/p>\n","protected":false},"excerpt":{"rendered":"<p>[FM Riachuelo 23\/03\/2020] Ayer, en el aniversario n\u00famero 60 del nacimiento de nuestro compa\u00f1ero Mart\u00edn\u00a0\u00abOso\u00bb Cisneros, lo homenajeamos realizando el programa especial \u00abCOMPA\u00d1ERO OSO\u00bb. Lo recordamos vivo en su lucha, su acci\u00f3n militante comprometida y sus palabras:\u00a0\u00abnosotros somos los constructores y protagonistas de nuestro destino\u00bb.\u00a0En\u00a0la voz de sus compa\u00f1erxs, vecinxs, organizaciones populares y entrevistas especiales [&hellip;]<\/p>\n","protected":false},"author":5,"featured_media":11678,"comment_status":"closed","ping_status":"closed","sticky":false,"template":"","format":"standard","meta":{"_monsterinsights_skip_tracking":false,"_monsterinsights_sitenote_active":false,"_monsterinsights_sitenote_note":"","_monsterinsights_sitenote_category":0,"jnews-multi-image_gallery":[],"jnews_single_post":[],"jnews_primary_category":[],"_joinchat":[],"footnotes":""},"categories":[78,80,76],"tags":[],"class_list":["post-11677","post","type-post","status-publish","format-standard","has-post-thumbnail","hentry","category-economia-popular","category-educacion","category-salud-comunitaria"],"_links":{"self":[{"href":"http:\/\/fmriachuelo.it10.com.ar\/index.php\/wp-json\/wp\/v2\/posts\/11677","targetHints":{"allow":["GET"]}}],"collection":[{"href":"http:\/\/fmriachuelo.it10.com.ar\/index.php\/wp-json\/wp\/v2\/posts"}],"about":[{"href":"http:\/\/fmriachuelo.it10.com.ar\/index.php\/wp-json\/wp\/v2\/types\/post"}],"author":[{"embeddable":true,"href":"http:\/\/fmriachuelo.it10.com.ar\/index.php\/wp-json\/wp\/v2\/users\/5"}],"replies":[{"embeddable":true,"href":"http:\/\/fmriachuelo.it10.com.ar\/index.php\/wp-json\/wp\/v2\/comments?post=11677"}],"version-history":[{"count":0,"href":"http:\/\/fmriachuelo.it10.com.ar\/index.php\/wp-json\/wp\/v2\/posts\/11677\/revisions"}],"wp:featuredmedia":[{"embeddable":true,"href":"http:\/\/fmriachuelo.it10.com.ar\/index.php\/wp-json\/"}],"wp:attachment":[{"href":"http:\/\/fmriachuelo.it10.com.ar\/index.php\/wp-json\/wp\/v2\/media?parent=11677"}],"wp:term":[{"taxonomy":"category","embeddable":true,"href":"http:\/\/fmriachuelo.it10.com.ar\/index.php\/wp-json\/wp\/v2\/categories?post=11677"},{"taxonomy":"post_tag","embeddable":true,"href":"http:\/\/fmriachuelo.it10.com.ar\/index.php\/wp-json\/wp\/v2\/tags?post=11677"}],"curies":[{"name":"wp","href":"https:\/\/api.w.org\/{rel}","templated":true}]}}