{"id":11649,"date":"2020-03-18T00:02:38","date_gmt":"2020-03-18T00:02:38","guid":{"rendered":"http:\/\/fmriachuelo.com.ar\/?p=11649"},"modified":"2020-03-18T00:02:38","modified_gmt":"2020-03-18T00:02:38","slug":"el-saber-de-las-organizaciones-sociales-para-cuidar-nuestra-salud","status":"publish","type":"post","link":"http:\/\/fmriachuelo.it10.com.ar\/index.php\/2020\/03\/18\/el-saber-de-las-organizaciones-sociales-para-cuidar-nuestra-salud\/","title":{"rendered":"EL SABER DE LAS ORGANIZACIONES SOCIALES PARA CUIDAR NUESTRA SALUD"},"content":{"rendered":"<p><strong>[FM Riachuelo, 17\/03\/2020] En el marco de las medidas de contenci\u00f3n del virus Covid-19 adoptadas por el gobierno nacional, las organizaciones sociales nucleadas en la Uni\u00f3n de Trabajadores de la Econom\u00eda Popular, en la voz de su Secretario General Gringo Castro, se\u00f1alaron su capacidad de aportar esfuerzos en esta situaci\u00f3n desde la solidaridad y la organizaci\u00f3n popular que sostienen en sus comunidades.<\/strong><\/p>\n<p>Para conocer el despliegue de estas acciones y actitudes solidarias en los barrios, FM Riachuelo convers\u00f3 con algunas de estas experiencias.\u00a0 Valeria Gracia de Comunidad Pacheco en la zona Norte del Gran Buenos Aires coment\u00f3:<strong> <em>\u201cVamos a estar el pr\u00f3ximo jueves haciendo una campa\u00f1a junto al centro de salud de Las Tunas,\u00a0 para informar y capacitarnos sobre el dengue y tambi\u00e9n para transmitir a los vecines\u00a0 las medidas de prevenci\u00f3n sobre el Coronavirus\u201d<\/em><\/strong><\/p>\n<p>Lo alimentario, en el contexto sanitario actual que se combina con una dif\u00edcil situaci\u00f3n econ\u00f3mica, tambi\u00e9n est\u00e1 en la agenda de los movimientos sociales. Ver\u00f3nica del Comedor Juntos y Unidos cont\u00f3 a nuestros oyentes <em>:<\/em><strong><em>\u201dEstamos con las medidas preventivas como dijo el Gobierno,\u00a0 pero no obstante no dejamos de dar soluciones a nuestro barrio, dando alimentos desde el comedor,\u00a0 porque estamos siempre en pie ayudando a la comunidad sobre todo a los que m\u00e1s necesitan en esta crisis\u201d<\/em><\/strong><\/p>\n<p><strong>Igual que tantos otros de los problemas que se sufren en los barrios, el de la salud no deja de ser un tema a resolver colectivamente. Como dijo Lito Borello, Secretario de Derechos Humanos de la UTEP en estos d\u00edas: <em>\u00abEs\u00a0indispensable que no nos gane la cultura del miedo sino muy por el contrario la de la fraternidad y la solidaridad. Siempre los humildes y los trabajadores somos los primeros en poner el hombro. Espero que los que m\u00e1s tienen tambi\u00e9n est\u00e9n a la altura de esta situaci\u00f3n\u00bb.<\/em><\/strong><\/p>\n<p><span style=\"color: #ff6600\">Escuch\u00e1 las entrevistas<\/span><\/p>\n<p><a href=\"https:\/\/soundcloud.com\/prensa-fm-riachuelo\/sets\/las-organizaciones-sociales-solidarias-con-la-prevencion-de-la-salud\">https:\/\/soundcloud.com\/prensa-fm-riachuelo\/sets\/las-organizaciones-sociales-solidarias-con-la-prevencion-de-la-salud<\/a><\/p>\n","protected":false},"excerpt":{"rendered":"<p>[FM Riachuelo, 17\/03\/2020] En el marco de las medidas de contenci\u00f3n del virus Covid-19 adoptadas por el gobierno nacional, las organizaciones sociales nucleadas en la Uni\u00f3n de Trabajadores de la Econom\u00eda Popular, en la voz de su Secretario General Gringo Castro, se\u00f1alaron su capacidad de aportar esfuerzos en esta situaci\u00f3n desde la solidaridad y la [&hellip;]<\/p>\n","protected":false},"author":5,"featured_media":11650,"comment_status":"closed","ping_status":"closed","sticky":false,"template":"","format":"standard","meta":{"_monsterinsights_skip_tracking":false,"_monsterinsights_sitenote_active":false,"_monsterinsights_sitenote_note":"","_monsterinsights_sitenote_category":0,"jnews-multi-image_gallery":[],"jnews_single_post":[],"jnews_primary_category":[],"_joinchat":[],"footnotes":""},"categories":[109,76],"tags":[],"class_list":["post-11649","post","type-post","status-publish","format-standard","has-post-thumbnail","hentry","category-salud","category-salud-comunitaria"],"_links":{"self":[{"href":"http:\/\/fmriachuelo.it10.com.ar\/index.php\/wp-json\/wp\/v2\/posts\/11649","targetHints":{"allow":["GET"]}}],"collection":[{"href":"http:\/\/fmriachuelo.it10.com.ar\/index.php\/wp-json\/wp\/v2\/posts"}],"about":[{"href":"http:\/\/fmriachuelo.it10.com.ar\/index.php\/wp-json\/wp\/v2\/types\/post"}],"author":[{"embeddable":true,"href":"http:\/\/fmriachuelo.it10.com.ar\/index.php\/wp-json\/wp\/v2\/users\/5"}],"replies":[{"embeddable":true,"href":"http:\/\/fmriachuelo.it10.com.ar\/index.php\/wp-json\/wp\/v2\/comments?post=11649"}],"version-history":[{"count":0,"href":"http:\/\/fmriachuelo.it10.com.ar\/index.php\/wp-json\/wp\/v2\/posts\/11649\/revisions"}],"wp:featuredmedia":[{"embeddable":true,"href":"http:\/\/fmriachuelo.it10.com.ar\/index.php\/wp-json\/"}],"wp:attachment":[{"href":"http:\/\/fmriachuelo.it10.com.ar\/index.php\/wp-json\/wp\/v2\/media?parent=11649"}],"wp:term":[{"taxonomy":"category","embeddable":true,"href":"http:\/\/fmriachuelo.it10.com.ar\/index.php\/wp-json\/wp\/v2\/categories?post=11649"},{"taxonomy":"post_tag","embeddable":true,"href":"http:\/\/fmriachuelo.it10.com.ar\/index.php\/wp-json\/wp\/v2\/tags?post=11649"}],"curies":[{"name":"wp","href":"https:\/\/api.w.org\/{rel}","templated":true}]}}