{"id":1164,"date":"2014-07-16T04:47:00","date_gmt":"2014-07-16T04:47:00","guid":{"rendered":"http:\/\/fmriachuelo.observatorioess.org.ar\/index.php\/2014\/07\/16\/conferencia-de-prensa-en-la-embajada-de-palestina\/"},"modified":"2025-02-21T15:22:56","modified_gmt":"2025-02-21T18:22:56","slug":"conferencia-de-prensa-en-la-embajada-de-palestina","status":"publish","type":"post","link":"http:\/\/fmriachuelo.it10.com.ar\/index.php\/2014\/07\/16\/conferencia-de-prensa-en-la-embajada-de-palestina\/","title":{"rendered":"CONFERENCIA DE PRENSA EN LA EMBAJADA DE PALESTINA"},"content":{"rendered":"<p><span style=\"font-family: Verdana,sans-serif;font-size: large\"><b><span style=\"color: red\">SOLIDARIDAD DE PUEBLO A PUEBLO: <\/span><\/b><\/span><\/p>\n<div><span style=\"font-family: Verdana,sans-serif;font-size: large\"><b><span style=\"color: red\">ORGANIZACIONES SOCIALES POL\u00cdTICAS Y CULTURALES SE MOVILIZAN EN BUENOS AIRES CONTRA LA MASACRE EN GAZA<\/span><\/b><\/span><\/div>\n<div><\/div>\n<div>\n<div style=\"clear: both;text-align: center\"><a href=\"http:\/\/1.bp.blogspot.com\/-jHwaRxw3mV0\/U8YH_T3EWKI\/AAAAAAAAAoU\/b1pTdoVJJ1M\/s1600\/IMG-20140715-WA0000.jpg\" style=\"clear: left;float: left;margin-bottom: 1em;margin-right: 1em\"><img loading=\"lazy\" decoding=\"async\" border=\"0\" src=\"http:\/\/1.bp.blogspot.com\/-jHwaRxw3mV0\/U8YH_T3EWKI\/AAAAAAAAAoU\/b1pTdoVJJ1M\/s1600\/IMG-20140715-WA0000.jpg\" height=\"320\" width=\"248\" \/><\/a><\/div>\n<p><span style=\"font-family: Verdana,sans-serif;font-size: small\"><b>[FMR Mi\u00e9rcoles 16\/07\/14] Ayer por la ma\u00f1ana en la Federaci\u00f3n de Entidades Argentino Palestinas, ubicada en el primer piso de la embajada de la Autoridad Nacional Palestina, tuvo lugar una conferencia de prensa en donde una importante cantidad de asistentes de distintas organizaciones sociales, culturales y pol\u00edticas de diverso signo de todo el arco pol\u00edtico se pronunciaron respaldando el reclamo del cese de la agresi\u00f3n continuada que sufre este pueblo ocupado por el Estado Israel\u00ed.<\/b><\/span><\/div>\n<div><span style=\"font-size: small\"><br \/><\/span><\/div>\n<div><span style=\"font-family: Verdana,sans-serif;font-size: small\">En el marco de esta presentaci\u00f3n se conform\u00f3 el C<b>omit\u00e9 de Solidaridad con el Pueblo Palestino<\/b> que convoc\u00f3 a una marcha para manifestarse en contra de la masacre para <b>hoy<\/b><b>mi\u00e9rcoles 16 de julio, que partir\u00e1 a las 16 hs desde la intersecci\u00f3n de la Avenida de Mayo y la Avenida 9 de julio.<\/b><\/span><\/div>\n<div><span style=\"font-family: Verdana,sans-serif;font-size: small\"><br \/><\/span><\/div>\n<div><span style=\"font-family: Verdana,sans-serif;font-size: small\"><b>FM Riachuelo<\/b> estuvo presente y recogi\u00f3 los testimonios que a continuaci\u00f3n ofrecemos.<\/span><\/div>\n<div><\/div>\n<div><span style=\"color: #0b5394\"><a href=\"http:\/\/www.divshare.com\/download\/25824984-288\" target=\"_blank\" rel=\"noopener\"><span style=\"font-family: Verdana,sans-serif\"><b><span>Walid Muaqqat &#8211; <\/span><\/b><b><span lang=\"ES-TRAD\">Embajador de Palestina<\/span><\/b><\/span><\/a><\/span><\/div>\n<p><span style=\"color: #0b5394\"><span style=\"font-family: Verdana,sans-serif\"><b><span lang=\"ES-TRAD\"><a href=\"http:\/\/www.divshare.com\/download\/25824983-8dd\" target=\"_blank\" rel=\"noopener\">Comit\u00e9 argentino de solidaridad con el pueblo palestino <\/a><\/span><\/b><\/span><\/span><\/p>\n<div><span style=\"color: #0b5394\"><a href=\"http:\/\/www.divshare.com\/download\/25824989-bb6\" target=\"_blank\" rel=\"noopener\"><span style=\"font-family: Verdana,sans-serif\"><b><span lang=\"ES-TRAD\">Tilda RaBI &#8211; Presidenta de la FEDERACI\u00d3N de Entidades <\/span><\/b><\/span><\/a><a href=\"http:\/\/www.divshare.com\/download\/25824989-bb6\" target=\"_blank\" rel=\"noopener\"><span style=\"font-family: Verdana,sans-serif\"><b><span lang=\"ES-TRAD\">ArgentinO <\/span><\/b><\/span><\/a><a href=\"http:\/\/www.divshare.com\/download\/25824989-bb6\" target=\"_blank\" rel=\"noopener\"><span style=\"font-family: Verdana,sans-serif\"><b><span lang=\"ES-TRAD\">Palestinas <\/span><\/b><\/span><\/a><\/span><\/div>\n<div><span style=\"color: #0b5394\"><a href=\"http:\/\/www.divshare.com\/download\/25824990-a37\" target=\"_blank\" rel=\"noopener\"><span style=\"font-family: Verdana,sans-serif\"><b><span lang=\"ES-TRAD\">Norman Briski <\/span><\/b><\/span><\/a><\/span><\/div>\n<div><span style=\"color: #0b5394\"><a href=\"http:\/\/www.divshare.com\/download\/25824982-c36\" target=\"_blank\" rel=\"noopener\"><span style=\"font-family: Verdana,sans-serif\"><b><span lang=\"ES-TRAD\">Carlos Azn\u00e1res &#8211; resumen latinoamericano<\/span><\/b><\/span><\/a><\/span><\/div>\n","protected":false},"excerpt":{"rendered":"<p>SOLIDARIDAD DE PUEBLO A PUEBLO: ORGANIZACIONES SOCIALES POL\u00cdTICAS Y CULTURALES SE MOVILIZAN EN BUENOS AIRES CONTRA LA MASACRE EN GAZA [FMR Mi\u00e9rcoles 16\/07\/14] Ayer por la ma\u00f1ana en la Federaci\u00f3n de Entidades Argentino Palestinas, ubicada en el primer piso de la embajada de la Autoridad Nacional Palestina, tuvo lugar una conferencia de prensa en donde [&hellip;]<\/p>\n","protected":false},"author":4,"featured_media":0,"comment_status":"open","ping_status":"open","sticky":false,"template":"","format":"standard","meta":{"_monsterinsights_skip_tracking":false,"_monsterinsights_sitenote_active":false,"_monsterinsights_sitenote_note":"","_monsterinsights_sitenote_category":0,"jnews-multi-image_gallery":[],"jnews_single_post":{"format":"standard"},"jnews_primary_category":[],"_joinchat":[],"footnotes":""},"categories":[58],"tags":[119],"class_list":["post-1164","post","type-post","status-publish","format-standard","hentry","category-noticiariachuelo","tag-derechos-humanos"],"_links":{"self":[{"href":"http:\/\/fmriachuelo.it10.com.ar\/index.php\/wp-json\/wp\/v2\/posts\/1164","targetHints":{"allow":["GET"]}}],"collection":[{"href":"http:\/\/fmriachuelo.it10.com.ar\/index.php\/wp-json\/wp\/v2\/posts"}],"about":[{"href":"http:\/\/fmriachuelo.it10.com.ar\/index.php\/wp-json\/wp\/v2\/types\/post"}],"author":[{"embeddable":true,"href":"http:\/\/fmriachuelo.it10.com.ar\/index.php\/wp-json\/wp\/v2\/users\/4"}],"replies":[{"embeddable":true,"href":"http:\/\/fmriachuelo.it10.com.ar\/index.php\/wp-json\/wp\/v2\/comments?post=1164"}],"version-history":[{"count":1,"href":"http:\/\/fmriachuelo.it10.com.ar\/index.php\/wp-json\/wp\/v2\/posts\/1164\/revisions"}],"predecessor-version":[{"id":21689,"href":"http:\/\/fmriachuelo.it10.com.ar\/index.php\/wp-json\/wp\/v2\/posts\/1164\/revisions\/21689"}],"wp:attachment":[{"href":"http:\/\/fmriachuelo.it10.com.ar\/index.php\/wp-json\/wp\/v2\/media?parent=1164"}],"wp:term":[{"taxonomy":"category","embeddable":true,"href":"http:\/\/fmriachuelo.it10.com.ar\/index.php\/wp-json\/wp\/v2\/categories?post=1164"},{"taxonomy":"post_tag","embeddable":true,"href":"http:\/\/fmriachuelo.it10.com.ar\/index.php\/wp-json\/wp\/v2\/tags?post=1164"}],"curies":[{"name":"wp","href":"https:\/\/api.w.org\/{rel}","templated":true}]}}