{"id":1163,"date":"2014-07-23T22:51:00","date_gmt":"2014-07-23T22:51:00","guid":{"rendered":"http:\/\/fmriachuelo.observatorioess.org.ar\/index.php\/2014\/07\/23\/los-trabajadores-de-la-economia-popular-reclaman-mesa-paritaria-permanente-al-gobierno-de-la-provincia-de-buenos-aires\/"},"modified":"2025-02-21T15:24:32","modified_gmt":"2025-02-21T18:24:32","slug":"los-trabajadores-de-la-economia-popular-reclaman-mesa-paritaria-permanente-al-gobierno-de-la-provincia-de-buenos-aires","status":"publish","type":"post","link":"http:\/\/fmriachuelo.it10.com.ar\/index.php\/2014\/07\/23\/los-trabajadores-de-la-economia-popular-reclaman-mesa-paritaria-permanente-al-gobierno-de-la-provincia-de-buenos-aires\/","title":{"rendered":"LOS TRABAJADORES DE LA ECONOM\u00cdA POPULAR RECLAMAN MESA PARITARIA PERMANENTE AL GOBIERNO DE LA PROVINCIA DE BUENOS AIRES"},"content":{"rendered":"<div style=\"text-align: left\"><b><span style=\"color: red;font-family: Verdana,sans-serif;font-size: 22pt;line-height: 115%\">LAS MARCHAS DE LA ECONOM\u00cdA POPULAR<\/span><\/b><\/div>\n<div style=\"text-align: left\"><span style=\"font-family: Verdana,sans-serif\"><span style=\"font-size: small\"><b style=\"line-height: 115%\">[FMR Mi\u00e9rcoles 23\/07\/14] La Confederaci\u00f3n de Trabajadores de la Econom\u00eda Popular (CTEP) se moviliza esta ma\u00f1ana para reclamar por mejoras para los trabajadores de cooperativas y emprendimientos productivos populares nucleadas en esta Confederaci\u00f3n. Una columna se dirige a la Gobernaci\u00f3n Bonaerense, ubicada en calle 6 y 51, en La Plata mientras que otro nutrido grupo de manifestantes comienzan a reunirse en el Peaje Hudson, kil\u00f3metro 30,1 de la autopista Buenos Aires-La Plata. Si el Gobierno de la Provincia no los recibe cortar\u00e1n la autopista.<\/b><\/span><\/span><\/div>\n<div style=\"text-align: left\"><span style=\"font-family: Verdana,sans-serif\"><span style=\"font-size: small;line-height: 115%\"><span style=\"line-height: 115%\">Ambas marchas est\u00e1n encabezada por trabajadores que integran la CTEP en respaldo del pliego de reclamos elaborado por las distintas delegaciones y ramas organizadas gremialmente, que apunta a fortalecer las distintas formas de organizaci\u00f3n productiva popular como cooperativas sociales, f\u00e1bricas recuperadas, trabajadores cartoneros, n\u00facleos de agricultura familiar, artesanos, costureros y vendedores ambulantes; adem\u00e1s de la creaci\u00f3n de programas de capacitaci\u00f3n en artes y oficios para los j\u00f3venes de los barrios excluidos.<\/span><\/span><\/span><\/div>\n<div style=\"text-align: left\"><span style=\"font-family: Verdana,sans-serif\"><span style=\"font-size: small;line-height: 115%\"><\/span><\/span><\/div>\n<div style=\"text-align: left\"><span style=\"font-family: Verdana,sans-serif\"><span style=\"font-size: small;line-height: 14.94px\"><span style=\"line-height: 115%\">En el pliego de reclamos se encuentra:<\/span><\/span><\/span><\/div>\n<div style=\"text-align: left\">\n<ul>\n<li><span style=\"font-family: Verdana,sans-serif\"><span style=\"font-size: small;line-height: 115%;text-align: center\">la inmediata implementaci\u00f3n de la Ley de Acceso Justo al H\u00e1bitat para la provisi\u00f3n de lotes con servicio para nuestros compa\u00f1eros sin techo;<span style=\"line-height: 115%\">&nbsp;<\/span><\/span><\/span><\/li>\n<li><span style=\"font-family: Verdana,sans-serif\"><span style=\"font-size: small;line-height: 115%;text-align: center\"><span style=\"line-height: 115%\">la integraci\u00f3n urbana de las villas y asentamientos bonaerenses donde vivimos precariamente en la m\u00e1s absoluta exclusi\u00f3n;<\/span><\/span><\/span><\/li>\n<li><span style=\"font-family: Verdana,sans-serif\"><span style=\"font-size: small;line-height: 115%;text-align: center\"><span style=\"line-height: 115%\">la<span style=\"font-size: small\"> <\/span>democratizaci\u00f3n de las mesas de urbanizaci\u00f3n mediante elecciones limpias de autoridades tal como establece la ley;<\/span><\/span><span style=\"font-size: small;line-height: 115%\">&nbsp;<\/span><\/span><\/li>\n<li><span style=\"font-family: Verdana,sans-serif\"><span style=\"font-size: small;line-height: 115%\">provisi\u00f3n de materiales, ropa de trabajo y herramientas para las cooperativas;<\/span><\/span><\/li>\n<li><span style=\"font-family: Verdana,sans-serif\"><span style=\"font-size: small;line-height: 115%\">regularizaci\u00f3n de la situaci\u00f3n de las f\u00e1bricas recuperadas oportunamente;<\/span><\/span><\/li>\n<li><span style=\"font-family: Verdana,sans-serif\"><span style=\"font-size: small;line-height: 115%\">expropiadas entregando la propiedad a las cooperativas de trabajo auto gestionados sin estafas como en el caso Waserman;<\/span><\/span><\/li>\n<li><span style=\"font-family: Verdana,sans-serif\"><span style=\"font-size: small;line-height: 115%\">sanci\u00f3n inmediata del Proyecto de Ley de Gesti\u00f3n Social para la Recolecci\u00f3n Diferenciada para la integraci\u00f3n de los trabajadores cartoneros;<\/span><\/span><\/li>\n<li><span style=\"font-family: Verdana,sans-serif\"><span style=\"font-size: small;line-height: 115%\">el cese de las persecuciones a los carreros y la creaci\u00f3n de programas de inclusi\u00f3n para los compa\u00f1eros sometidos a condiciones inhumanas de labor en los basurales a cielo abierto y rellenos sanitarios;<\/span><\/span><\/li>\n<li><span style=\"font-family: Verdana,sans-serif\"><span style=\"font-size: small;line-height: 115%\">la entrega de tierra y herramientas de trabajo para los campesinos;<\/span><\/span><\/li>\n<li><span style=\"font-family: Verdana,sans-serif\"><span style=\"font-size: small;line-height: 115%\">la creaci\u00f3n de Polos Textiles y Mercados Populares para luchar contra el trabajo esclavo en la industria de la indumentaria;<\/span><span style=\"font-size: small;line-height: 115%\">&nbsp;<\/span><\/span><\/li>\n<li><span style=\"font-family: Verdana,sans-serif\"><span style=\"font-size: small;line-height: 115%\">inmediata apertura de escuelas de artes y oficios para contener a nuestros pibes;<\/span><\/span><\/li>\n<li><span style=\"font-family: Verdana,sans-serif\"><span style=\"font-size: small;line-height: 115%\">r<\/span><span style=\"font-size: small;line-height: 115%\">eclamo por los retrasos en el pago de las becas en las distintas guarder\u00edas infantiles de la provincia donde concurren nuestros hijos.<\/span><span style=\"font-size: small\"><b>&nbsp;<\/b><\/span><\/span><\/li>\n<\/ul>\n<p><span style=\"font-family: Verdana,sans-serif\"><span style=\"font-size: small\"><b>FM Riachuelo<\/b> se encuentra en la autopista cubriendo la movilizaci\u00f3n y les acerca los siguientes testimonios.<\/span><\/span><\/div>\n<div style=\"text-align: left\"><span style=\"color: #0b5394\"><span style=\"font-family: Verdana,sans-serif\"><b><a href=\"http:\/\/www.divshare.com\/download\/25859488-e6b\" target=\"_parent\" rel=\"noopener\">MILKA &#8211; CTEP TIGRE<\/a><\/b><\/span><\/span><\/div>\n<div style=\"text-align: left\"><span style=\"color: #0b5394\"><span style=\"font-family: Verdana,sans-serif\"><b><a href=\"http:\/\/www.divshare.com\/download\/25859489-5db\" target=\"_parent\" rel=\"noopener\">CRISTOBAL &#8211; FPDARIO SANTILL\u00c1N<\/a><\/b><\/span><\/span><\/div>\n<div style=\"text-align: center\"><\/div>\n","protected":false},"excerpt":{"rendered":"<p>LAS MARCHAS DE LA ECONOM\u00cdA POPULAR [FMR Mi\u00e9rcoles 23\/07\/14] La Confederaci\u00f3n de Trabajadores de la Econom\u00eda Popular (CTEP) se moviliza esta ma\u00f1ana para reclamar por mejoras para los trabajadores de cooperativas y emprendimientos productivos populares nucleadas en esta Confederaci\u00f3n. Una columna se dirige a la Gobernaci\u00f3n Bonaerense, ubicada en calle 6 y 51, en La [&hellip;]<\/p>\n","protected":false},"author":4,"featured_media":0,"comment_status":"open","ping_status":"open","sticky":false,"template":"","format":"standard","meta":{"_monsterinsights_skip_tracking":false,"_monsterinsights_sitenote_active":false,"_monsterinsights_sitenote_note":"","_monsterinsights_sitenote_category":0,"jnews-multi-image_gallery":[],"jnews_single_post":{"format":"standard"},"jnews_primary_category":[],"_joinchat":[],"footnotes":""},"categories":[58],"tags":[148],"class_list":["post-1163","post","type-post","status-publish","format-standard","hentry","category-noticiariachuelo","tag-trabajo"],"_links":{"self":[{"href":"http:\/\/fmriachuelo.it10.com.ar\/index.php\/wp-json\/wp\/v2\/posts\/1163","targetHints":{"allow":["GET"]}}],"collection":[{"href":"http:\/\/fmriachuelo.it10.com.ar\/index.php\/wp-json\/wp\/v2\/posts"}],"about":[{"href":"http:\/\/fmriachuelo.it10.com.ar\/index.php\/wp-json\/wp\/v2\/types\/post"}],"author":[{"embeddable":true,"href":"http:\/\/fmriachuelo.it10.com.ar\/index.php\/wp-json\/wp\/v2\/users\/4"}],"replies":[{"embeddable":true,"href":"http:\/\/fmriachuelo.it10.com.ar\/index.php\/wp-json\/wp\/v2\/comments?post=1163"}],"version-history":[{"count":1,"href":"http:\/\/fmriachuelo.it10.com.ar\/index.php\/wp-json\/wp\/v2\/posts\/1163\/revisions"}],"predecessor-version":[{"id":21690,"href":"http:\/\/fmriachuelo.it10.com.ar\/index.php\/wp-json\/wp\/v2\/posts\/1163\/revisions\/21690"}],"wp:attachment":[{"href":"http:\/\/fmriachuelo.it10.com.ar\/index.php\/wp-json\/wp\/v2\/media?parent=1163"}],"wp:term":[{"taxonomy":"category","embeddable":true,"href":"http:\/\/fmriachuelo.it10.com.ar\/index.php\/wp-json\/wp\/v2\/categories?post=1163"},{"taxonomy":"post_tag","embeddable":true,"href":"http:\/\/fmriachuelo.it10.com.ar\/index.php\/wp-json\/wp\/v2\/tags?post=1163"}],"curies":[{"name":"wp","href":"https:\/\/api.w.org\/{rel}","templated":true}]}}