{"id":1161,"date":"2014-07-24T12:36:00","date_gmt":"2014-07-24T12:36:00","guid":{"rendered":"http:\/\/fmriachuelo.observatorioess.org.ar\/index.php\/2014\/07\/24\/la-movilizacion-de-la-ctep-logro-mesa-de-dialogo-con-el-gobierno-de-la-provincia-de-buenos-aires\/"},"modified":"2025-02-21T15:26:52","modified_gmt":"2025-02-21T18:26:52","slug":"la-movilizacion-de-la-ctep-logro-mesa-de-dialogo-con-el-gobierno-de-la-provincia-de-buenos-aires","status":"publish","type":"post","link":"http:\/\/fmriachuelo.it10.com.ar\/index.php\/2014\/07\/24\/la-movilizacion-de-la-ctep-logro-mesa-de-dialogo-con-el-gobierno-de-la-provincia-de-buenos-aires\/","title":{"rendered":"LA MOVILIZACI\u00d3N DE LA CTEP LOGR\u00d3 MESA DE DI\u00c1LOGO CON EL GOBIERNO DE LA PROVINCIA DE BUENOS AIRES"},"content":{"rendered":"<div style=\"text-align: left\"><span style=\"font-family: verdana,sans-serif;font-size: x-large\"><span style=\"color: red\"><b>LA&nbsp;RESISTENCIA DEL PUEBLO ORGANIZADO&nbsp;LOGRA CONQUISTAS<\/b><\/span><\/span><span style=\"font-size: x-large\"><b><span style=\"font-family: Verdana\">&nbsp;<\/span><\/b><\/span><\/div>\n<div style=\"text-align: left\"><\/div>\n<div style=\"clear: both;text-align: left\"><a href=\"http:\/\/1.bp.blogspot.com\/-BWVA-QQ90aQ\/U9EMc5aZ4yI\/AAAAAAAAArI\/9FjVihCD-XQ\/s1600\/_DSC3090.JPG\" style=\"clear: left;float: left;margin-bottom: 1em;margin-right: 1em\"><img decoding=\"async\" border=\"0\" src=\"http:\/\/1.bp.blogspot.com\/-BWVA-QQ90aQ\/U9EMc5aZ4yI\/AAAAAAAAArI\/9FjVihCD-XQ\/s1600\/_DSC3090.JPG\" \/><\/a><span style=\"font-family: Verdana,sans-serif;font-size: small\"><b>[FMR Mi\u00e9rcoles 23\/07\/2014-17 hs.]&nbsp; Culmin\u00f3 exitosamente una extensa jornada de movilizaci\u00f3n de los  trabajadores organizados en la Confederaci\u00f3n de  Trabajadores de la Econom\u00eda Popular (CTEP).<\/b><\/span><\/div>\n<div style=\"text-align: left\"><\/div>\n<div style=\"text-align: left\"><a href=\"http:\/\/4.bp.blogspot.com\/-D-IN5krGTjY\/U9EMdF1Q2MI\/AAAAAAAAArM\/HlzHH_8dMxM\/s1600\/_DSC3094.JPG\" style=\"clear: left;float: left;margin-bottom: 1em;margin-right: 1em\"><img loading=\"lazy\" decoding=\"async\" border=\"0\" src=\"http:\/\/4.bp.blogspot.com\/-D-IN5krGTjY\/U9EMdF1Q2MI\/AAAAAAAAArM\/HlzHH_8dMxM\/s1600\/_DSC3094.JPG\" height=\"211\" width=\"320\" \/><\/a><span style=\"font-family: Verdana,sans-serif;font-size: small\"><span style=\"color: black\">Tras   arduas negociaciones, que parec\u00edan haber fracasado, y con la  resistencia  de los trabajadores en el peaje Hudson de la Autopista Buenos Aires-La  Plata, se logr\u00f3 el compromiso de las  autoridades provinciales para iniciar las conversaciones necesarias que  permitan mejorar las condiciones de vivienda, trabajo, educaci\u00f3n para el  desarrollo de una vida digna para los trabajadores y sus familias.<\/span><\/span><\/div>\n<div style=\"text-align: left\"><span style=\"font-family: Verdana,sans-serif;font-size: small\"><span style=\"color: black\"> <\/span><\/span><\/div>\n<div style=\"text-align: left\"><span style=\"font-family: Verdana,sans-serif;font-size: small\"><span style=\"color: black\"><span style=\"color: #cc0000\"><b>FM RIACHUELO<\/b><\/span> estuvo presente durante toda la jornada acercando <span style=\"color: #0b5394\"><span style=\"color: #cc0000\"><b>CHISPAZOS INFORMATIVOS<\/b><\/span><b> <\/b><\/span>por la ma\u00f1ana con la participaci\u00f3n de <span style=\"color: #0b5394\"><b>Milka (1) de la CTEP de Tigre y Cristobal Cervera (2) del Frente Popular Dar\u00edo Santill\u00e1n.<\/b><\/span><\/span><\/span><br \/><span style=\"font-family: Verdana,sans-serif;font-size: small\"><a href=\"http:\/\/1.bp.blogspot.com\/-4YZKxnaGdm0\/U9EMdYXOTAI\/AAAAAAAAArQ\/NtO4Bx7FStA\/s1600\/_DSC3241.JPG\" style=\"clear: left;float: left;margin-bottom: 1em;margin-right: 1em\"><img loading=\"lazy\" decoding=\"async\" border=\"0\" src=\"http:\/\/1.bp.blogspot.com\/-4YZKxnaGdm0\/U9EMdYXOTAI\/AAAAAAAAArQ\/NtO4Bx7FStA\/s1600\/_DSC3241.JPG\" height=\"211\" width=\"320\" \/><\/a><span style=\"color: black\">Luego en el emotivo momento en el que el <\/span><\/span><span style=\"font-family: Verdana,sans-serif;font-size: small\"><span style=\"color: black\"><span style=\"color: #0b5394\"><b><span style=\"font-family: Verdana,sans-serif;font-size: small\"><span style=\"color: black\"><span style=\"color: #0b5394\"><b>Secretario General de la CTEP Esteban Gringo Castro<span style=\"color: black\"><span style=\"font-size: small\"> <\/span><\/span><\/b><\/span><\/span><\/span><\/b><\/span><span style=\"color: #0b5394\"><b>colectivizaba con los compa\u00f1eros (3)<\/b><\/span><\/span><b> <\/b>el resultado de la negociaci\u00f3n.<\/span><br \/><span style=\"font-family: Verdana,sans-serif;font-size: small\">&nbsp;<\/span><\/div>\n<div style=\"text-align: left\"><span style=\"font-family: Verdana,sans-serif;font-size: small\"><a href=\"http:\/\/1.bp.blogspot.com\/-fRRAlj24cS4\/U9EMdU69XSI\/AAAAAAAAArY\/TXPKaHTZA7k\/s1600\/_DSC3252.JPG\" style=\"clear: left;float: left;margin-bottom: 1em;margin-right: 1em\"><img loading=\"lazy\" decoding=\"async\" border=\"0\" src=\"http:\/\/1.bp.blogspot.com\/-fRRAlj24cS4\/U9EMdU69XSI\/AAAAAAAAArY\/TXPKaHTZA7k\/s1600\/_DSC3252.JPG\" height=\"211\" width=\"320\" \/><\/a><span style=\"color: black\">Finalmente, <span style=\"color: #cc0000\"><b>ROMPE EL CERCO (Lunes a Viernes de 17 a 19 hs.)<\/b><\/span> realiz\u00f3 una <span style=\"color: #0b5394\"><b>entrevista con el Gringo Castro<span style=\"font-size: small\"> (<span style=\"font-size: small\">4)<\/span><\/span><\/b><\/span> <\/span>sobre la evoluci\u00f3n del dialogo con los funcionarios.<\/span><\/p>\n<p><span style=\"font-family: Verdana,sans-serif;font-size: small\">A continuaci\u00f3n los te<span style=\"font-size: small\">s<\/span>timonios<span style=\"font-size: small\">.<\/span><\/span><\/p>\n<\/div>\n<div style=\"text-align: left\">&nbsp;<\/div>\n","protected":false},"excerpt":{"rendered":"<p>LA&nbsp;RESISTENCIA DEL PUEBLO ORGANIZADO&nbsp;LOGRA CONQUISTAS&nbsp; [FMR Mi\u00e9rcoles 23\/07\/2014-17 hs.]&nbsp; Culmin\u00f3 exitosamente una extensa jornada de movilizaci\u00f3n de los trabajadores organizados en la Confederaci\u00f3n de Trabajadores de la Econom\u00eda Popular (CTEP). Tras arduas negociaciones, que parec\u00edan haber fracasado, y con la resistencia de los trabajadores en el peaje Hudson de la Autopista Buenos Aires-La Plata, se [&hellip;]<\/p>\n","protected":false},"author":4,"featured_media":0,"comment_status":"open","ping_status":"open","sticky":false,"template":"","format":"standard","meta":{"_monsterinsights_skip_tracking":false,"_monsterinsights_sitenote_active":false,"_monsterinsights_sitenote_note":"","_monsterinsights_sitenote_category":0,"jnews-multi-image_gallery":[],"jnews_single_post":{"format":"standard"},"jnews_primary_category":[],"_joinchat":[],"footnotes":""},"categories":[58],"tags":[103,148],"class_list":["post-1161","post","type-post","status-publish","format-standard","hentry","category-noticiariachuelo","tag-movimientos-populares","tag-trabajo"],"_links":{"self":[{"href":"http:\/\/fmriachuelo.it10.com.ar\/index.php\/wp-json\/wp\/v2\/posts\/1161","targetHints":{"allow":["GET"]}}],"collection":[{"href":"http:\/\/fmriachuelo.it10.com.ar\/index.php\/wp-json\/wp\/v2\/posts"}],"about":[{"href":"http:\/\/fmriachuelo.it10.com.ar\/index.php\/wp-json\/wp\/v2\/types\/post"}],"author":[{"embeddable":true,"href":"http:\/\/fmriachuelo.it10.com.ar\/index.php\/wp-json\/wp\/v2\/users\/4"}],"replies":[{"embeddable":true,"href":"http:\/\/fmriachuelo.it10.com.ar\/index.php\/wp-json\/wp\/v2\/comments?post=1161"}],"version-history":[{"count":1,"href":"http:\/\/fmriachuelo.it10.com.ar\/index.php\/wp-json\/wp\/v2\/posts\/1161\/revisions"}],"predecessor-version":[{"id":21694,"href":"http:\/\/fmriachuelo.it10.com.ar\/index.php\/wp-json\/wp\/v2\/posts\/1161\/revisions\/21694"}],"wp:attachment":[{"href":"http:\/\/fmriachuelo.it10.com.ar\/index.php\/wp-json\/wp\/v2\/media?parent=1161"}],"wp:term":[{"taxonomy":"category","embeddable":true,"href":"http:\/\/fmriachuelo.it10.com.ar\/index.php\/wp-json\/wp\/v2\/categories?post=1161"},{"taxonomy":"post_tag","embeddable":true,"href":"http:\/\/fmriachuelo.it10.com.ar\/index.php\/wp-json\/wp\/v2\/tags?post=1161"}],"curies":[{"name":"wp","href":"https:\/\/api.w.org\/{rel}","templated":true}]}}