{"id":116,"date":"2015-08-23T03:54:00","date_gmt":"2015-08-23T03:54:00","guid":{"rendered":"http:\/\/fmriachuelo.observatorioess.org.ar\/index.php\/2015\/08\/23\/recuerdo-de-la-masacre-de-trelew\/"},"modified":"2025-05-13T14:33:41","modified_gmt":"2025-05-13T17:33:41","slug":"recuerdo-de-la-masacre-de-trelew","status":"publish","type":"post","link":"http:\/\/fmriachuelo.it10.com.ar\/index.php\/2015\/08\/23\/recuerdo-de-la-masacre-de-trelew\/","title":{"rendered":"RECUERDO DE LA MASACRE DE TRELEW"},"content":{"rendered":"<div style=\"clear: both;text-align: left\"><span style=\"color: red;font-family: Verdana, sans-serif;font-size: large\"><strong>TERRORISMO DE ESTADO: 22 DE AGOSTO DE 1972<\/strong><\/span><\/div>\n<div style=\"clear: both;text-align: center\"><a href=\"http:\/\/3.bp.blogspot.com\/-Bt3ZuncGfYU\/VdlCXPykc-I\/AAAAAAAAGC0\/F288c8nIdI0\/s1600\/trelew.jpg\" style=\"clear: left;float: left;margin-bottom: 1em;margin-right: 1em\"><img loading=\"lazy\" decoding=\"async\" border=\"0\" height=\"213\" src=\"http:\/\/3.bp.blogspot.com\/-Bt3ZuncGfYU\/VdlCXPykc-I\/AAAAAAAAGC0\/F288c8nIdI0\/s320\/trelew.jpg\" width=\"320\" \/><\/a><\/div>\n<p><span style=\"font-family: Verdana, sans-serif\"><strong>PRESENTES: HASTA LA VICTORIA SIEMPRE<br \/> ANA MAR\u00ccA VILLAREAL DE SANTUCHO, CARLOS ASTUDILLO, EDUARDO CAPELLO, CARLOS DEL REY, CLARISA LEA PLACE, HUMBERTO SUAREZ, HUMBERTO TOSCHI, JORGE ULLUA, MARIO DELFINO, ALFREDO KOHON, MIGUEL \u00c0NGEL POLTI, MARIANO PUJADAS, SUSANA LESGART, MAR\u00ccA ANG\u00c8LICA SABELLI, RUB\u00c8N BONET, JOS\u00c8 MENNA<\/strong><\/span><\/p>\n<div style=\"text-align: justify\"><span style=\"font-family: Verdana, sans-serif\">&nbsp;<\/span><br \/><span style=\"font-family: Verdana, sans-serif\"> <span style=\"font-family: Verdana, sans-serif\">En el<\/span> a\u00f1o 1972 frente a la usurpaci\u00f3n del poder por la junta militar conducida por&nbsp; Lanusse y su ministro del interior Arturo Mor Roig&nbsp; se opon\u00eda la resistencia popular que era combatida con una feroz represi\u00f3n, por lo que&nbsp;&nbsp;las c\u00e1rceles, lugares de tortura y muerte, estaban plagadas de dirigentes obreros y j\u00f3venes militantes.<br \/>La c\u00e1rcel de Trelew fue el lugar de hacinamiento de los cuadros m\u00e1s capaces de las organizaciones del momento. Juntos organizaron la cotidianeidad y la resistencia en los pabellones.&nbsp;Militantes del ERP, Montoneros, FAR trabajaron, discutieron ideol\u00f3gicamente en una franca relaci\u00f3n de amistad que se fue tejiendo en el lugar y juntos planearon la fuga. Paco Urondo en la carcel de Villa Devoto entrevistar\u00eda a los \u00fanicos tres sobrevivientes de la Masacre (La Patria Fusilada).<\/span><\/div>\n<div style=\"text-align: justify\"><span style=\"font-family: Verdana, sans-serif\">Recordamos los hechos ocurridos en el a\u00f1o 1972, cuando sucedi\u00f3 la fuga del penal sure\u00f1o.<br \/>&nbsp;<\/span><\/div>\n<p><span style=\"font-family: Verdana, sans-serif\"><\/span><a name='more'><\/a><span style=\"font-family: Verdana, sans-serif\"><br \/>El 15 de agosto de 1972 comenz\u00f3 el camino hacia la libertad. El primer grupo avanz\u00f3 con el uniforme del enemigo, pero un guardia los reconoce y dispara.<br \/> Un solo auto los esperaba en las afueras, en el suben Mario Roberto Santucho, Enrique Gorriar\u00e1n y Domingo Menna del ERP, Marcos Osatinsky y Roberto Quieto de las FAR y Fernando Vaca Narvaja de Montoneros. Se dirigieron al aeropuerto de Trelew. El avi\u00f3n hab\u00eda comenzado a avanzar y un militante disfrazado de militar ordena al piloto detener el avi\u00f3n, que luego aterriza en Puerto Mon, Chile donde el presidente Allende le dar\u00eda refugio pol\u00edtico y la posibilidad de seguir camino a Cuba.<\/p>\n<p>Cuatro compa\u00f1eros Anna Wiessen, Carlos Goldemberg, Alejandro Ferreira Beltr\u00e1n y V\u00edctor Fern\u00e1ndez Palmeiro son los encargados de hacer la apoyatura desde afuera.<br \/> Diecinueve combatientes lograron tomar unos taxis que los llevan hasta el aeropuerto, a la espera del pr\u00f3ximo avi\u00f3n, pero los militares, alertados, le dan la orden al piloto, por radio de no descender. Los diecinueve luchadores sociales deciden rendirse, piden la presencia de un juez y un m\u00e9dico, tambi\u00e9n est\u00e1n presentes las c\u00e1maras de televisi\u00f3n y los periodistas. Los encargados de decir las verdades del caso son Bonet del ERP, Mar\u00eda Antonia Berger de las FAR y Mariano Pujadas de Montoneros.<\/p>\n<p> El capit\u00e1n Luis Emilio Sosa recibe las armas de los luchadores populares y con enga\u00f1os y mentiras los conducen hacia la base naval Almirante Zar de Trelew. Durante siete d\u00edas soportan vejaciones e insultos hasta que un decreto ordena a los militares asesinos Sosa, Herrera, Del Real, Bravo, Fern\u00e1ndez ejecutar a los prisioneros. Durante la madrugada sacaron de sus celdas a los diecinueve combatientes, los hicieron formar y los fusilaron. Mar\u00eda Antonia Berger sinti\u00f3 el impacto en el est\u00f3mago, vio a sus compa\u00f1eros que ca\u00edan heridos o trataban de protegerse en sus celdas y se arroj\u00f3 en la suya. Escuchaba los gritos de dolor, las puteadas y las \u00f3rdenes. Sobre todo escuchaba los tiros de gracia. A medida que se acercaban, iban acallando las voces. Vio al teniente de corbeta Bravo en el umbral de su celda con una pistola en la mano. Desde el suelo lo vio acercarse y apuntarle a la cabeza. Sinti\u00f3 el disparo y la cabeza le estall\u00f3, aunque segu\u00eda viva. Escuch\u00f3 voces pero no la atend\u00edan mientras se desangraba por el est\u00f3mago y la mand\u00edbula.<\/p>\n<p>Quiso hacer algo antes de morir, escribir con su sangre los nombres de Bravo y Sosa, los fusiladores, pero escribi\u00f3 \u00abpap\u00e1 y \u00abmam\u00e1\u00bb en una pared. Alguien se acerc\u00f3 y lo borr\u00f3 con un trapo h\u00famedo. Volvi\u00f3 a mojar el dedo con su sangre y escribi\u00f3 \u00abLOMJE\u00bb, la consigna de las FAR y del Ej\u00e9rcito de los Andes:\u00bbLibres o Muertos, Jam\u00e1s Esclavos\u00bb<\/p>\n<p>S\u00f3lo tres sobrevivientes: Mar\u00eda Antonia Berger, Alberto Camps y Ricardo Haidar ser\u00edan los encargados de relatar al pueblo la matanza ocurrida en la base Almirante Zar. Ellos fueron heridos, a\u00fan as\u00ed lograron sobrevivir. <br \/> Lanusse y la prensa burguesa montaron el escenario de una farsa, relataron c\u00f3mo los prisioneros intentaron fugarse. Nadie les crey\u00f3 y s\u00ed coreaban en las calles \u201c\u00a1Todos los guerrilleros son nuestros compa\u00f1eros!\u201d aludiendo al primer atisbo de unidad entre las organizaciones FAR, ERP y Montoneros.<\/span><br \/><span style=\"font-family: Verdana\"><\/span><\/p>\n<div style=\"text-align: justify\"><span style=\"color: blue;font-family: Verdana, sans-serif\">Por Patricia Rodriguez para ANRed, Producci\u00f3n Riachuelo<\/span><\/div>\n","protected":false},"excerpt":{"rendered":"<p>TERRORISMO DE ESTADO: 22 DE AGOSTO DE 1972 PRESENTES: HASTA LA VICTORIA SIEMPRE ANA MAR\u00ccA VILLAREAL DE SANTUCHO, CARLOS ASTUDILLO, EDUARDO CAPELLO, CARLOS DEL REY, CLARISA LEA PLACE, HUMBERTO SUAREZ, HUMBERTO TOSCHI, JORGE ULLUA, MARIO DELFINO, ALFREDO KOHON, MIGUEL \u00c0NGEL POLTI, MARIANO PUJADAS, SUSANA LESGART, MAR\u00ccA ANG\u00c8LICA SABELLI, RUB\u00c8N BONET, JOS\u00c8 MENNA &nbsp; En el [&hellip;]<\/p>\n","protected":false},"author":4,"featured_media":0,"comment_status":"open","ping_status":"open","sticky":false,"template":"","format":"standard","meta":{"_monsterinsights_skip_tracking":false,"_monsterinsights_sitenote_active":false,"_monsterinsights_sitenote_note":"","_monsterinsights_sitenote_category":0,"jnews-multi-image_gallery":[],"jnews_single_post":{"format":"standard"},"jnews_primary_category":[],"_joinchat":[],"footnotes":""},"categories":[58],"tags":[119,72],"class_list":["post-116","post","type-post","status-publish","format-standard","hentry","category-noticiariachuelo","tag-derechos-humanos","tag-historia-de-la-lucha-de-los-pueblos"],"_links":{"self":[{"href":"http:\/\/fmriachuelo.it10.com.ar\/index.php\/wp-json\/wp\/v2\/posts\/116","targetHints":{"allow":["GET"]}}],"collection":[{"href":"http:\/\/fmriachuelo.it10.com.ar\/index.php\/wp-json\/wp\/v2\/posts"}],"about":[{"href":"http:\/\/fmriachuelo.it10.com.ar\/index.php\/wp-json\/wp\/v2\/types\/post"}],"author":[{"embeddable":true,"href":"http:\/\/fmriachuelo.it10.com.ar\/index.php\/wp-json\/wp\/v2\/users\/4"}],"replies":[{"embeddable":true,"href":"http:\/\/fmriachuelo.it10.com.ar\/index.php\/wp-json\/wp\/v2\/comments?post=116"}],"version-history":[{"count":1,"href":"http:\/\/fmriachuelo.it10.com.ar\/index.php\/wp-json\/wp\/v2\/posts\/116\/revisions"}],"predecessor-version":[{"id":23955,"href":"http:\/\/fmriachuelo.it10.com.ar\/index.php\/wp-json\/wp\/v2\/posts\/116\/revisions\/23955"}],"wp:attachment":[{"href":"http:\/\/fmriachuelo.it10.com.ar\/index.php\/wp-json\/wp\/v2\/media?parent=116"}],"wp:term":[{"taxonomy":"category","embeddable":true,"href":"http:\/\/fmriachuelo.it10.com.ar\/index.php\/wp-json\/wp\/v2\/categories?post=116"},{"taxonomy":"post_tag","embeddable":true,"href":"http:\/\/fmriachuelo.it10.com.ar\/index.php\/wp-json\/wp\/v2\/tags?post=116"}],"curies":[{"name":"wp","href":"https:\/\/api.w.org\/{rel}","templated":true}]}}