{"id":1158,"date":"2014-08-02T03:30:00","date_gmt":"2014-08-02T03:30:00","guid":{"rendered":"http:\/\/fmriachuelo.observatorioess.org.ar\/index.php\/2014\/08\/02\/1-de-agosto-dia-continental-de-lucha\/"},"modified":"2025-02-21T15:28:54","modified_gmt":"2025-02-21T18:28:54","slug":"1-de-agosto-dia-continental-de-lucha","status":"publish","type":"post","link":"http:\/\/fmriachuelo.it10.com.ar\/index.php\/2014\/08\/02\/1-de-agosto-dia-continental-de-lucha\/","title":{"rendered":"1 DE AGOSTO: DIA CONTINENTAL DE LUCHA"},"content":{"rendered":"<p><b style=\"color: red\"><span style=\"font-family: Verdana, sans-serif;font-size: large\">UNIDAD SINDICAL Y POPULAR&nbsp;<\/span><\/b><b style=\"color: red\"><span style=\"font-family: Verdana, sans-serif;font-size: large\">CONTRA LA DEPREDACI\u00d3N INTERNACIONAL<\/span><\/b><br \/><span style=\"font-family: Verdana, sans-serif;font-size: x-large\"><\/span><\/p>\n<div style=\"text-align: center\">\n<div style=\"text-align: left\"><a href=\"https:\/\/images-blogger-opensocial.googleusercontent.com\/gadgets\/proxy?url=http%3A%2F%2F1.bp.blogspot.com%2F-tnFtYDmnHO4%2FU-BeTn1WEpI%2FAAAAAAAAAtc%2FHBakxPXAIjA%2Fs1600%2F_DSC3438.JPG&amp;container=blogger&amp;gadget=a&amp;rewriteMime=image%2F*\" style=\"clear: left;float: left;margin-bottom: 1em;margin-right: 1em\"><span style=\"font-family: Verdana, sans-serif\"><img loading=\"lazy\" decoding=\"async\" border=\"0\" src=\"http:\/\/1.bp.blogspot.com\/-tnFtYDmnHO4\/U-BeTn1WEpI\/AAAAAAAAAtc\/HBakxPXAIjA\/s1600\/_DSC3438.JPG\" height=\"211\" width=\"320\" \/><\/span><\/a><b><span style=\"font-family: Verdana, sans-serif\">[FMR Viernes 1 de agosto] Un numeroso grupo de organizaciones sindicales, sociales y pol\u00edticas que participan en el Encuentro Sindical Nuestra Am\u00e9rica (ESNA) se reunieron en la sede central del Sindicato de las Telecomunicaciones (FOETRA) para presentar un documento por los derechos de los trabajadores y de los sectores populares en defensa de  nuestra tierra y nuestros recursos, patrimonio com\u00fan de la humanidad ante la avanzada capitalista depredadora. Esta actividad surge como consecuencia de lo trabajado en el VI Encuentro Internacional realizado en el mes de mayo pasado en La Habana, Cuba.<\/span><\/b><\/div>\n<\/div>\n<p><span style=\"font-family: Verdana, sans-serif\"><br \/><\/span><\/p>\n<div style=\"clear: both;text-align: center\"><a href=\"https:\/\/images-blogger-opensocial.googleusercontent.com\/gadgets\/proxy?url=http%3A%2F%2F4.bp.blogspot.com%2F-_VrUNYAQhx0%2FU-BcwOYVKTI%2FAAAAAAAAAtQ%2FkUmHA9tgLFg%2Fs1600%2F_DSC3569.JPG&amp;container=blogger&amp;gadget=a&amp;rewriteMime=image%2F*\" style=\"clear: right;float: right;margin-bottom: 1em;margin-left: 1em\"><span style=\"font-family: Verdana, sans-serif\"><img loading=\"lazy\" decoding=\"async\" border=\"0\" src=\"http:\/\/4.bp.blogspot.com\/-_VrUNYAQhx0\/U-BcwOYVKTI\/AAAAAAAAAtQ\/kUmHA9tgLFg\/s1600\/_DSC3569.JPG\" height=\"211\" width=\"320\" \/><\/span><\/a><\/div>\n<p><span style=\"font-family: Verdana, sans-serif\">La actividad se realiz\u00f3 el d\u00eda de la celebraci\u00f3n de la Pachamama,<span lang=\"ES\" style=\"line-height: 150%\"> todo un s\u00edmbolo de la conservaci\u00f3n del planeta y de un modo de producci\u00f3n interrumpido por la colonizaci\u00f3n b\u00e1rbara que a sangre y fuego sumi\u00f3 al continente y su pueblo en la m\u00e1s profunda de las oscuridades. Ahora, 500 a\u00f1os despu\u00e9s contin\u00faan reuni\u00e9ndose los luchadores por la emancipaci\u00f3n definitiva y por la protecci\u00f3n de la tierra.<\/span><\/span><br \/><span lang=\"ES\" style=\"background-color: white;color: #222222;font-family: Verdana, sans-serif;text-indent: 45pt\"><br \/><\/span><span style=\"font-family: Verdana, sans-serif\"><span lang=\"ES\" style=\"background-color: white;color: #222222;text-indent: 45pt\">Participaron de este acto realizado por el CAPITULO ARGENTINO DEL ENCUENTRO SINDICAL NUESTRA AM\u00c9RICA el Sindicato &nbsp;de Trabajadores Valijeros, Talabarteros y Art\u00edculos de Viajes, la Federaci\u00f3n&nbsp;Latinoamericana de Trabajadores de la Educaci\u00f3n y la Cultura (FLATEC), el Sindicato Argentino&nbsp;de Docentes Privados (SADOP), el Sindicato \u00danico de Trabajadores de Administraciones Portuarias&nbsp;(SUTAP), la Corriente Nacional Agust\u00edn Tosco (CONAT), la Confederaci\u00f3n Trabajadores de las Universidades de&nbsp;las Am\u00e9ricas (CONTUA), la Asociaci\u00f3n Personal Aeron\u00e1utico (APA), la Asociaci\u00f3n Gremial Trabajadores Subte y Premetro (AGTSyP), la Asociaci\u00f3n Taxistas de la Capital Federal, la Asociaci\u00f3n de Trabajadores administrativos, t\u00e9cnicos&nbsp;y jer\u00e1rquicos de la industria minera, la Asociaci\u00f3n Maestros y Profesores de La Rioja, la <\/span><span lang=\"ES\" style=\"background-color: white;color: #222222;text-indent: 45pt\">Organizaci\u00f3n Social y Pol\u00edtica<\/span><span lang=\"ES\" style=\"background-color: white;color: #222222;text-indent: 45pt\"> Los Pibes (OSyP Los Pibes), la <\/span><span lang=\"ES\" style=\"background-color: white;color: #222222;text-indent: 45pt\"><span lang=\"ES\" style=\"color: #222222\">Coordinaci\u00f3n Latinoamericana de&nbsp;Movimientos Territoriales &#8211; <\/span>Cap\u00edtulo Argentino<\/span><span lang=\"ES\" style=\"background-color: white;color: #222222;text-indent: 45pt\">\u200b<\/span><span lang=\"ES\" style=\"background-color: white;color: #222222;text-indent: 45pt\"> (<\/span><span lang=\"ES\" style=\"background-color: white;color: #222222;text-indent: 45pt\"><span lang=\"ES\" style=\"color: #222222\">CLMTU<\/span>), la <\/span><span lang=\"ES\" style=\"background-color: white;color: #222222;text-indent: 45pt\">Confederaci\u00f3n de Trabajadores de la Econom\u00eda Popular (<\/span><span lang=\"ES\" style=\"background-color: white;color: #222222;text-indent: 45pt\"><span lang=\"ES\" style=\"color: #222222\">CTEP<\/span><span lang=\"ES\" style=\"color: #222222\">\u200b<\/span><span lang=\"ES\" style=\"color: #222222\"><\/span>), ATE Santa Fe, la Federaci\u00f3n Argentina de Cooperativas de Trabajadores Autogestionados (FACTA), el Sindicato Flota Petrolera e Hidrocarbur\u00edfera (SFPEH)<\/span><\/span><\/p>\n<div style=\"text-align: center\">\n<div style=\"text-align: left\"><span style=\"font-family: Verdana, sans-serif\"><b><br \/><\/b><\/span><\/div>\n<div style=\"text-align: left\"><span style=\"font-family: Verdana, sans-serif\"><b>FM<\/b><b> Riachuelo<\/b> estuvo presente en el acto y recogi\u00f3 las palabras del <b>Grin<\/b><b>go Castro, Secretario General de l<\/b><b>a Confederaci\u00f3n de Trabajadores de la Econom\u00eda Popular (CTEP).<\/b> En nuestro programa<b> Rompe el Cerco (lunes a viernes de 17 <\/b><b>a 19 hs) Lito Borello, Coordinador General de la Organizaci\u00f3n Social y Pol\u00edtica Los Pibes <\/b>coment\u00f3 las implicancias de las actividad.<br \/>  <\/span><\/div>\n<\/div>\n<p><span style=\"font-family: Verdana, sans-serif\"><\/span><\/p>\n<div style=\"text-align: center\"><\/div>\n<div style=\"text-align: center\">\n<div style=\"text-align: left\"><span style=\"font-family: Verdana, sans-serif\">A continuaci\u00f3n los testimonios.<\/span><\/div>\n<\/div>\n<div style=\"text-align: center\">\n<div style=\"text-align: left\"><span style=\"color: #0b5394;font-family: Verdana, sans-serif\"><b><br \/><\/b><\/span><\/div>\n<\/div>\n<div style=\"text-align: center\">\n<div style=\"text-align: left\"><span style=\"color: #0b5394;font-family: Verdana, sans-serif\"><b><a href=\"http:\/\/www.divshare.com\/download\/25917530-209\" target=\"_parent\" rel=\"noopener\">LITO BORELLO<\/a><br \/>  <\/b><\/span><\/div>\n<\/div>\n<div style=\"text-align: center\">\n<div style=\"text-align: left\"><span style=\"font-family: Verdana, sans-serif\"><span style=\"color: #0b5394\"><b><a href=\"http:\/\/www.divshare.com\/download\/25917370-c51\" target=\"_parent\" rel=\"noopener\">GRINGO CASTRO<\/a><\/b><\/span><\/span><\/div>\n<\/div>\n","protected":false},"excerpt":{"rendered":"<p>UNIDAD SINDICAL Y POPULAR&nbsp;CONTRA LA DEPREDACI\u00d3N INTERNACIONAL [FMR Viernes 1 de agosto] Un numeroso grupo de organizaciones sindicales, sociales y pol\u00edticas que participan en el Encuentro Sindical Nuestra Am\u00e9rica (ESNA) se reunieron en la sede central del Sindicato de las Telecomunicaciones (FOETRA) para presentar un documento por los derechos de los trabajadores y de los [&hellip;]<\/p>\n","protected":false},"author":4,"featured_media":0,"comment_status":"open","ping_status":"open","sticky":false,"template":"","format":"standard","meta":{"_monsterinsights_skip_tracking":false,"_monsterinsights_sitenote_active":false,"_monsterinsights_sitenote_note":"","_monsterinsights_sitenote_category":0,"jnews-multi-image_gallery":[],"jnews_single_post":{"format":"standard"},"jnews_primary_category":[],"_joinchat":[],"footnotes":""},"categories":[58],"tags":[148],"class_list":["post-1158","post","type-post","status-publish","format-standard","hentry","category-noticiariachuelo","tag-trabajo"],"_links":{"self":[{"href":"http:\/\/fmriachuelo.it10.com.ar\/index.php\/wp-json\/wp\/v2\/posts\/1158","targetHints":{"allow":["GET"]}}],"collection":[{"href":"http:\/\/fmriachuelo.it10.com.ar\/index.php\/wp-json\/wp\/v2\/posts"}],"about":[{"href":"http:\/\/fmriachuelo.it10.com.ar\/index.php\/wp-json\/wp\/v2\/types\/post"}],"author":[{"embeddable":true,"href":"http:\/\/fmriachuelo.it10.com.ar\/index.php\/wp-json\/wp\/v2\/users\/4"}],"replies":[{"embeddable":true,"href":"http:\/\/fmriachuelo.it10.com.ar\/index.php\/wp-json\/wp\/v2\/comments?post=1158"}],"version-history":[{"count":1,"href":"http:\/\/fmriachuelo.it10.com.ar\/index.php\/wp-json\/wp\/v2\/posts\/1158\/revisions"}],"predecessor-version":[{"id":21699,"href":"http:\/\/fmriachuelo.it10.com.ar\/index.php\/wp-json\/wp\/v2\/posts\/1158\/revisions\/21699"}],"wp:attachment":[{"href":"http:\/\/fmriachuelo.it10.com.ar\/index.php\/wp-json\/wp\/v2\/media?parent=1158"}],"wp:term":[{"taxonomy":"category","embeddable":true,"href":"http:\/\/fmriachuelo.it10.com.ar\/index.php\/wp-json\/wp\/v2\/categories?post=1158"},{"taxonomy":"post_tag","embeddable":true,"href":"http:\/\/fmriachuelo.it10.com.ar\/index.php\/wp-json\/wp\/v2\/tags?post=1158"}],"curies":[{"name":"wp","href":"https:\/\/api.w.org\/{rel}","templated":true}]}}