{"id":1154,"date":"2014-08-17T17:43:00","date_gmt":"2014-08-17T17:43:00","guid":{"rendered":"http:\/\/fmriachuelo.observatorioess.org.ar\/index.php\/2014\/08\/17\/homenaje-al-general-san-martin\/"},"modified":"2025-02-21T15:39:25","modified_gmt":"2025-02-21T18:39:25","slug":"homenaje-al-general-san-martin","status":"publish","type":"post","link":"http:\/\/fmriachuelo.it10.com.ar\/index.php\/2014\/08\/17\/homenaje-al-general-san-martin\/","title":{"rendered":"HOMENAJE AL GENERAL SAN MARTIN"},"content":{"rendered":"<div style=\"text-align: center\">\n<div style=\"text-align: left\"><span style=\"font-family: Verdana, sans-serif;font-size: large\"><span style=\"color: red\"><b>RENOVANDO EL COMPROMISO DE LUCHA&nbsp;<\/b><\/span><b style=\"color: red\">HACIA LA SEGUNDA Y DEFINITIVA EMANCIPACI\u00d3N<\/b><\/span><\/div>\n<\/div>\n<div style=\"text-align: center\">\n<div style=\"text-align: left\"><\/div>\n<\/div>\n<div style=\"text-align: center\">\n<div style=\"text-align: center\">\n<div style=\"text-align: left\"><b><span style=\"font-family: Verdana, sans-serif\">[FMR Domingo 17 de agosto] La Organizaci\u00f3n Social y Pol\u00edtica Los Pibes renov\u00f3 su compromiso de lucha emancipatoria como homenaje al General San Mart\u00edn.<\/span><\/b><\/div>\n<\/div>\n<div style=\"text-align: center\">\n<div style=\"text-align: left\"><span style=\"font-family: Verdana, sans-serif\"><br \/><\/span><\/div>\n<\/div>\n<div style=\"text-align: center\">\n<div style=\"text-align: left\"><span style=\"font-family: Verdana, sans-serif\">El domingo a las 8.30 de la ma\u00f1ana una delegaci\u00f3n de militantes de Los Pibes se hizo presente en la Catedral de la Ciudad de Buenos Aires para colocar una ofrenda floral en donde descansan los restos del Libertador. La actividad concluy\u00f3 con los tradicionales pastelitos y chocolate caliente, en la Sede Nacional de la organizaci\u00f3n, marco de una reflexi\u00f3n acerca de la coyuntura que atraviesan las organizaciones populares.<br \/><\/span><\/div>\n<\/div>\n<div style=\"text-align: center\">\n<div style=\"text-align: left\"><span style=\"font-family: Verdana, sans-serif\"><br \/><\/span><\/div>\n<\/div>\n<div style=\"text-align: center\">\n<div style=\"text-align: left\"><span style=\"font-family: Verdana, sans-serif\"><b>FM Riachuelo <\/b>recogi\u00f3 los siguientes testimonios de los miembros de la OSyP Los Pibes.<\/span><\/div>\n<\/div>\n<div style=\"text-align: center\">\n<div style=\"text-align: left\"><span style=\"font-family: Verdana, sans-serif\"><br \/><\/span><\/div>\n<\/div>\n<div style=\"text-align: center\">\n<div style=\"text-align: left\"><span style=\"color: #073763;font-family: Verdana, sans-serif\"><b><a href=\"http:\/\/www.divshare.com\/download\/25993110-cb8\" target=\"_parent\" rel=\"noopener\">ALICIA D\u00cdAZ &#8211; JULI\u00c1N GIM\u00c9NEZ &#8211; LITO BORELLO<\/a><\/b><\/span><\/div>\n<\/div>\n<div style=\"text-align: center\">\n<div style=\"text-align: left\"><span style=\"color: #073763;font-family: verdana, sans-serif\"><b><br \/><\/b><\/span><\/div>\n<\/div>\n<\/div>\n","protected":false},"excerpt":{"rendered":"<p>RENOVANDO EL COMPROMISO DE LUCHA&nbsp;HACIA LA SEGUNDA Y DEFINITIVA EMANCIPACI\u00d3N [FMR Domingo 17 de agosto] La Organizaci\u00f3n Social y Pol\u00edtica Los Pibes renov\u00f3 su compromiso de lucha emancipatoria como homenaje al General San Mart\u00edn. El domingo a las 8.30 de la ma\u00f1ana una delegaci\u00f3n de militantes de Los Pibes se hizo presente en la Catedral [&hellip;]<\/p>\n","protected":false},"author":4,"featured_media":0,"comment_status":"open","ping_status":"open","sticky":false,"template":"","format":"standard","meta":{"_monsterinsights_skip_tracking":false,"_monsterinsights_sitenote_active":false,"_monsterinsights_sitenote_note":"","_monsterinsights_sitenote_category":0,"jnews-multi-image_gallery":[],"jnews_single_post":{"format":"standard"},"jnews_primary_category":[],"_joinchat":[],"footnotes":""},"categories":[58],"tags":[72,65],"class_list":["post-1154","post","type-post","status-publish","format-standard","hentry","category-noticiariachuelo","tag-historia-de-la-lucha-de-los-pueblos","tag-soberania"],"_links":{"self":[{"href":"http:\/\/fmriachuelo.it10.com.ar\/index.php\/wp-json\/wp\/v2\/posts\/1154","targetHints":{"allow":["GET"]}}],"collection":[{"href":"http:\/\/fmriachuelo.it10.com.ar\/index.php\/wp-json\/wp\/v2\/posts"}],"about":[{"href":"http:\/\/fmriachuelo.it10.com.ar\/index.php\/wp-json\/wp\/v2\/types\/post"}],"author":[{"embeddable":true,"href":"http:\/\/fmriachuelo.it10.com.ar\/index.php\/wp-json\/wp\/v2\/users\/4"}],"replies":[{"embeddable":true,"href":"http:\/\/fmriachuelo.it10.com.ar\/index.php\/wp-json\/wp\/v2\/comments?post=1154"}],"version-history":[{"count":1,"href":"http:\/\/fmriachuelo.it10.com.ar\/index.php\/wp-json\/wp\/v2\/posts\/1154\/revisions"}],"predecessor-version":[{"id":21703,"href":"http:\/\/fmriachuelo.it10.com.ar\/index.php\/wp-json\/wp\/v2\/posts\/1154\/revisions\/21703"}],"wp:attachment":[{"href":"http:\/\/fmriachuelo.it10.com.ar\/index.php\/wp-json\/wp\/v2\/media?parent=1154"}],"wp:term":[{"taxonomy":"category","embeddable":true,"href":"http:\/\/fmriachuelo.it10.com.ar\/index.php\/wp-json\/wp\/v2\/categories?post=1154"},{"taxonomy":"post_tag","embeddable":true,"href":"http:\/\/fmriachuelo.it10.com.ar\/index.php\/wp-json\/wp\/v2\/tags?post=1154"}],"curies":[{"name":"wp","href":"https:\/\/api.w.org\/{rel}","templated":true}]}}