{"id":1152,"date":"2014-08-26T00:00:00","date_gmt":"2014-08-26T00:00:00","guid":{"rendered":"http:\/\/fmriachuelo.observatorioess.org.ar\/index.php\/2014\/08\/26\/continua-la-tension-con-las-500-familias-desalojadas-de-la-villa-papa-francisco\/"},"modified":"2025-02-21T15:48:25","modified_gmt":"2025-02-21T18:48:25","slug":"continua-la-tension-con-las-500-familias-desalojadas-de-la-villa-papa-francisco","status":"publish","type":"post","link":"http:\/\/fmriachuelo.it10.com.ar\/index.php\/2014\/08\/26\/continua-la-tension-con-las-500-familias-desalojadas-de-la-villa-papa-francisco\/","title":{"rendered":"CONTIN\u00daA LA TENSI\u00d3N CON LAS 500 FAMILIAS DESALOJADAS DE LA VILLA PAPA FRANCISCO"},"content":{"rendered":"<p><span style=\"font-family: Verdana,sans-serif\"><b><span style=\"color: red;font-size: large\">LUEGO DE LA REPRESI\u00d3N, LA INDIFERENCIA<\/span><\/b><\/span><br \/><span style=\"font-family: Verdana,sans-serif\"><\/span><\/p>\n<div style=\"text-align: left\"><span style=\"font-family: Verdana,sans-serif\"><a href=\"http:\/\/2.bp.blogspot.com\/-DD0UB0afyJc\/U_ymbLsSvUI\/AAAAAAAAAvA\/G65BTfYV0uo\/s1600\/10436351_736957103038391_7104719853185073914_n.jpg\" style=\"clear: left;float: left;margin-bottom: 1em;margin-right: 1em\"><img loading=\"lazy\" decoding=\"async\" border=\"0\" src=\"http:\/\/2.bp.blogspot.com\/-DD0UB0afyJc\/U_ymbLsSvUI\/AAAAAAAAAvA\/G65BTfYV0uo\/s1600\/10436351_736957103038391_7104719853185073914_n.jpg\" height=\"178\" width=\"320\" \/><\/a><b><span style=\"color: red\"><\/span><\/b><b>[FMR Lunes 25\/08\/14] <\/b>La falta de vivenda y las p\u00e9simas condiciones de vida en terrenos contaminados es la realidad recurrente que afecta a los sectores populares de la ciudad de Buenos Aires. Pero el modo de resolver esta problem\u00e1tica social por parte <b>del gobierno de la ciudad, con la sorprendente connivencia de las fuerzas de seguridad nacionales a cargo de Sergio Berni,<\/b> muestra sin duda alguna el proyecto pol\u00edtico que representa. En el presente, una ciudad s\u00f3lo para ciudadanos calificados. Para el futuro el destino que ellos quieren para nuestra patria.<\/span><\/div>\n<div style=\"text-align: left\"><span style=\"font-family: Verdana, sans-serif\"><br \/><\/span><\/div>\n<div style=\"text-align: left\"><span style=\"font-family: Verdana,sans-serif\"><a href=\"http:\/\/www.divshare.com\/download\/26023212-c34\" target=\"_blank\" rel=\"noopener\"><span style=\"color: #0b5394\"><b>LUCIANO \u00c1LVAREZ<\/b><\/span><\/a><\/span><\/div>\n<div style=\"text-align: left\"><span style=\"font-family: Verdana,sans-serif\"><a href=\"http:\/\/www.divshare.com\/download\/26023211-928\" target=\"_blank\" rel=\"noopener\"><span style=\"color: #0b5394\"><b>CRISTIAN IBARRA &#8211; LITO BORELLO<\/b><\/span><\/a><\/span><\/div>\n<div style=\"text-align: left\"><span style=\"font-family: Verdana,sans-serif\"><a href=\"http:\/\/www.divshare.com\/download\/26023237-268\" target=\"_blank\" rel=\"noopener\"><span style=\"color: #0b5394\"><b>MARINA &#8211; ALICIA D\u00cdAZ<\/b><\/span><\/a><\/span><\/div>\n<div style=\"text-align: left\"><span style=\"font-family: Verdana,sans-serif\"><\/span><\/div>\n<p><a name='more'><\/a><span style=\"font-family: Verdana, sans-serif\"><b><span style=\"color: red\"><\/span><\/b><br \/><\/span><\/p>\n<div style=\"text-align: left\"><span style=\"font-family: Verdana,sans-serif\"><b><br \/><\/b><\/span><\/p>\n<div><span style=\"font-family: Verdana,sans-serif\"><b><a href=\"http:\/\/4.bp.blogspot.com\/-xZPqvMg9uTw\/U_ymfEQXB4I\/AAAAAAAAAvI\/9pjZM3cuOso\/s1600\/10593217_737873226280112_6342339217326447719_n.jpg\" style=\"clear: right;float: right;margin-bottom: 1em;margin-left: 1em\"><img loading=\"lazy\" decoding=\"async\" border=\"0\" src=\"http:\/\/4.bp.blogspot.com\/-xZPqvMg9uTw\/U_ymfEQXB4I\/AAAAAAAAAvI\/9pjZM3cuOso\/s1600\/10593217_737873226280112_6342339217326447719_n.jpg\" height=\"240\" width=\"320\" \/><\/a><span style=\"font-weight: normal\">Este proyecto racista culpabiliza a los pobres por inmigrantes y por huir del hambre desde el interior del pa\u00eds, mientras los utilizan como mano de obra barata para construir y limpiar sus casas y confeccionar sus ropas. Este plan de la derecha asociada al poder financiero que gobierna el mundo no est\u00e1 dispuesto a repartir ni siquiera su basura ni sus tierras contaminadas.  <\/span><\/b><\/span><\/div>\n<p><span style=\"font-family: Verdana,sans-serif\"><b><\/b><\/span><\/p>\n<div><span style=\"font-family: Verdana,sans-serif\"><b><br \/><\/b><\/span><\/div>\n<p><span style=\"font-family: Verdana,sans-serif\"><b><\/p>\n<div><span style=\"font-weight: normal\">Para ello instalan con sus medios hegem\u00f3nicos el desprestigio sobre los despose\u00eddos:&nbsp; son ladrones, narcotraficantes, usurpadores de tierras para negocios inmobiliarios. Hasta llegan a fogonear un hecho de sangre, para justificar costos\u00edsimos operativos policiales que no encuentran a nadie en los que terminan encarcelando a los luchadores sociales. Un c\u00edrculo vicioso en el que los muertos y los detenidos de la inseguridad son los m\u00e1s necesitados.<\/span><\/div>\n<p><\/b><\/span><\/div>\n<div style=\"text-align: left\"><span style=\"font-family: Verdana,sans-serif\"><b><br \/><\/b><\/span><\/div>\n<div style=\"text-align: left\"><span style=\"font-family: Verdana,sans-serif\"><b>FM Riachuelo<\/b> junto con otros medios populares mantuvo el siguimiento de los  acontecimientos que a\u00fan no encuentran cauce ni resoluci\u00f3n. Porque a la  brutal represi\u00f3n del s\u00e1bado en la Villa Papa Francisco se le agrega la  indiferencia del gobierno de la ciudad y tambi\u00e9n del Ministerio de  Desarrollo Social de la Naci\u00f3n. Dependencia a la que se movilizaron las  familias desalojadas solicitando asistencia.<\/span><span style=\"font-family: Verdana,sans-serif\"><\/span><\/div>\n<div style=\"text-align: left\"><span style=\"font-family: Verdana,sans-serif\"><br \/><\/span><\/div>\n<div style=\"text-align: left\"><span style=\"font-family: Verdana,sans-serif\">A continuaci\u00f3n los testimonios de <b>Luciano \u00c1lvarez de <\/b><b><b> la O.S.y P. Los Pibes <\/b><\/b>en un <b>M\u00f3vil Riachuelo <\/b>del d\u00eda s\u00e1bado en la Fiscal\u00eda en la que tomaron declaraci\u00f3n a los detenidos. Adem\u00e1s <b>Cristian Ibarra uno de los delegados del asentamiento<\/b> y <b>Lito Borello Coordinador Nacional de la O.S.y P. Los Pibes<\/b> en un <b>Chispazo Informativo <\/b>de la tarde de hoy y de <b>Marina de la Corriente Villera<\/b> y <b>Alicia D\u00edaz Presidenta de la CO.VI.L.PI.<\/b> en sendos reportajes en nuestro programa diario <b>Romp\u00e9 el Cerco (lunes a viernes a las 17 a 19 hs.)<\/b><\/span><\/div>\n<div style=\"text-align: left\"><span style=\"font-family: Verdana,sans-serif\"><br \/><\/span><\/div>\n<div style=\"text-align: left\"><span style=\"font-family: Verdana,sans-serif\"><a href=\"http:\/\/www.divshare.com\/download\/26023212-c34\" target=\"_blank\" rel=\"noopener\"><span style=\"color: #0b5394\"><b>LUCIANO \u00c1LVAREZ<\/b><\/span><\/a><\/span><\/div>\n<div style=\"text-align: left\"><span style=\"font-family: Verdana,sans-serif\"><a href=\"http:\/\/www.divshare.com\/download\/26023211-928\" target=\"_blank\" rel=\"noopener\"><span style=\"color: #0b5394\"><b>CRISTIAN IBARRA &#8211; LITO BORELLO<\/b><\/span><\/a><\/span><\/div>\n<div style=\"text-align: left\"><span style=\"font-family: Verdana,sans-serif\"><a href=\"http:\/\/www.divshare.com\/download\/26023237-268\" target=\"_blank\" rel=\"noopener\"><span style=\"color: #0b5394\"><b>MARINA &#8211; ALICIA D\u00cdAZ<\/b><\/span><\/a><\/span><\/div>\n<div style=\"text-align: left\"><span style=\"font-family: Verdana,sans-serif\"><span style=\"color: #0b5394\"><b><br \/><\/b><\/span><\/span><\/div>\n<div style=\"text-align: left\"><span style=\"font-family: Verdana,sans-serif\"><span style=\"color: #0b5394\"><\/span>Al cierre de esta comunicaci\u00f3n un amplio espectro de organizaciones sociales y pol\u00edticas acord\u00f3 convocar para el pr\u00f3ximo <b>mi\u00e9rcoles 27 de agosto a las 9 hs<\/b>. una concentraci\u00f3n en el Obelisco para luego marchar a la Legislatura de la ciudad de Buenos Aires&nbsp; en repudio a la represi\u00f3n y al desalojo, as\u00ed como tambi\u00e9n para exigir la Urbanizaci\u00f3n de las Villas Papa Francisco y 20, y la resoluci\u00f3n inmediata de la situaci\u00f3n de las familias desalojadas que a\u00fan permanecen en la calle.<\/span><br \/><span style=\"font-family: Verdana, sans-serif\"><br \/><\/span><span style=\"font-family: Verdana,sans-serif\"><\/span><\/div>\n<div style=\"text-align: left\"><span style=\"font-family: Verdana,sans-serif\">Fotos gentileza Prensa de la CORRIENTE VILLERA INDEPENDIENTE<\/span><\/div>\n","protected":false},"excerpt":{"rendered":"<p>LUEGO DE LA REPRESI\u00d3N, LA INDIFERENCIA [FMR Lunes 25\/08\/14] La falta de vivenda y las p\u00e9simas condiciones de vida en terrenos contaminados es la realidad recurrente que afecta a los sectores populares de la ciudad de Buenos Aires. Pero el modo de resolver esta problem\u00e1tica social por parte del gobierno de la ciudad, con la [&hellip;]<\/p>\n","protected":false},"author":4,"featured_media":0,"comment_status":"open","ping_status":"open","sticky":false,"template":"","format":"standard","meta":{"_monsterinsights_skip_tracking":false,"_monsterinsights_sitenote_active":false,"_monsterinsights_sitenote_note":"","_monsterinsights_sitenote_category":0,"jnews-multi-image_gallery":[],"jnews_single_post":{"format":"standard"},"jnews_primary_category":[],"_joinchat":[],"footnotes":""},"categories":[58],"tags":[147],"class_list":["post-1152","post","type-post","status-publish","format-standard","hentry","category-noticiariachuelo","tag-habitat"],"_links":{"self":[{"href":"http:\/\/fmriachuelo.it10.com.ar\/index.php\/wp-json\/wp\/v2\/posts\/1152","targetHints":{"allow":["GET"]}}],"collection":[{"href":"http:\/\/fmriachuelo.it10.com.ar\/index.php\/wp-json\/wp\/v2\/posts"}],"about":[{"href":"http:\/\/fmriachuelo.it10.com.ar\/index.php\/wp-json\/wp\/v2\/types\/post"}],"author":[{"embeddable":true,"href":"http:\/\/fmriachuelo.it10.com.ar\/index.php\/wp-json\/wp\/v2\/users\/4"}],"replies":[{"embeddable":true,"href":"http:\/\/fmriachuelo.it10.com.ar\/index.php\/wp-json\/wp\/v2\/comments?post=1152"}],"version-history":[{"count":1,"href":"http:\/\/fmriachuelo.it10.com.ar\/index.php\/wp-json\/wp\/v2\/posts\/1152\/revisions"}],"predecessor-version":[{"id":21705,"href":"http:\/\/fmriachuelo.it10.com.ar\/index.php\/wp-json\/wp\/v2\/posts\/1152\/revisions\/21705"}],"wp:attachment":[{"href":"http:\/\/fmriachuelo.it10.com.ar\/index.php\/wp-json\/wp\/v2\/media?parent=1152"}],"wp:term":[{"taxonomy":"category","embeddable":true,"href":"http:\/\/fmriachuelo.it10.com.ar\/index.php\/wp-json\/wp\/v2\/categories?post=1152"},{"taxonomy":"post_tag","embeddable":true,"href":"http:\/\/fmriachuelo.it10.com.ar\/index.php\/wp-json\/wp\/v2\/tags?post=1152"}],"curies":[{"name":"wp","href":"https:\/\/api.w.org\/{rel}","templated":true}]}}