{"id":1151,"date":"2014-08-27T01:57:00","date_gmt":"2014-08-27T01:57:00","guid":{"rendered":"http:\/\/fmriachuelo.observatorioess.org.ar\/index.php\/2014\/08\/27\/180-chicos-en-situacion-de-calle-pueden-quedar-sin-educacion\/"},"modified":"2025-02-21T15:52:17","modified_gmt":"2025-02-21T18:52:17","slug":"180-chicos-en-situacion-de-calle-pueden-quedar-sin-educacion","status":"publish","type":"post","link":"http:\/\/fmriachuelo.it10.com.ar\/index.php\/2014\/08\/27\/180-chicos-en-situacion-de-calle-pueden-quedar-sin-educacion\/","title":{"rendered":"180 CHICOS EN SITUACI\u00d3N DE CALLE PUEDEN QUEDAR SIN EDUCACI\u00d3N"},"content":{"rendered":"<div style=\"text-align: center\">\n<div style=\"text-align: left\"><strong><span style=\"color: red;font-family: Verdana;font-size: large\">DEMOLIENDO ESCUELAS<\/span><\/strong><\/div>\n<div style=\"text-align: left\"><a href=\"http:\/\/2.bp.blogspot.com\/-1P1cs-AcOcw\/VADjVykhBgI\/AAAAAAAAAwk\/Jz3V_BQfNu8\/s1600\/Metro%2BCol%C3%B3n%2B7r.jpg\" style=\"clear: left;float: left;margin-bottom: 1em;margin-right: 1em\"><img loading=\"lazy\" decoding=\"async\" border=\"0\" src=\"http:\/\/2.bp.blogspot.com\/-1P1cs-AcOcw\/VADjVykhBgI\/AAAAAAAAAwk\/Jz3V_BQfNu8\/s1600\/Metro%2BCol%C3%B3n%2B7r.jpg\" height=\"213\" width=\"320\" \/><\/a><span style=\"font-family: Verdana, sans-serif\"><b>[<\/b><b>FMR 26\/8\/14-12:30<\/b><b>]<\/b><b>&nbsp;El proyecto del Macrismo, \u201cMetrob\u00fas Paseo Col\u00f3n\u201d, planea demoler la Escuela Isauro Arancibia que funciona en la esquina de la Av. Paseo Colon y &nbsp;la calle Cochabamba de esta Ciudad.<\/b><\/span><\/div>\n<\/div>\n<p><span style=\"color: red;font-family: Verdana, sans-serif\"><\/span><\/p>\n<div style=\"text-align: center\"><span style=\"color: red\"><span style=\"color: black;font-family: Verdana, sans-serif\">  <\/span><\/span><\/div>\n<p><span style=\"color: red;font-family: Verdana, sans-serif\"><\/span><\/p>\n<div style=\"text-align: center\">\n<div style=\"text-align: left\"><span style=\"color: red;font-family: Verdana, sans-serif\"><br \/><\/span><\/div>\n<\/div>\n<p><span style=\"color: red;font-family: Verdana, sans-serif\"><\/p>\n<div style=\"text-align: center\">\n<div style=\"text-align: left\"><span style=\"color: black\">El proyecto tiene como objetivo ensanchar la avenida del sur porte\u00f1o para permitir el paso del Metrobus. Para cumplir con este prop\u00f3sito el Gobierno de la Ciudad demoler\u00e1 varias construcciones adem\u00e1s de la Escuela, el monumento-museo \u201cClub&nbsp;Atl\u00e9tico\u201d que funciona debajo de la autopista, el edificio Marconetti, comedores, merenderos,&nbsp;organizaciones sociales y los habitantes particulares que est\u00e1n siendo presionados para dejar el lugar.<\/span><\/div>\n<\/div>\n<div style=\"text-align: center\"><span style=\"color: black\">  <\/span><\/div>\n<div style=\"text-align: center\">\n<div style=\"text-align: left\"><\/div>\n<\/div>\n<div style=\"text-align: center\">\n<div style=\"text-align: left\"><span style=\"color: black\">Con pancartas y volantes bajo la consigna&nbsp;<b>LA EDUCACI\u00d3N Y&nbsp;LA MEMORIA NO SE DERRUMBAN &#8211;&nbsp;<\/b><b>LOS ESPACIOS DE LOS PIBES NO SE TOCAN&nbsp;<\/b>hoy al mediod\u00eda alumnos, docentes, vecinos y organizaciones se manifestaron en la puerta de la Escuela primaria Isauro Arancibia con el fin de visibilizar la problem\u00e1tica de los casi doscientos alumnos que concurren a clase, amenazados por el proyecto macrista.<\/span><\/div>\n<div style=\"text-align: left\"><span style=\"color: black\"><br \/><\/span><\/div>\n<\/div>\n<div style=\"text-align: center\">\n<div style=\"text-align: left\"><span style=\"color: black\"><\/span><\/div>\n<\/div>\n<div style=\"text-align: center\">\n<div style=\"text-align: left\"><span style=\"color: black\">Esta nueva amenaza de desalojo implicar\u00eda el quinto desplazamiento para la Escuela desde 1998. La situaci\u00f3n de inestabilidad y precariedad resulta particularmente perjudicial para una instituci\u00f3n educativa orientada a trabajar con j\u00f3venes en situaci\u00f3n de calle.<\/span><\/div>\n<\/div>\n<div style=\"text-align: center\"><span style=\"color: black\"> <\/span><\/div>\n<div style=\"text-align: center\">\n<div style=\"text-align: left\"><span style=\"color: black\">Esta acci\u00f3n se suma a los diversos y violentos desalojos que vienen sufriendo los habitantes de la Ciudad de Buenos Aires con el fin de expulsar del&nbsp;territorio&nbsp;a los sectores populares para utilizar los mismos en&nbsp;emprendimientos de alta rentabilidad y que benefician solo a minor\u00edas privilegiadas.<br \/> <\/span><\/div>\n<div style=\"text-align: left\"><span style=\"color: black\"><br \/><\/span><\/div>\n<\/div>\n<div style=\"text-align: center\">\n<div style=\"text-align: left\"><span style=\"color: black\"><b>FM Riachuelo<\/b> estuvo presente y en un <b>CHISPAZO INFORMATIVO&nbsp;<\/b>convers\u00f3 con diversos representantes de la comunidad educativa.&nbsp;Compartimos la palabras de <b>Pablo<\/b>, docente de la Instituci\u00f3n jaqueada.<\/span><\/div>\n<\/div>\n<p><\/span><\/p>\n<div style=\"text-align: center\">\n<div style=\"text-align: left\"><a href=\"http:\/\/www.divshare.com\/download\/26026838-3c7\" style=\"background-color: white;color: #1155cc;text-align: center\" target=\"_blank\" rel=\"noopener\"><b><span style=\"font-family: Verdana, sans-serif\">PABLO&nbsp;<\/span><\/b><\/a><\/div>\n<\/div>\n","protected":false},"excerpt":{"rendered":"<p>DEMOLIENDO ESCUELAS [FMR 26\/8\/14-12:30]&nbsp;El proyecto del Macrismo, \u201cMetrob\u00fas Paseo Col\u00f3n\u201d, planea demoler la Escuela Isauro Arancibia que funciona en la esquina de la Av. Paseo Colon y &nbsp;la calle Cochabamba de esta Ciudad. El proyecto tiene como objetivo ensanchar la avenida del sur porte\u00f1o para permitir el paso del Metrobus. Para cumplir con este prop\u00f3sito [&hellip;]<\/p>\n","protected":false},"author":4,"featured_media":0,"comment_status":"open","ping_status":"open","sticky":false,"template":"","format":"standard","meta":{"_monsterinsights_skip_tracking":false,"_monsterinsights_sitenote_active":false,"_monsterinsights_sitenote_note":"","_monsterinsights_sitenote_category":0,"jnews-multi-image_gallery":[],"jnews_single_post":{"format":"standard"},"jnews_primary_category":[],"_joinchat":[],"footnotes":""},"categories":[58],"tags":[149],"class_list":["post-1151","post","type-post","status-publish","format-standard","hentry","category-noticiariachuelo","tag-educacion-popular"],"_links":{"self":[{"href":"http:\/\/fmriachuelo.it10.com.ar\/index.php\/wp-json\/wp\/v2\/posts\/1151","targetHints":{"allow":["GET"]}}],"collection":[{"href":"http:\/\/fmriachuelo.it10.com.ar\/index.php\/wp-json\/wp\/v2\/posts"}],"about":[{"href":"http:\/\/fmriachuelo.it10.com.ar\/index.php\/wp-json\/wp\/v2\/types\/post"}],"author":[{"embeddable":true,"href":"http:\/\/fmriachuelo.it10.com.ar\/index.php\/wp-json\/wp\/v2\/users\/4"}],"replies":[{"embeddable":true,"href":"http:\/\/fmriachuelo.it10.com.ar\/index.php\/wp-json\/wp\/v2\/comments?post=1151"}],"version-history":[{"count":1,"href":"http:\/\/fmriachuelo.it10.com.ar\/index.php\/wp-json\/wp\/v2\/posts\/1151\/revisions"}],"predecessor-version":[{"id":21706,"href":"http:\/\/fmriachuelo.it10.com.ar\/index.php\/wp-json\/wp\/v2\/posts\/1151\/revisions\/21706"}],"wp:attachment":[{"href":"http:\/\/fmriachuelo.it10.com.ar\/index.php\/wp-json\/wp\/v2\/media?parent=1151"}],"wp:term":[{"taxonomy":"category","embeddable":true,"href":"http:\/\/fmriachuelo.it10.com.ar\/index.php\/wp-json\/wp\/v2\/categories?post=1151"},{"taxonomy":"post_tag","embeddable":true,"href":"http:\/\/fmriachuelo.it10.com.ar\/index.php\/wp-json\/wp\/v2\/tags?post=1151"}],"curies":[{"name":"wp","href":"https:\/\/api.w.org\/{rel}","templated":true}]}}