{"id":1148,"date":"2014-09-03T18:18:00","date_gmt":"2014-09-03T18:18:00","guid":{"rendered":"http:\/\/fmriachuelo.observatorioess.org.ar\/index.php\/2014\/09\/03\/barrio-papa-francisco-expulsion-y-ghetto\/"},"modified":"2025-02-21T16:11:32","modified_gmt":"2025-02-21T19:11:32","slug":"barrio-papa-francisco-expulsion-y-ghetto","status":"publish","type":"post","link":"http:\/\/fmriachuelo.it10.com.ar\/index.php\/2014\/09\/03\/barrio-papa-francisco-expulsion-y-ghetto\/","title":{"rendered":"BARRIO PAPA FRANCISCO: EXPULSI\u00d3N Y GHETTO"},"content":{"rendered":"<div style=\"font-family: verdana,sans-serif;text-align: left\"><span style=\"font-size: medium\"><span style=\"color: red;font-size: large\"><b>EL FUTURO LLEG\u00d3<\/b><\/span><br \/>  <\/span><\/div>\n<div style=\"font-family: verdana,sans-serif;text-align: left\"><span style=\"font-family: verdana,sans-serif;font-size: small\"><b>[FMR Mi\u00e9rcoles 03\/09\/14<\/b><\/span><span style=\"color: black;font-family: verdana,sans-serif;font-size: small\"><b>] <\/b><\/span><span style=\"font-size: small\"><b><span style=\"font-family: verdana, sans-serif\">Los habitantes del barrio Papa Francisco atraviesan la peor situaci\u00f3n por las condiciones de&nbsp;vivienda&nbsp;y la extrema violencia generada por las fuerzas de seguridad.&nbsp;Expulsados por el Estado, se encuentran sin soluci\u00f3n. En la ciudad m\u00e1s rica de la Argentina se est\u00e1n violando los derechos m\u00e1s elementales de las personas.<\/span><\/b><\/span><br \/><span style=\"font-size: small\"><br \/><\/span><span style=\"font-size: small\"><b style=\"font-family: verdana,sans-serif\">Ghetto:<\/b><span style=\"font-family: verdana, sans-serif\"> un vallado que ha dejado cercado a adultos y ni\u00f1os, sin comida, sin asistencia m\u00e9dica ni sanitaria. Sin las m\u00ednimas condiciones de subsistencia. Las escuelas se han cerrado. 700 familias afectadas y 1.000 chicos que hace 10 d\u00edas que no van a la escuela.<\/span><\/span><\/div>\n<div style=\"font-family: verdana,sans-serif;text-align: left\"><span style=\"font-size: small\">Y a\u00fan m\u00e1s: el s\u00e1bado pasado amparados por la oscuridad las fuerzas de seguridad entraron casa por casa de las 100 familias que resist\u00edan tirando balas de goma y prendiendo fuego todo.<\/span><\/div>\n<div style=\"font-family: verdana,sans-serif;text-align: left\"><span style=\"font-size: small\">Expulsados a la calle y sin respuestas ni del estado de la Ciudad ni del Estado Nacional.<\/span><br \/><span style=\"font-size: small\">\u00bfEs qu\u00e9 acaso ya volvi\u00f3 el neoliberalismo?<\/span><\/div>\n<div style=\"font-family: verdana,sans-serif;text-align: left\"><span style=\"font-size: small\">Los vecinos se organizan en la resistencia con la solidaridad de las organizaciones.<\/span><\/div>\n<div style=\"font-family: verdana,sans-serif;text-align: left\"><span style=\"font-size: small\"><br \/><\/span><span style=\"font-size: small\">Ante el silencio, la indiferencia y el prejuicio de los medios dominantes los medios populares construimos con la voz de los protagonistas una trinchera.<\/span><br \/><span style=\"font-size: small\"><br \/><\/span><span style=\"font-size: small\">La <b><span style=\"color: black;font-family: verdana, sans-serif\">Confederaci\u00f3n de Trabajadores de la&nbsp;Econom\u00eda&nbsp;Popular (CTEP)&nbsp;se acerc\u00f3 con una donaci\u00f3n solidaria&nbsp;de alimentos al Centro de d\u00eda El Puente, del Movimiento Popular La Dignidad.&nbsp;<\/span><\/b><b style=\"font-family: verdana,sans-serif;font-weight: normal\"><span style=\"font-family: verdana,sans-serif\"><br \/><\/span><\/b>&nbsp;<\/span><\/div>\n<div style=\"font-family: verdana,sans-serif;text-align: left\"><span style=\"font-size: small\"><span style=\"color: #0b5394\"><b><span style=\"font-family: verdana,sans-serif\">F\u00c1TIMA CABRERA<\/span><\/b><\/span> Coordinadora <b style=\"font-weight: normal\">Programa de Alfabetizaci\u00f3n, Educaci\u00f3n B\u00e1sica y Trabajo (PAEByT) fue entrevistada en <b style=\"color: red\">IRSE DE BOCA (S\u00e1bados de 14 a16 hs.)<\/b><\/b><\/span><br \/><span style=\"font-size: small\"><span style=\"color: #0b5394\"><b>MARINA<\/b><\/span> de la <b>C<span style=\"font-size: small\">orriente Villera Independiente <\/span><\/b><span style=\"font-size: small\">convers\u00f3 con las compa\u00f1eras de<\/span><span style=\"font-weight: normal\"> <\/span><b style=\"font-weight: normal\"><b>ROM<span style=\"font-size: small\">P\u00c9 EL CERCO<\/span><\/b><b style=\"color: red\"> (Lunes a Viernes de 17 a<span style=\"font-size: small\"> <span style=\"font-size: small\">19<\/span><\/span> hs.)<\/b><\/b><\/span><\/div>\n<div style=\"text-align: left\"><span style=\"color: black;font-family: verdana,sans-serif;font-size: small\"><span style=\"color: black\">Un <\/span><b style=\"color: red\">M\u00d3VIL RIACHUELO<\/b> <span style=\"color: black\">rescat\u00f3 los testimonios <\/span><\/span><span style=\"color: black;font-family: verdana,sans-serif;font-size: small\">de <span style=\"color: #0b5394\"><b>MARIANA <\/b>y <\/span><b style=\"color: blue\"><span style=\"color: #0b5394\">GISELA<\/span> <\/b>que se encuentran <\/span><span style=\"color: black;font-family: verdana,sans-serif;font-size: small\">en el <b>Centro de d\u00eda El Puente<\/b><\/span><span style=\"font-size: small\"><b style=\"color: black;font-family: verdana,sans-serif\">&nbsp; <\/b><span style=\"color: black;font-family: verdana, sans-serif\">y de <\/span><span style=\"color: #0b5394\"><b style=\"font-family: verdana,sans-serif\">MARTA ZANAGUA<\/b><\/span><span style=\"color: black;font-family: verdana, sans-serif\"> de la <\/span><b style=\"color: black;font-family: verdana,sans-serif\">CO.VI.L.PI., <\/b><span style=\"color: black;font-family: verdana, sans-serif\">en representaci\u00f3n de la CTEP&nbsp; <\/span><\/span><br \/><span style=\"font-size: small\"><b><span style=\"font-family: Verdana\">Confederaci\u00f3n de Trabajadores de la&nbsp;Econom\u00eda&nbsp;Popular<\/span><\/b><span style=\"color: black;font-family: verdana,sans-serif\">&nbsp;que don\u00f3 alimentos<span style=\"font-size: small\"><b>.<\/b><\/span><\/span><span style=\"font-family: verdana,sans-serif\"><span style=\"color: black;font-family: verdana,sans-serif\"><b style=\"color: blue\"><br style=\"font-family: verdana,sans-serif\" \/><\/b><\/span><\/span><\/span><\/div>\n<div style=\"text-align: left\"><span style=\"font-family: verdana,sans-serif;font-size: small\"><b style=\"color: blue\"><span style=\"font-family: verdana,sans-serif\"><a href=\"http:\/\/www.divshare.com\/download\/26067061-0de\" target=\"_parent\" rel=\"noopener\"><\/a><\/span><\/b><\/span><\/div>\n","protected":false},"excerpt":{"rendered":"<p>EL FUTURO LLEG\u00d3 [FMR Mi\u00e9rcoles 03\/09\/14] Los habitantes del barrio Papa Francisco atraviesan la peor situaci\u00f3n por las condiciones de&nbsp;vivienda&nbsp;y la extrema violencia generada por las fuerzas de seguridad.&nbsp;Expulsados por el Estado, se encuentran sin soluci\u00f3n. En la ciudad m\u00e1s rica de la Argentina se est\u00e1n violando los derechos m\u00e1s elementales de las personas.Ghetto: un [&hellip;]<\/p>\n","protected":false},"author":4,"featured_media":0,"comment_status":"open","ping_status":"open","sticky":false,"template":"","format":"standard","meta":{"_monsterinsights_skip_tracking":false,"_monsterinsights_sitenote_active":false,"_monsterinsights_sitenote_note":"","_monsterinsights_sitenote_category":0,"jnews-multi-image_gallery":[],"jnews_single_post":{"format":"standard"},"jnews_primary_category":[],"_joinchat":[],"footnotes":""},"categories":[60],"tags":[147],"class_list":["post-1148","post","type-post","status-publish","format-standard","hentry","category-mirada-riachuelo","tag-habitat"],"_links":{"self":[{"href":"http:\/\/fmriachuelo.it10.com.ar\/index.php\/wp-json\/wp\/v2\/posts\/1148","targetHints":{"allow":["GET"]}}],"collection":[{"href":"http:\/\/fmriachuelo.it10.com.ar\/index.php\/wp-json\/wp\/v2\/posts"}],"about":[{"href":"http:\/\/fmriachuelo.it10.com.ar\/index.php\/wp-json\/wp\/v2\/types\/post"}],"author":[{"embeddable":true,"href":"http:\/\/fmriachuelo.it10.com.ar\/index.php\/wp-json\/wp\/v2\/users\/4"}],"replies":[{"embeddable":true,"href":"http:\/\/fmriachuelo.it10.com.ar\/index.php\/wp-json\/wp\/v2\/comments?post=1148"}],"version-history":[{"count":1,"href":"http:\/\/fmriachuelo.it10.com.ar\/index.php\/wp-json\/wp\/v2\/posts\/1148\/revisions"}],"predecessor-version":[{"id":21709,"href":"http:\/\/fmriachuelo.it10.com.ar\/index.php\/wp-json\/wp\/v2\/posts\/1148\/revisions\/21709"}],"wp:attachment":[{"href":"http:\/\/fmriachuelo.it10.com.ar\/index.php\/wp-json\/wp\/v2\/media?parent=1148"}],"wp:term":[{"taxonomy":"category","embeddable":true,"href":"http:\/\/fmriachuelo.it10.com.ar\/index.php\/wp-json\/wp\/v2\/categories?post=1148"},{"taxonomy":"post_tag","embeddable":true,"href":"http:\/\/fmriachuelo.it10.com.ar\/index.php\/wp-json\/wp\/v2\/tags?post=1148"}],"curies":[{"name":"wp","href":"https:\/\/api.w.org\/{rel}","templated":true}]}}