{"id":11470,"date":"2020-01-29T00:48:10","date_gmt":"2020-01-29T00:48:10","guid":{"rendered":"http:\/\/fmriachuelo.com.ar\/?p=11470"},"modified":"2020-01-29T00:48:10","modified_gmt":"2020-01-29T00:48:10","slug":"el-rol-insustituible-de-la-organizacion-popular-declaraciones-del-sec-de-ddhh-de-la-cteputep-lito-borello","status":"publish","type":"post","link":"http:\/\/fmriachuelo.it10.com.ar\/index.php\/2020\/01\/29\/el-rol-insustituible-de-la-organizacion-popular-declaraciones-del-sec-de-ddhh-de-la-cteputep-lito-borello\/","title":{"rendered":"EL ROL INSUSTITUIBLE DE LA ORGANIZACI\u00d3N POPULAR: Declaraciones del Sec. de DDHH de la CTEP\/UTEP Lito Borello"},"content":{"rendered":"<p><strong>[FM Riachuelo 28\/01\/2020] Ayer, 27 de enero de 2020, ocurrieron dos hechos importantes que marcan un claro gesto de la necesidad de articular el poder institucional con el poder popular y el protagonismo de los movimientos populares para construir la soluciones a los graves y complejos problemas que afectan a la poblaci\u00f3n humilde y trabajadora de nuestro pa\u00eds. Como no pod\u00eda ser de otro modo, los multimedios hegem\u00f3nicos intentan invisivilizarlos, o bien con poca o nula cobertura o bien distorsionando el sentido con falsas pol\u00e9micas que corren el eje de lo realmente central: el insustituible rol de los movimientos populares.<\/strong><\/p>\n<p><strong>FM Riachuelo<\/strong>, en comunicaci\u00f3n telef\u00f3nica con el <strong>Secretario de Derechos Humanos de la CTEP\/UTEP Lito Borello<\/strong>, pidi\u00f3 compartir su mirada sobre la reuni\u00f3n en la que \u00e9l, junto a otrxs<strong> referentes de movimientos de la Econom\u00eda Popular mantuvieron con la Ministra de Seguridad y jefes de las fuerzas de seguridad<\/strong>. Tambi\u00e9n le preguntamos sobre el <strong>acto de lanzamiento del <\/strong><strong>plan \u201cArgentina Unida por Educaci\u00f3n y Trabajo\u201d realizado en el Municipio de Moreno con la participaci\u00f3n del Presidente de la Naci\u00f3n Alberto Fern\u00e1ndez<\/strong>.<\/p>\n<p>Sobre la <strong>reuni\u00f3n con la Ministra de Seguridad<\/strong> dijo: <em>\u201cFue una <strong>se\u00f1al pol\u00edtica auspiciosa del gobierno<\/strong> de Fern\u00e1ndez. Nosotros celebramos que este sea el esp\u00edritu pol\u00edtico que el gobierno transmita tanto desde la presidencia como desde el Ministerio de Seguridad.Obviamente, no negamos que hay un recorrido hist\u00f3rico que tuvo encuentros y desencuentros, pero sin duda el hecho marca tanto la <strong>predisposici\u00f3n del gobierno como de las organizaciones que accedimos a hacer esta primera reuni\u00f3n.<\/strong> Esta mostr\u00f3 la voluntad y la claridad de que <strong>la violencia no se resuelve con m\u00e1s violencia, que la represi\u00f3n nunca es soluci\u00f3n para las injusticias<\/strong> y que las resoluciones pol\u00edticas de las injusticias son necesarias y urgentes. Por tanto, hubo un <strong>clima distendido y amable<\/strong> tanto de las Fuerzas y del Ministerio como de las organizaciones sociales que fuimos parte del encuentro.<\/em><\/p>\n<p>Sobre el acto de lanzamiento del <strong>Plan\u00a0<\/strong><strong>\u201cArgentina Unida por Educaci\u00f3n y Trabajo\u201d<\/strong> manifest\u00f3: <em>\u201cFue <strong>un acto de gran importancia<\/strong> el realizado en el Municipio de Moreno. Su nueva intendenta <strong>Mariel Fern\u00e1ndez <\/strong>es una compa\u00f1era que nosotros claramente interpretamos como una propia, es una <strong>compa\u00f1era que viene de los movimientos populares<\/strong> y que, si bien ahora lleva adelante una gesti\u00f3n como intendenta y antes como concejal en dicho municipio, es una persona que viene de<strong> la matriz de las organizaciones populares.\u00a0<\/strong>Nos parece simb\u00f3lico, y tambi\u00e9n muy auspicioso, que un programa que intenta ir <strong>transformando los planes en trabajo con una participaci\u00f3n muy fuerte de las organizaciones<\/strong>, las cooperativas y los distintos instrumentos que hemos sabido construir en la Econom\u00eda Popular se lance en ese territorio junto a esta compa\u00f1era. Es una <strong>se\u00f1al de protagonismo y de participaci\u00f3n de los movimientos en este proceso que se est\u00e1 viviendo<\/strong>. <\/em>En ese sentido agreg\u00f3: \u201c<em>Sin dudas lo que viene por delante no ser\u00e1 sencillo, pero creo <strong>que los movimientos populares estamos demostrando que estamos profundamente comprometidos<\/strong> con el desaf\u00edo de ir retomando el camino de un tiempo emancipador en la regi\u00f3n de Am\u00e9rica Latina y la construcci\u00f3n de una sociedad justa y humana\u00a0<strong>para salir de esta noche negra\u00a0<\/strong>que nos dejaron los cuatro a\u00f1os de Mauricio Macri y su mal gobierno y un futuro de hambre, miseria y muerte que el capitalismo sigue ofreciendo.<\/em><\/p>\n<p>Por \u00faltimo, sobre el <strong>rol de los multimedios<\/strong> al servicio del poder imperial dijo:<em> \u201cSabemos que los grandes medios van a trabajar, en la medida en que no puedan ocultar ni invisibilizar este tipo de acciones y medidas del gobierno nacional, para generar controversias o intrigas palaciegas con la intenci\u00f3n de <strong>romper tejido social y dividir a la sociedad<\/strong>. Es lo que han hecho los grandes multimedios globalizados todos estos \u00faltimos a\u00f1os como tarea al servicio de los poderosos. Evidentemente <strong>es necesario una Comunicaci\u00f3n Popular<\/strong> que tome registro de estas acciones y medidas y las difunda lo m\u00e1s posible para que el conjunto del Pueblo las conozca.\u201d<\/em><\/p>\n","protected":false},"excerpt":{"rendered":"<p>[FM Riachuelo 28\/01\/2020] Ayer, 27 de enero de 2020, ocurrieron dos hechos importantes que marcan un claro gesto de la necesidad de articular el poder institucional con el poder popular y el protagonismo de los movimientos populares para construir la soluciones a los graves y complejos problemas que afectan a la poblaci\u00f3n humilde y trabajadora [&hellip;]<\/p>\n","protected":false},"author":5,"featured_media":11471,"comment_status":"closed","ping_status":"closed","sticky":false,"template":"","format":"standard","meta":{"_monsterinsights_skip_tracking":false,"_monsterinsights_sitenote_active":false,"_monsterinsights_sitenote_note":"","_monsterinsights_sitenote_category":0,"jnews-multi-image_gallery":[],"jnews_single_post":[],"jnews_primary_category":[],"_joinchat":[],"footnotes":""},"categories":[76,74,75],"tags":[],"class_list":["post-11470","post","type-post","status-publish","format-standard","has-post-thumbnail","hentry","category-salud-comunitaria","category-san-cayetano","category-trabajo"],"_links":{"self":[{"href":"http:\/\/fmriachuelo.it10.com.ar\/index.php\/wp-json\/wp\/v2\/posts\/11470","targetHints":{"allow":["GET"]}}],"collection":[{"href":"http:\/\/fmriachuelo.it10.com.ar\/index.php\/wp-json\/wp\/v2\/posts"}],"about":[{"href":"http:\/\/fmriachuelo.it10.com.ar\/index.php\/wp-json\/wp\/v2\/types\/post"}],"author":[{"embeddable":true,"href":"http:\/\/fmriachuelo.it10.com.ar\/index.php\/wp-json\/wp\/v2\/users\/5"}],"replies":[{"embeddable":true,"href":"http:\/\/fmriachuelo.it10.com.ar\/index.php\/wp-json\/wp\/v2\/comments?post=11470"}],"version-history":[{"count":0,"href":"http:\/\/fmriachuelo.it10.com.ar\/index.php\/wp-json\/wp\/v2\/posts\/11470\/revisions"}],"wp:featuredmedia":[{"embeddable":true,"href":"http:\/\/fmriachuelo.it10.com.ar\/index.php\/wp-json\/wp\/v2\/media\/11471"}],"wp:attachment":[{"href":"http:\/\/fmriachuelo.it10.com.ar\/index.php\/wp-json\/wp\/v2\/media?parent=11470"}],"wp:term":[{"taxonomy":"category","embeddable":true,"href":"http:\/\/fmriachuelo.it10.com.ar\/index.php\/wp-json\/wp\/v2\/categories?post=11470"},{"taxonomy":"post_tag","embeddable":true,"href":"http:\/\/fmriachuelo.it10.com.ar\/index.php\/wp-json\/wp\/v2\/tags?post=11470"}],"curies":[{"name":"wp","href":"https:\/\/api.w.org\/{rel}","templated":true}]}}