{"id":1145,"date":"2014-09-07T23:08:00","date_gmt":"2014-09-07T23:08:00","guid":{"rendered":"http:\/\/fmriachuelo.observatorioess.org.ar\/index.php\/2014\/09\/07\/un-poquito-de-historia-2\/"},"modified":"2025-02-21T16:13:39","modified_gmt":"2025-02-21T19:13:39","slug":"un-poquito-de-historia-2","status":"publish","type":"post","link":"http:\/\/fmriachuelo.it10.com.ar\/index.php\/2014\/09\/07\/un-poquito-de-historia-2\/","title":{"rendered":"UN POQUITO DE HISTORIA&#8230;"},"content":{"rendered":"<p><span style=\"font-family: Verdana,sans-serif\"><span style=\"font-size: small\"><span style=\"color: #2a2a2a;line-height: 115%\"><span lang=\"ES\"><b>A 192 A\u00d1OS DEL GRITO DE IPIRANGA<\/b><\/span><\/span><\/span><\/span><\/p>\n<div style=\"margin: 0cm 0cm 10pt;text-align: left\"><span style=\"color: red\"><span style=\"font-size: large\"><span style=\"font-family: Verdana,sans-serif\"><span style=\"line-height: 115%\"><span lang=\"ES\"><b>\u00abINDEPENDENCIA O MUERTE\u00bb<\/b><\/span><\/span><\/span><\/span><\/span><span style=\"font-family: Verdana,sans-serif\"><span style=\"font-size: small\"><span style=\"color: #2a2a2a;line-height: 115%\"><span lang=\"ES\"><span style=\"color: black\">&nbsp;<\/span><\/span><\/span><\/span><\/span><br \/><span style=\"font-family: Verdana,sans-serif;font-size: small\"><span style=\"color: #2a2a2a;line-height: 115%\"><span lang=\"ES\"><span style=\"color: black\">El detonante para la independencia de Brasil es, al igual que para la Am\u00e9rica espa\u00f1ola, la invasi\u00f3n de la Pen\u00ednsula Ib\u00e9rica por parte de las tropas de Napole\u00f3n<\/span><\/span><\/span><span style=\"color: #2a2a2a;line-height: 115%\"><span lang=\"ES\"><span style=\"color: black\">&nbsp;<\/span><\/span><\/span><\/span><br \/><span style=\"font-family: Verdana,sans-serif;font-size: small\"><span style=\"color: #2a2a2a;line-height: 115%\"><span lang=\"ES\"><span style=\"color: black\">Ante estos hechos, los brit\u00e1nicos ofrecer\u00e1n protecci\u00f3n a la familia real portuguesa y a su extensa corte para abandonar el pa\u00eds en direcci\u00f3n a Brasil. Encabezada por el regente Juan (Lisboa, Portugal, 1767-Lisboa, Portugal, 1826) y su esposa, &nbsp;la expedici\u00f3n transportar\u00e1 a m\u00e1s de 10.000 personas. La corte se instalar\u00e1 en un principio en Salvador de Bah\u00eda donde llegar\u00e1 en enero de 1808, para establecerse definitivamente en R\u00edo de Janeiro.<\/span><\/span><\/span><span lang=\"ES\"><span lang=\"ES\">&nbsp;<\/span><\/span><\/span><br \/><span style=\"font-family: Verdana,sans-serif;font-size: small\"><span lang=\"ES\"><span lang=\"ES\">Desde 1808, y vistas las ventajas de gobernar desde este rinc\u00f3n del mundo, el pr\u00edncipe regente elevar\u00e1 el principado de Brasil a categor\u00eda de reino, conformando el <i>Reino Unido de Portugal, Brasil y los Algarves<\/i>.&nbsp;<\/span><\/span><\/span><br \/><span style=\"font-family: Verdana,sans-serif;font-size: small\"><span lang=\"ES\"><span lang=\"ES\">Pacificada ya la Pen\u00ednsula Ib\u00e9rica, en Portugal crece el descontento por la permanencia de Juan VI en R\u00edo de Janeiro que emprende el regreso.<\/span><span style=\"color: black\">&nbsp;<\/span><\/span><\/span><br \/><span style=\"font-family: Verdana,sans-serif;font-size: small\"><span lang=\"ES\"><span style=\"color: black\">Pedro I hab\u00eda quedado como regente de&nbsp; Brasil <\/span><span style=\"color: black\">tras el fin de las Guerras Napole\u00f3nicas.<\/span><\/span><\/span><br \/><span style=\"font-family: Verdana,sans-serif;font-size: small\"><span lang=\"ES\"><span style=\"color: black\">Los privilegios que hab\u00eda ganado Brasil mientras acog\u00eda a la exiliada casa real desaparecieron. &nbsp;Se produce una alianza entre Pedro I, el nacionalismo brasile\u00f1o y los sectores progresistas en <\/span><a href=\"http:\/\/es.wikipedia.org\/wiki\/Portugal\" title=\"Portugal\"><span style=\"color: windowtext;text-decoration: none\">Portugal<\/span><\/a><span style=\"color: black\">. Tras recibir en<b> <\/b><\/span><a href=\"http:\/\/es.wikipedia.org\/wiki\/Riacho_Ipiranga\" title=\"Riacho Ipiranga\"><span style=\"color: windowtext;text-decoration: none\"><b>Ipiranga<\/b><\/span><\/a><span style=\"color: black\"> correos de Portugal inform\u00e1ndole de que las cortes pretend\u00edan reinstaurar las relaciones coloniales, Pedro I se rebel\u00f3 abiertamente bajo el grito \u00abIndependencia o muerte!\u00bb<\/span><\/span><span style=\"color: #2a2a2a;line-height: 115%\"><span style=\"color: black\">&nbsp;<\/span><\/span><\/span><br \/><span style=\"font-family: Verdana,sans-serif;font-size: small\"><span style=\"line-height: 115%\"><span style=\"color: black\">La declaraci\u00f3n de independencia de Brasil se conoce como <b>Grito de Ipiranga<\/b> y fue realizada por el pr\u00edncipe Pedro el 7 de setiembre de 1822.<\/span><b>&nbsp;<\/b><\/span><\/span><\/p>\n<div style=\"margin: 0.1pt 0cm\"><span style=\"font-family: Verdana,sans-serif\"><span style=\"font-size: small\"><span style=\"line-height: 115%\"><b>HEROINAS AMERICANAS<\/b><\/span><\/span><\/span><span style=\"font-size: large\"><span style=\"color: red\"><b><span style=\"font-family: Verdana\">&nbsp;<\/span><\/b><\/span><\/span><\/div>\n<p><span style=\"font-size: large\"><span style=\"color: red\"><b><span style=\"font-family: Verdana\">El 5 de septiembre en la regi\u00f3n se conmemor\u00f3 el D\u00eda Internacional de la Mujer Ind\u00edgena<\/span><\/b><\/span><\/span><br \/><span style=\"font-family: Verdana,sans-serif;font-size: small\"><span lang=\"ES\"><span style=\"color: black\">El 5 de septiembre, se celeb\u00f3 el D\u00eda Internacional de la Mujer Ind\u00edgena en memoria del cruel asesinato de <b>Bartolina Sisa<\/b>, comandanta y cabeza del mayor levantamiento aymara contra la corona espa\u00f1ola,. <u>A 232 a\u00f1os<\/u> de su muerte, <b>las originarias de Nuestra Am\u00e9rica<\/b> siguen su ejemplo de lucha, tes\u00f3n y rebeld\u00eda contra la opresi\u00f3n.&nbsp;<\/span><\/span><\/span><br \/><span style=\"font-family: Verdana,sans-serif;font-size: small\"><span lang=\"ES\"><span style=\"color: black\">Fue en el Segundo Encuentro de Organizaciones y Movimientos de Am\u00e9rica en Tiwanaku, Bolivia, realizado en 1983, que se estableci\u00f3 este d\u00eda de conmemoraci\u00f3n. En la actualidad, comunidades ind\u00edgenas rinden su homenaje, por un lado, a la valent\u00eda de Bartolina Sisa, aguerrida ind\u00edgena aymara que fue cruelmente torturada y ejecutada el 5 de septiembre de 1782 en La Paz, por pedir justicia y libertad para su pueblo junto a su compa\u00f1ero Tupac Katari. Y, por el otro, a las hero\u00ednas de la Coronilla, peque\u00f1o ej\u00e9rcito de mujeres de Cochabamba, quienes ante la cobard\u00eda de sus esposos, padres e hijos, decidieron organizarse y armarse para enfrentar a las fuerzas realistas y defender sus casas, si bien sab\u00edan la desproporci\u00f3n que exist\u00eda, lucharon y resistieron a la opresi\u00f3n de la Corona espa\u00f1ola durante la batalla en la colina de San Sebasti\u00e1n, el 27 de mayo de 1812.<\/span><\/span><\/span><\/div>\n<div style=\"margin: 0cm 0cm 10pt;text-align: left\"><\/div>\n<div style=\"margin: 0cm 0cm 10pt;text-align: left\"><span style=\"font-family: Verdana,sans-serif\"><span style=\"font-size: small\"><span style=\"color: black\"> <\/span><\/span><\/span><\/div>\n<div style=\"margin: 0cm 0cm 10pt;text-align: left\"><span style=\"font-family: Verdana,sans-serif\"><span style=\"font-size: small\"><span style=\"color: black\"> <\/span><\/span><\/span><\/div>\n<div style=\"text-align: left\"><span style=\"color: #2a2a2a;line-height: 115%\">   <\/span><\/div>\n<div align=\"justify\" style=\"margin: 0cm 0cm 10pt;text-align: center\"><span style=\"color: #2a2a2a;line-height: 115%\"><span style=\"color: black\"> <\/span><\/span><\/div>\n<p><span style=\"color: #2a2a2a;line-height: 115%\"><\/span><span style=\"font-family: Verdana,sans-serif\"><span style=\"font-size: small\"><span style=\"color: #2a2a2a;line-height: 115%\"><\/span><\/span><\/span><\/p>\n","protected":false},"excerpt":{"rendered":"<p>A 192 A\u00d1OS DEL GRITO DE IPIRANGA \u00abINDEPENDENCIA O MUERTE\u00bb&nbsp;El detonante para la independencia de Brasil es, al igual que para la Am\u00e9rica espa\u00f1ola, la invasi\u00f3n de la Pen\u00ednsula Ib\u00e9rica por parte de las tropas de Napole\u00f3n&nbsp;Ante estos hechos, los brit\u00e1nicos ofrecer\u00e1n protecci\u00f3n a la familia real portuguesa y a su extensa corte para abandonar [&hellip;]<\/p>\n","protected":false},"author":4,"featured_media":0,"comment_status":"open","ping_status":"open","sticky":false,"template":"","format":"standard","meta":{"_monsterinsights_skip_tracking":false,"_monsterinsights_sitenote_active":false,"_monsterinsights_sitenote_note":"","_monsterinsights_sitenote_category":0,"jnews-multi-image_gallery":[],"jnews_single_post":{"format":"standard"},"jnews_primary_category":[],"_joinchat":[],"footnotes":""},"categories":[60],"tags":[72,150],"class_list":["post-1145","post","type-post","status-publish","format-standard","hentry","category-mirada-riachuelo","tag-historia-de-la-lucha-de-los-pueblos","tag-patria-grande"],"_links":{"self":[{"href":"http:\/\/fmriachuelo.it10.com.ar\/index.php\/wp-json\/wp\/v2\/posts\/1145","targetHints":{"allow":["GET"]}}],"collection":[{"href":"http:\/\/fmriachuelo.it10.com.ar\/index.php\/wp-json\/wp\/v2\/posts"}],"about":[{"href":"http:\/\/fmriachuelo.it10.com.ar\/index.php\/wp-json\/wp\/v2\/types\/post"}],"author":[{"embeddable":true,"href":"http:\/\/fmriachuelo.it10.com.ar\/index.php\/wp-json\/wp\/v2\/users\/4"}],"replies":[{"embeddable":true,"href":"http:\/\/fmriachuelo.it10.com.ar\/index.php\/wp-json\/wp\/v2\/comments?post=1145"}],"version-history":[{"count":1,"href":"http:\/\/fmriachuelo.it10.com.ar\/index.php\/wp-json\/wp\/v2\/posts\/1145\/revisions"}],"predecessor-version":[{"id":21712,"href":"http:\/\/fmriachuelo.it10.com.ar\/index.php\/wp-json\/wp\/v2\/posts\/1145\/revisions\/21712"}],"wp:attachment":[{"href":"http:\/\/fmriachuelo.it10.com.ar\/index.php\/wp-json\/wp\/v2\/media?parent=1145"}],"wp:term":[{"taxonomy":"category","embeddable":true,"href":"http:\/\/fmriachuelo.it10.com.ar\/index.php\/wp-json\/wp\/v2\/categories?post=1145"},{"taxonomy":"post_tag","embeddable":true,"href":"http:\/\/fmriachuelo.it10.com.ar\/index.php\/wp-json\/wp\/v2\/tags?post=1145"}],"curies":[{"name":"wp","href":"https:\/\/api.w.org\/{rel}","templated":true}]}}