{"id":11444,"date":"2020-01-27T18:23:26","date_gmt":"2020-01-27T18:23:26","guid":{"rendered":"http:\/\/fmriachuelo.com.ar\/?p=11444"},"modified":"2020-01-27T18:23:26","modified_gmt":"2020-01-27T18:23:26","slug":"entre-rios-primer-encuentro-de-pescadoras-y-pescadores-artesanales-de-rio-en-la-paz","status":"publish","type":"post","link":"http:\/\/fmriachuelo.it10.com.ar\/index.php\/2020\/01\/27\/entre-rios-primer-encuentro-de-pescadoras-y-pescadores-artesanales-de-rio-en-la-paz\/","title":{"rendered":"ENTRE R\u00cdOS: PRIMER ENCUENTRO DE PESCADORAS Y PESCADORES ARTESANALES DE R\u00cdO EN LA PAZ"},"content":{"rendered":"<p><strong>[FM Riachuelo 27\/01\/2020] El 26 de enero se celebra el D\u00eda Mundial del Pecador, en este contexto lxs pescadorxs de La Paz, Entre R\u00ed\u00f3s junto a organizaciones populares del todo el pa\u00eds, realizaron\u00a0 el primer encuentro de Pescadoras y Pescadores Artesanales de r\u00edo. La actividad<\/strong><strong>\u00a0se realiz\u00f3 para intentar poner en com\u00fan las distintas problematicas del sector y\u00a0 reflexionar colectivamente e impulsar la articulaci\u00f3n con otros espacios no necesariamente ligados a la pesca.\u00a0<\/strong><\/p>\n<p>Durante el encuentro se intercambiaron distintas problem\u00e1ticas que padecen lxs lugare\u00f1xs \u00a0que\u00a0 sobreviven de la pesca artesanal. Algunos de esos problemas tienen que ver con: la ley de veda a la pesca por varios meses, la persecuci\u00f3n policial y el decomiso de sus herramientas de trabajo, la industria pesquera que domina el mercado,la precariedad laboral, sumado a la falta de acceso a servicios b\u00e1sicos para sus familias como el acceso al agua potable, servicios cloacales y acceso a la salud y educaci\u00f3n.<\/p>\n<p><img loading=\"lazy\" decoding=\"async\" class=\"wp-image-11447 size-medium alignleft\" src=\"http:\/\/fmriachuelo.com.ar\/wp-content\/uploads\/2020\/01\/83705927_2760503147338216_6208885837849952256_o-300x201.jpg\" alt=\"\" width=\"300\" height=\"201\" srcset=\"http:\/\/fmriachuelo.it10.com.ar\/wp-content\/uploads\/2020\/01\/83705927_2760503147338216_6208885837849952256_o-300x201.jpg 300w, http:\/\/fmriachuelo.it10.com.ar\/wp-content\/uploads\/2020\/01\/83705927_2760503147338216_6208885837849952256_o-1024x684.jpg 1024w, http:\/\/fmriachuelo.it10.com.ar\/wp-content\/uploads\/2020\/01\/83705927_2760503147338216_6208885837849952256_o-768x513.jpg 768w, http:\/\/fmriachuelo.it10.com.ar\/wp-content\/uploads\/2020\/01\/83705927_2760503147338216_6208885837849952256_o-1536x1027.jpg 1536w, http:\/\/fmriachuelo.it10.com.ar\/wp-content\/uploads\/2020\/01\/83705927_2760503147338216_6208885837849952256_o-750x501.jpg 750w, http:\/\/fmriachuelo.it10.com.ar\/wp-content\/uploads\/2020\/01\/83705927_2760503147338216_6208885837849952256_o-1140x762.jpg 1140w, http:\/\/fmriachuelo.it10.com.ar\/wp-content\/uploads\/2020\/01\/83705927_2760503147338216_6208885837849952256_o.jpg 1870w\" sizes=\"auto, (max-width: 300px) 100vw, 300px\" \/><\/p>\n<p>\u00abEs muy importante que hoy nos hayamos juntado los pescadorxs de Entre R\u00edos con otras organizaciones para resolver juntos los problemas que tenemos en cada territorio\u00bb, expresa Juan Carlos S\u00e1nchez, referente del Frente Barrial \u201cPocho Lepratti\u201d, que tambi\u00e9n resalt\u00f3 la gran importancia de la unidad entre lxs pescadorxs para construir resistencia y organizaci\u00f3n popular.<\/p>\n<p>La situaci\u00f3n de la pesca artesanal es una de las problem\u00e1ticas relacionadas a la soberan\u00eda alimentaria: se realiza para abastecer el alimento propio y a la hora de comercializarse se prioriza la calidad del producto. El compa\u00f1ero Gerardo \u201cTata\u201d Villalba, que proviene de familia pescadora, lo explica en palabras claras: \u201cEl pescador artesanal se llama as\u00ed porque fabrica sus propias herramientas, por ejemplo: sus redes las fabrica \u00e9l, espineles, tramperos y sus\u00a0 lanzas.\u00a0 Y saca el pescado para el consumo propio, y despu\u00e9s vende algo para subsistir, para comprar sus cosas\u201d. Y luego agrega: \u201cotra cosa que diferencia al pescador artesanal del industrial es que no pesca en distintas cantidades. Son familias de dos o tres personas, por ah\u00ed pescan con sus hijos. Es la gente que siempre vivi\u00f3 en las costas del r\u00edo\u201d.<\/p>\n<p>Manuel, coordinador de C.T.E.P. 19 y 20 de Santa Elena en referencia al cooperativismo dec\u00eda lo siguiente: \u201chay grupos que ya est\u00e1n trabajando organizados, por ejemplo: hay un grupo de \u00a0compa\u00f1eros que son pr\u00e1cticamente una cooperativa. Lo \u00fanico que le falta son los papeles, pero trabajan de forma cooperativa, de forma asociativa. Ellos comparten embarcaciones, comparten herramientas, pescan pr\u00e1cticamente en los mismos lugares, y la venta tambi\u00e9n la hacen en conjunto, as\u00ed que eso es el cooperativismo\u00bb.<\/p>\n<p><img loading=\"lazy\" decoding=\"async\" class=\"alignleft wp-image-11453 size-medium\" src=\"http:\/\/fmriachuelo.com.ar\/wp-content\/uploads\/2020\/01\/WhatsApp-Image-2020-01-25-at-10.59.43-AM-300x225.jpeg\" alt=\"\" width=\"300\" height=\"225\" srcset=\"http:\/\/fmriachuelo.it10.com.ar\/wp-content\/uploads\/2020\/01\/WhatsApp-Image-2020-01-25-at-10.59.43-AM-300x225.jpeg 300w, http:\/\/fmriachuelo.it10.com.ar\/wp-content\/uploads\/2020\/01\/WhatsApp-Image-2020-01-25-at-10.59.43-AM-1024x768.jpeg 1024w, http:\/\/fmriachuelo.it10.com.ar\/wp-content\/uploads\/2020\/01\/WhatsApp-Image-2020-01-25-at-10.59.43-AM-768x576.jpeg 768w, http:\/\/fmriachuelo.it10.com.ar\/wp-content\/uploads\/2020\/01\/WhatsApp-Image-2020-01-25-at-10.59.43-AM-750x563.jpeg 750w, http:\/\/fmriachuelo.it10.com.ar\/wp-content\/uploads\/2020\/01\/WhatsApp-Image-2020-01-25-at-10.59.43-AM.jpeg 1040w\" sizes=\"auto, (max-width: 300px) 100vw, 300px\" \/>\u201cLa fragmentaci\u00f3n social que ha generado muchos a\u00f1os de dominio por los poderes dominantes locales e internacionales. Esa fragmentaci\u00f3n hace que cada uno de nosotros piense que\u00a0 el problema lo tiene cada uno y no que es com\u00fan a los dem\u00e1s. Es interesante que se encuentren hermanados no solo los trabajadores de la misma rama (en referencia a los trabajadores de la pesca). Hay una especie de reencuentro solidario, como el comienzo de los movimientos populares y sindicales en nuestro pa\u00eds, que es auspicioso\u00bb, expres\u00f3 Alejandro Lucero referente de la Casas de Atenci\u00f3n y Acompa\u00f1amiento Comunitario (CAACS) del Barrio de La Boca.<\/p>\n<p>La actividad fue convocada por el Frente Barrial \u201cPocho Lepratti\u201d, La Paz, Entre R\u00edos, de la mano de su referente Juan Carlos \u201cEl Negro\u201d S\u00e1nchez,\u00a0 La actividad cont\u00f3 con la participaci\u00f3n de la Organizaci\u00f3n Los Pibes, Casas de Atenci\u00f3n y Acompa\u00f1amiento Comunitario (CAACS) del barrio de la Boca, FM Riachuelo 100.9, CTEP 19 Y 20 Santa Elena, Frente Nacional Campesino de Formosa, Movimiento Nacional \u00abCuidadores de la Casa Com\u00fan de Entre R\u00edos, Asoc. de Pescadorxs Artesanales La Paz, la Coop. de Trabajo de pescadores artesanales, el Frente Agrario Evita, la Sec. de Agricultura\u00a0 Familiar delegaci\u00f3n La Paz, entre otras.<\/p>\n<p><span style=\"color: #000000\"><strong><a href=\"https:\/\/m.facebook.com\/story.php?story_fbid=2760509470670917&amp;id=196659553722601\">ALB\u00daM DE FOTOS: 1\u00b0 ENCUENTRO DE PESCADORXS ARTESANALES<\/a><\/strong><\/span><\/p>\n<p><iframe loading=\"lazy\" title=\"1\u00b0 ENCUENTRO DE PESCADORXS ATESANALES EN LA PAZ ENTRE R\u00cdOS by FMR\" width=\"500\" height=\"450\" scrolling=\"no\" frameborder=\"no\" src=\"https:\/\/w.soundcloud.com\/player\/?visual=true&#038;url=https%3A%2F%2Fapi.soundcloud.com%2Fplaylists%2F974925547&#038;show_artwork=true&#038;maxheight=750&#038;maxwidth=500\"><\/iframe><\/p>\n","protected":false},"excerpt":{"rendered":"<p>[FM Riachuelo 27\/01\/2020] El 26 de enero se celebra el D\u00eda Mundial del Pecador, en este contexto lxs pescadorxs de La Paz, Entre R\u00ed\u00f3s junto a organizaciones populares del todo el pa\u00eds, realizaron\u00a0 el primer encuentro de Pescadoras y Pescadores Artesanales de r\u00edo. La actividad\u00a0se realiz\u00f3 para intentar poner en com\u00fan las distintas problematicas del [&hellip;]<\/p>\n","protected":false},"author":5,"featured_media":11451,"comment_status":"closed","ping_status":"closed","sticky":false,"template":"","format":"standard","meta":{"_monsterinsights_skip_tracking":false,"_monsterinsights_sitenote_active":false,"_monsterinsights_sitenote_note":"","_monsterinsights_sitenote_category":0,"jnews-multi-image_gallery":[],"jnews_single_post":[],"jnews_primary_category":[],"_joinchat":[],"footnotes":""},"categories":[76,126,75],"tags":[],"class_list":["post-11444","post","type-post","status-publish","format-standard","has-post-thumbnail","hentry","category-salud-comunitaria","category-soberania-alimentaria","category-trabajo"],"_links":{"self":[{"href":"http:\/\/fmriachuelo.it10.com.ar\/index.php\/wp-json\/wp\/v2\/posts\/11444","targetHints":{"allow":["GET"]}}],"collection":[{"href":"http:\/\/fmriachuelo.it10.com.ar\/index.php\/wp-json\/wp\/v2\/posts"}],"about":[{"href":"http:\/\/fmriachuelo.it10.com.ar\/index.php\/wp-json\/wp\/v2\/types\/post"}],"author":[{"embeddable":true,"href":"http:\/\/fmriachuelo.it10.com.ar\/index.php\/wp-json\/wp\/v2\/users\/5"}],"replies":[{"embeddable":true,"href":"http:\/\/fmriachuelo.it10.com.ar\/index.php\/wp-json\/wp\/v2\/comments?post=11444"}],"version-history":[{"count":0,"href":"http:\/\/fmriachuelo.it10.com.ar\/index.php\/wp-json\/wp\/v2\/posts\/11444\/revisions"}],"wp:featuredmedia":[{"embeddable":true,"href":"http:\/\/fmriachuelo.it10.com.ar\/index.php\/wp-json\/wp\/v2\/media\/11451"}],"wp:attachment":[{"href":"http:\/\/fmriachuelo.it10.com.ar\/index.php\/wp-json\/wp\/v2\/media?parent=11444"}],"wp:term":[{"taxonomy":"category","embeddable":true,"href":"http:\/\/fmriachuelo.it10.com.ar\/index.php\/wp-json\/wp\/v2\/categories?post=11444"},{"taxonomy":"post_tag","embeddable":true,"href":"http:\/\/fmriachuelo.it10.com.ar\/index.php\/wp-json\/wp\/v2\/tags?post=11444"}],"curies":[{"name":"wp","href":"https:\/\/api.w.org\/{rel}","templated":true}]}}