{"id":1144,"date":"2014-09-08T12:20:00","date_gmt":"2014-09-08T12:20:00","guid":{"rendered":"http:\/\/fmriachuelo.observatorioess.org.ar\/index.php\/2014\/09\/08\/inauguracion-con-feria\/"},"modified":"2025-02-21T16:16:29","modified_gmt":"2025-02-21T19:16:29","slug":"inauguracion-con-feria","status":"publish","type":"post","link":"http:\/\/fmriachuelo.it10.com.ar\/index.php\/2014\/09\/08\/inauguracion-con-feria\/","title":{"rendered":"INAUGURACION CON FERIA"},"content":{"rendered":"<div style=\"text-align: left\"><a href=\"http:\/\/2.bp.blogspot.com\/-96KI7ZDc3S4\/VA2fFD7Th4I\/AAAAAAAAAx4\/D9A02XRyeZA\/s1600\/feria%2Bctep%2B2.jpg\" style=\"clear: left;float: left;margin-bottom: 1em;margin-right: 1em\"><img loading=\"lazy\" decoding=\"async\" border=\"0\" src=\"http:\/\/2.bp.blogspot.com\/-96KI7ZDc3S4\/VA2fFD7Th4I\/AAAAAAAAAx4\/D9A02XRyeZA\/s1600\/feria%2Bctep%2B2.jpg\" height=\"213\" width=\"320\" \/><\/a><span style=\"font-size: large\"><span style=\"font-family: Verdana,sans-serif\"><b><span style=\"color: red\">LA ECONOM\u00cdA POPULAR AL ALCANCE<\/span><\/b><\/span><\/span><\/div>\n<div style=\"text-align: left\"><span style=\"font-size: large\"><span style=\"font-family: Verdana,sans-serif\"><b><span style=\"color: red\">DE LA MANO<\/span><\/b><\/span><\/span><br \/><span style=\"font-family: Verdana,sans-serif\"><span style=\"font-size: small\"><b>Este s\u00e1bado 7 de septiembre se inaugur\u00f3 la Seccional Capital de la Confederaci\u00f3n de Trabajadores de la Econom\u00eda Popular, CTE<span style=\"font-size: small\">P.<\/span><\/b><\/span><\/span><\/p>\n<p><span style=\"font-family: Verdana,sans-serif\"><span style=\"font-size: small\"><b><span style=\"font-size: small\"><span style=\"font-family: Verdana,sans-serif\"><span style=\"font-size: small\"><b>FM Riachuelo<\/b> estuvo presente como parte integrante de la CTEP y recogiendo las voces de los participantes.<\/span><\/span><\/span><\/b><\/span><\/span><\/p>\n<p><span style=\"font-family: Verdana,sans-serif\"><span style=\"font-size: small\"><\/span><\/span><br \/><a name='more'><\/a><span style=\"font-family: Verdana,sans-serif\"><span style=\"font-size: small\">&nbsp;<\/span><\/span><br \/><a href=\"http:\/\/2.bp.blogspot.com\/-xRsxpSjhdfA\/VA2fAVg1cqI\/AAAAAAAAAxw\/deEJECgzSSc\/s1600\/feria%2Bctep%2B1.jpg\" style=\"clear: right;float: right;margin-bottom: 1em;margin-left: 1em\"><img loading=\"lazy\" decoding=\"async\" border=\"0\" src=\"http:\/\/2.bp.blogspot.com\/-xRsxpSjhdfA\/VA2fAVg1cqI\/AAAAAAAAAxw\/deEJECgzSSc\/s1600\/feria%2Bctep%2B1.jpg\" height=\"213\" width=\"320\" \/><\/a><span style=\"font-family: Verdana,sans-serif\"><span style=\"font-size: small\">Con una Feria de la Econom\u00eda Popular que acerc\u00f3 a los vecinos del barrio de Balvanera productos variados, frescos y sin intermediaci\u00f3n, a precios diferenciales y directo del productor.<\/span><\/span><\/div>\n<div style=\"text-align: justify\"><span style=\"font-family: Verdana,sans-serif\"><span style=\"font-size: small\">Productos de la horticultura, cocina, dise\u00f1o, textiles y gr\u00e1ficos se ofrecieron.<span style=\"font-size: small\"> <\/span>Referentes de organizaciones sociales y pol\u00edticas, feriantes y los vecinos celebraron juntos la posibilidad de un espacio que permite luchar por los derechos de estos trabajadores y de los sectores populares beneficiando y promoviendo una econom\u00eda cotidiana cercana a sus intereses.<\/span><\/span><\/p>\n<div style=\"text-align: justify\"><span style=\"font-family: Verdana,sans-serif\"><span style=\"font-size: small\"><\/span><\/span><\/div>\n<\/div>\n","protected":false},"excerpt":{"rendered":"<p>LA ECONOM\u00cdA POPULAR AL ALCANCE DE LA MANOEste s\u00e1bado 7 de septiembre se inaugur\u00f3 la Seccional Capital de la Confederaci\u00f3n de Trabajadores de la Econom\u00eda Popular, CTEP. FM Riachuelo estuvo presente como parte integrante de la CTEP y recogiendo las voces de los participantes. &nbsp;Con una Feria de la Econom\u00eda Popular que acerc\u00f3 a los [&hellip;]<\/p>\n","protected":false},"author":4,"featured_media":0,"comment_status":"open","ping_status":"open","sticky":false,"template":"","format":"standard","meta":{"_monsterinsights_skip_tracking":false,"_monsterinsights_sitenote_active":false,"_monsterinsights_sitenote_note":"","_monsterinsights_sitenote_category":0,"jnews-multi-image_gallery":[],"jnews_single_post":{"format":"standard"},"jnews_primary_category":[],"_joinchat":[],"footnotes":""},"categories":[58],"tags":[148],"class_list":["post-1144","post","type-post","status-publish","format-standard","hentry","category-noticiariachuelo","tag-trabajo"],"_links":{"self":[{"href":"http:\/\/fmriachuelo.it10.com.ar\/index.php\/wp-json\/wp\/v2\/posts\/1144","targetHints":{"allow":["GET"]}}],"collection":[{"href":"http:\/\/fmriachuelo.it10.com.ar\/index.php\/wp-json\/wp\/v2\/posts"}],"about":[{"href":"http:\/\/fmriachuelo.it10.com.ar\/index.php\/wp-json\/wp\/v2\/types\/post"}],"author":[{"embeddable":true,"href":"http:\/\/fmriachuelo.it10.com.ar\/index.php\/wp-json\/wp\/v2\/users\/4"}],"replies":[{"embeddable":true,"href":"http:\/\/fmriachuelo.it10.com.ar\/index.php\/wp-json\/wp\/v2\/comments?post=1144"}],"version-history":[{"count":1,"href":"http:\/\/fmriachuelo.it10.com.ar\/index.php\/wp-json\/wp\/v2\/posts\/1144\/revisions"}],"predecessor-version":[{"id":21713,"href":"http:\/\/fmriachuelo.it10.com.ar\/index.php\/wp-json\/wp\/v2\/posts\/1144\/revisions\/21713"}],"wp:attachment":[{"href":"http:\/\/fmriachuelo.it10.com.ar\/index.php\/wp-json\/wp\/v2\/media?parent=1144"}],"wp:term":[{"taxonomy":"category","embeddable":true,"href":"http:\/\/fmriachuelo.it10.com.ar\/index.php\/wp-json\/wp\/v2\/categories?post=1144"},{"taxonomy":"post_tag","embeddable":true,"href":"http:\/\/fmriachuelo.it10.com.ar\/index.php\/wp-json\/wp\/v2\/tags?post=1144"}],"curies":[{"name":"wp","href":"https:\/\/api.w.org\/{rel}","templated":true}]}}