{"id":1143,"date":"2014-09-11T02:25:00","date_gmt":"2014-09-11T02:25:00","guid":{"rendered":"http:\/\/fmriachuelo.observatorioess.org.ar\/index.php\/2014\/09\/11\/noticias-de-la-zona-sur-de-la-ciudad\/"},"modified":"2025-02-26T13:46:40","modified_gmt":"2025-02-26T16:46:40","slug":"noticias-de-la-zona-sur-de-la-ciudad","status":"publish","type":"post","link":"http:\/\/fmriachuelo.it10.com.ar\/index.php\/2014\/09\/11\/noticias-de-la-zona-sur-de-la-ciudad\/","title":{"rendered":"NOTICIAS DE LA ZONA SUR DE LA CIUDAD"},"content":{"rendered":"<p><span style=\"font-size: large\"><span style=\"font-family: Verdana,sans-serif\"><b><span style=\"color: red\">DEMOLIENDO EL ESPACIO DE TODOS<\/span><\/b><\/span><\/span><\/p>\n<div style=\"clear: both;text-align: left\"><a href=\"http:\/\/2.bp.blogspot.com\/-fJWLXL-8Pgs\/VBEFri1zXeI\/AAAAAAAAAyY\/UjDdLUQkIlU\/s1600\/_DSC5371.jpg\" style=\"clear: left;float: left;margin-bottom: 1em;margin-right: 1em\"><img loading=\"lazy\" decoding=\"async\" border=\"0\" src=\"http:\/\/2.bp.blogspot.com\/-fJWLXL-8Pgs\/VBEFri1zXeI\/AAAAAAAAAyY\/UjDdLUQkIlU\/s1600\/_DSC5371.jpg\" height=\"211\" width=\"320\" \/><\/a><b><span style=\"font-size: small\"><span style=\"font-family: Verdana,sans-serif\"><b><span style=\"font-weight: normal\"><b>[FMR Jueves 11\/09\/14]<\/b><\/span><\/b> <\/span><\/span><span style=\"font-size: small\"><span style=\"font-family: Verdana,sans-serif\">Ayer a las 10.30 docentes, alumnos e integrantes de Union de Trabajadores de la Educacion &nbsp;se concentraron para realizar un ABRAZO SIMBOLICO frente al inicio de acciones concretas por parte del Gobierno de la Ciudad para liberar la traza para el METROBUS PASEO COLON.<\/span><\/span><\/b><\/div>\n<p><span style=\"font-family: Verdana,sans-serif\"><span style=\"font-size: small\"><b>FM Riachuelo<\/b> estuvo acompa\u00f1ando el Abrazo y&nbsp; hoy en <b>ROMP\u00c9 EL CERCO<\/b>&nbsp; la docente ELIDA VIEYTES del Paebyt y del Instituto Isauro Arancibia dio su testimonio de la situaci\u00f3n de amenaza que busca adue\u00f1arse de los espacios del otro y dise\u00f1ar una ciudad para pocos.<\/span><\/span><\/p>\n<p><\/p>\n<div style=\"clear: both;text-align: left\"><b><span style=\"font-size: small\"><span style=\"font-family: Verdana,sans-serif\"><\/span><\/span><\/b><\/div>\n<p><a name='more'><\/a><b><span style=\"font-size: small\"><span style=\"font-family: Verdana,sans-serif\"><\/span><\/span><\/b><a href=\"http:\/\/3.bp.blogspot.com\/-g0pr1ZSjtsE\/VBEFzdGTbcI\/AAAAAAAAAyg\/TXTjGl54pOY\/s1600\/_DSC5292.jpg\" style=\"clear: right;float: right;margin-bottom: 1em;margin-left: 1em\"><img loading=\"lazy\" decoding=\"async\" border=\"0\" src=\"http:\/\/3.bp.blogspot.com\/-g0pr1ZSjtsE\/VBEFzdGTbcI\/AAAAAAAAAyg\/TXTjGl54pOY\/s1600\/_DSC5292.jpg\" height=\"211\" width=\"320\" \/><\/a><span style=\"font-family: Verdana,sans-serif\"><span style=\"font-size: small\">La orden de desalojo firmada, &nbsp;el 08 de septiembre de este a\u00f1o, &nbsp;por el Gobierno Porte\u00f1o amenaza la Gomer\u00eda Dunlop ubicada en la intersecci\u00f3n de Paseo Col\u00f3n y Carlos Calvo y ser\u00eda el primer paso para la construcci\u00f3n del Metrobus. El trazado del mismo va desde la Casa de Gobierno hasta La Boca, un recorrido de 2,5 kil\u00f3metros, para 24 l\u00edneas de colectivos. Las demoliciones afectar\u00edan seis cuadras, desde Carlos Calvo hasta Mart\u00edn Garc\u00eda. Para construir este nuevo corredor &nbsp;el Gobierno deber\u00eda demoler &nbsp;el <b>Edificio Marconetti<\/b> (Paseo Col\u00f3n 1598) en donde viven veinti\u00fan familias; &nbsp;el <b>Instituto Isauro Arancibia<\/b>, una escuela para chicos en situaci\u00f3n de calle (Paso Col\u00f3n 1318); el <b>Memorial<\/b> que recuerda al centro clandestino de detenci\u00f3n <b>Club Atl\u00e9tico<\/b>; el <b>Centro de Atenci\u00f3n Integral de Ni\u00f1ez y Adolescencia (Caina)<\/b>, un refugio para chicos en situaci\u00f3n de vulnerabilidad; la <b>Escuela Taller del Casco Hist\u00f3rico<\/b> (Paseo Col\u00f3n 1400) y &nbsp;el <b>Comedor popular de Asamblea del Pueblo<span style=\"font-size: small\">.<\/span><\/b><\/span><\/span><span style=\"font-family: Verdana,sans-serif\"><span style=\"font-size: small\"><a href=\"http:\/\/1.bp.blogspot.com\/-v1EmDIE9m-g\/VBEF3Hg3DCI\/AAAAAAAAAyo\/tVo5gmxibLM\/s1600\/_DSC5288.jpg\" style=\"clear: left;float: left;margin-bottom: 1em;margin-right: 1em\"><img loading=\"lazy\" decoding=\"async\" border=\"0\" src=\"http:\/\/1.bp.blogspot.com\/-v1EmDIE9m-g\/VBEF3Hg3DCI\/AAAAAAAAAyo\/tVo5gmxibLM\/s1600\/_DSC5288.jpg\" height=\"211\" width=\"320\" \/><\/a>La Uni\u00f3n de Trabajadores de la Educaci\u00f3n (UTE) se concentr\u00f3 en el Instituto Isauro Arancibia, situado en Paseo Col\u00f3n 1318. Bajo el lema <b>\u201cAbrazar al Isauro porque la Educaci\u00f3n no se vende, se defiende\u201d, <\/b>&nbsp;docentes y alumnos reclamaron por la no demolici\u00f3n del establecimiento.<\/span><\/span><br \/><span style=\"font-family: Verdana,sans-serif\"><span style=\"font-size: small\">Del <b>Abrazo Simb\u00f3lico<\/b>tambi\u00e9n participaron las familias y vecinos que sienten peligrar los espacios de &nbsp;la zona y aunaron sus esfuerzos para unificar la lucha en defensa de la educaci\u00f3n, la vivienda, la cultura y el espacio p\u00fablico<span style=\"font-size: small\"><b>.<\/b><\/span> <\/span><\/span><\/p>\n","protected":false},"excerpt":{"rendered":"<p>DEMOLIENDO EL ESPACIO DE TODOS [FMR Jueves 11\/09\/14] Ayer a las 10.30 docentes, alumnos e integrantes de Union de Trabajadores de la Educacion &nbsp;se concentraron para realizar un ABRAZO SIMBOLICO frente al inicio de acciones concretas por parte del Gobierno de la Ciudad para liberar la traza para el METROBUS PASEO COLON. FM Riachuelo estuvo [&hellip;]<\/p>\n","protected":false},"author":4,"featured_media":0,"comment_status":"open","ping_status":"open","sticky":false,"template":"","format":"standard","meta":{"_monsterinsights_skip_tracking":false,"_monsterinsights_sitenote_active":false,"_monsterinsights_sitenote_note":"","_monsterinsights_sitenote_category":0,"jnews-multi-image_gallery":[],"jnews_single_post":{"format":"standard"},"jnews_primary_category":[],"_joinchat":[],"footnotes":""},"categories":[58],"tags":[81,158],"class_list":["post-1143","post","type-post","status-publish","format-standard","hentry","category-noticiariachuelo","tag-aguafuertes-portenas","tag-educacion-popular-3"],"_links":{"self":[{"href":"http:\/\/fmriachuelo.it10.com.ar\/index.php\/wp-json\/wp\/v2\/posts\/1143","targetHints":{"allow":["GET"]}}],"collection":[{"href":"http:\/\/fmriachuelo.it10.com.ar\/index.php\/wp-json\/wp\/v2\/posts"}],"about":[{"href":"http:\/\/fmriachuelo.it10.com.ar\/index.php\/wp-json\/wp\/v2\/types\/post"}],"author":[{"embeddable":true,"href":"http:\/\/fmriachuelo.it10.com.ar\/index.php\/wp-json\/wp\/v2\/users\/4"}],"replies":[{"embeddable":true,"href":"http:\/\/fmriachuelo.it10.com.ar\/index.php\/wp-json\/wp\/v2\/comments?post=1143"}],"version-history":[{"count":1,"href":"http:\/\/fmriachuelo.it10.com.ar\/index.php\/wp-json\/wp\/v2\/posts\/1143\/revisions"}],"predecessor-version":[{"id":21714,"href":"http:\/\/fmriachuelo.it10.com.ar\/index.php\/wp-json\/wp\/v2\/posts\/1143\/revisions\/21714"}],"wp:attachment":[{"href":"http:\/\/fmriachuelo.it10.com.ar\/index.php\/wp-json\/wp\/v2\/media?parent=1143"}],"wp:term":[{"taxonomy":"category","embeddable":true,"href":"http:\/\/fmriachuelo.it10.com.ar\/index.php\/wp-json\/wp\/v2\/categories?post=1143"},{"taxonomy":"post_tag","embeddable":true,"href":"http:\/\/fmriachuelo.it10.com.ar\/index.php\/wp-json\/wp\/v2\/tags?post=1143"}],"curies":[{"name":"wp","href":"https:\/\/api.w.org\/{rel}","templated":true}]}}