{"id":1142,"date":"2014-09-11T02:44:00","date_gmt":"2014-09-11T02:44:00","guid":{"rendered":"http:\/\/fmriachuelo.observatorioess.org.ar\/index.php\/2014\/09\/11\/noti-bauen\/"},"modified":"2025-02-26T13:47:19","modified_gmt":"2025-02-26T16:47:19","slug":"noti-bauen","status":"publish","type":"post","link":"http:\/\/fmriachuelo.it10.com.ar\/index.php\/2014\/09\/11\/noti-bauen\/","title":{"rendered":"NOTI BAUEN"},"content":{"rendered":"<p><span style=\"font-family: Verdana,sans-serif\"><span style=\"font-size: small\"><b>EL BAUEN EN PELIGRO DE DESALOJO<\/b><\/span><\/span><br \/><span style=\"font-size: large\"><span style=\"font-family: Verdana,sans-serif\"><b><span style=\"color: red\">\u00abLA RESPUESTA ES <\/span><\/b><b><span style=\"color: red\">EL TRABAJO\u00bb<\/span><\/b><\/span><\/span><span style=\"font-family: Verdana,sans-serif\"><span style=\"font-size: small\">&nbsp;<\/span><\/span><br \/><b><span style=\"font-family: Verdana,sans-serif\"><span style=\"font-size: small\"><span style=\"font-size: small\">[FMR Mi\u00e9rcoles 10\/09\/14] <\/span>La justicia amenaza nuevamente con el desalojo al Bauen Cooperativa de Trabajo.<span style=\"font-size: small\"> <\/span>Una leg\u00edtima fuente de trabajo se ve amenazada para defender espurios intereses.<\/span><\/span><\/b><br \/><span style=\"font-family: Verdana,sans-serif\"><span style=\"font-size: small\"><b>FM Riachuelo<\/b> se hizo presente en el lugar y las voces se escucharon en el programa <b>ROMP\u00c9 EL CERCO<\/b><span style=\"font-size: small\"> <\/span>en la tarde de hoy. <\/span><\/span><br \/><span style=\"font-family: Verdana,sans-serif\"><span style=\"font-size: small\">Escuch\u00e1 los testimonios de los distintos actores<span style=\"font-size: small\">.<\/span><\/span><\/span><br \/><span style=\"font-family: Verdana,sans-serif\"><span style=\"font-size: small\"><\/span><\/span><br \/><a name='more'><\/a><span style=\"font-family: Verdana,sans-serif\"><span style=\"font-size: small\">El Juzgado Comercial N\u00ba9 a cargo de la Dra Paula Hualde, ha impuesto como plazo m\u00e1ximo el mi\u00e9rcoles 10 para que los trabajadores dejen las instalaciones, ya que sino ser\u00e1n desalojados,&nbsp;de esta fuente de trabajo&nbsp;creada hace 11 a\u00f1os por los trabajadores<span style=\"font-size: small\">.<\/span> <\/span><\/span><br \/><span style=\"font-family: Verdana,sans-serif\"><span style=\"font-size: small\">Frente a la amenaza,<span style=\"font-size: small\"> <\/span>la respuesta es la misma:<b><span style=\"font-size: small\"> <\/span>\u00a1Trabajando como hicimos siempre! <\/b>as\u00ed se expres\u00f3 la presidenta de la Cooperativa.<\/span><\/span><br \/><span style=\"font-family: Verdana,sans-serif\"><span style=\"font-size: small\">Durante todo el dia los medios comunitarios se propusieron darle la voz a todos los compa\u00f1eros y amigos de la cooperativa que quisieron acercarse para acompa\u00f1ar y aunar las voces que&nbsp;levantan el hist\u00f3rico reclamo de expropiaci\u00f3n definitiva del Hotel.<\/span><\/span><\/p>\n<p><b><span style=\"font-family: Verdana,sans-serif\"><span style=\"font-size: small\">Haciendo un poco de histori<span style=\"font-size: small\">a<\/span> <\/span><\/span><\/b><br \/><span style=\"font-family: Verdana,sans-serif\"><span style=\"font-size: small\">HOTEL BAUEN &#8211; Una Empresa Argentina (BAUEN)se fund\u00f3 en 1978 a trav\u00e9s de un cr\u00e9dito estatal entregado por el gobierno de la \u00faltima dictadura. La deuda a\u00fan vigente, tuvo como resultado el abandono de la administraci\u00f3n patronal. <\/span><\/span><br \/><span style=\"font-family: Verdana,sans-serif\"><span style=\"font-size: small\"><\/span><\/span><br \/><span style=\"font-family: Verdana,sans-serif\"><span style=\"font-size: small\">Dijo la presidenta de la cooperativa: desde 2003 el hotel se gestiona de manera cooperativa. Tras 11 a\u00f1os de exitoso crecimiento, un fallo judicial pretende desalojarlos del establecimiento. hoy 10 de septiembre se vence el plazo&#8230;&nbsp;la jueza en lo comercial Paula Maria Hualdetiene una fallo del a\u00f1o 2007, que fue apelado, y se resolvi\u00f3 en segunda y tercera instancia en contra de la cooperativa lo que lleva al desalojo e implica que el edificio construido con plata del estado se restituya a una sociedad an\u00f3nima. <\/span><\/span><br \/><span style=\"font-family: Verdana,sans-serif\"><span style=\"font-size: small\"><b>Esta misma empresa que se beneficiar\u00eda con el desalojo es la que le debe al estado una millonada de pesos<\/b>. <\/span><\/span><\/p>\n","protected":false},"excerpt":{"rendered":"<p>EL BAUEN EN PELIGRO DE DESALOJO\u00abLA RESPUESTA ES EL TRABAJO\u00bb&nbsp;[FMR Mi\u00e9rcoles 10\/09\/14] La justicia amenaza nuevamente con el desalojo al Bauen Cooperativa de Trabajo. Una leg\u00edtima fuente de trabajo se ve amenazada para defender espurios intereses.FM Riachuelo se hizo presente en el lugar y las voces se escucharon en el programa ROMP\u00c9 EL CERCO en [&hellip;]<\/p>\n","protected":false},"author":4,"featured_media":0,"comment_status":"open","ping_status":"open","sticky":false,"template":"","format":"standard","meta":{"_monsterinsights_skip_tracking":false,"_monsterinsights_sitenote_active":false,"_monsterinsights_sitenote_note":"","_monsterinsights_sitenote_category":0,"jnews-multi-image_gallery":[],"jnews_single_post":{"format":"standard"},"jnews_primary_category":[],"_joinchat":[],"footnotes":""},"categories":[58],"tags":[81,148],"class_list":["post-1142","post","type-post","status-publish","format-standard","hentry","category-noticiariachuelo","tag-aguafuertes-portenas","tag-trabajo"],"_links":{"self":[{"href":"http:\/\/fmriachuelo.it10.com.ar\/index.php\/wp-json\/wp\/v2\/posts\/1142","targetHints":{"allow":["GET"]}}],"collection":[{"href":"http:\/\/fmriachuelo.it10.com.ar\/index.php\/wp-json\/wp\/v2\/posts"}],"about":[{"href":"http:\/\/fmriachuelo.it10.com.ar\/index.php\/wp-json\/wp\/v2\/types\/post"}],"author":[{"embeddable":true,"href":"http:\/\/fmriachuelo.it10.com.ar\/index.php\/wp-json\/wp\/v2\/users\/4"}],"replies":[{"embeddable":true,"href":"http:\/\/fmriachuelo.it10.com.ar\/index.php\/wp-json\/wp\/v2\/comments?post=1142"}],"version-history":[{"count":1,"href":"http:\/\/fmriachuelo.it10.com.ar\/index.php\/wp-json\/wp\/v2\/posts\/1142\/revisions"}],"predecessor-version":[{"id":21715,"href":"http:\/\/fmriachuelo.it10.com.ar\/index.php\/wp-json\/wp\/v2\/posts\/1142\/revisions\/21715"}],"wp:attachment":[{"href":"http:\/\/fmriachuelo.it10.com.ar\/index.php\/wp-json\/wp\/v2\/media?parent=1142"}],"wp:term":[{"taxonomy":"category","embeddable":true,"href":"http:\/\/fmriachuelo.it10.com.ar\/index.php\/wp-json\/wp\/v2\/categories?post=1142"},{"taxonomy":"post_tag","embeddable":true,"href":"http:\/\/fmriachuelo.it10.com.ar\/index.php\/wp-json\/wp\/v2\/tags?post=1142"}],"curies":[{"name":"wp","href":"https:\/\/api.w.org\/{rel}","templated":true}]}}