{"id":11414,"date":"2020-01-23T17:27:25","date_gmt":"2020-01-23T17:27:25","guid":{"rendered":"http:\/\/fmriachuelo.com.ar\/?p=11414"},"modified":"2020-01-23T17:27:25","modified_gmt":"2020-01-23T17:27:25","slug":"todossomosevo14-aniversario-del-estado-plurinacional-de-bolivia","status":"publish","type":"post","link":"http:\/\/fmriachuelo.it10.com.ar\/index.php\/2020\/01\/23\/todossomosevo14-aniversario-del-estado-plurinacional-de-bolivia\/","title":{"rendered":"#TODOSSOMOSEVO:14\u00b0 ANIVERSARIO DEL ESTADO PLURINACIONAL DE BOLIVIA"},"content":{"rendered":"<p><strong>[FM Riachuelo 23\/01\/2020] Ayer 22 de enero, en el 14\u00b0 aniversario del Estado Plurinacional de Bolivia, Movimientos Populares de Argentina y de la comunidad boliviana se reunieron en el Estadio del Club Deportivo Espa\u00f1ol del barrio porte\u00f1o de Bajo Flores, para respaldar al compa\u00f1ero presidente Evo Morales, repudiar el golpe de Estado consumado el pasado 10 de noviembre y la injerencia yanqui en Latinoam\u00e9rica.<\/strong><\/p>\n<p>A pesar de las altas temperaturas, la convocatoria fue multitudinaria. El acto expres\u00f3 la solidaridad y unidad de los pueblos latinoamericanos en apoyo a Evo y en rechazo al salvaje golpe de Estado. Desde el mediod\u00eda, cruzando la Autopista Dellepiane, pod\u00edan verse cuadras y cuadras de organizaciones populares argentinas y de la comunidad boliviana esperando para ingresar al Estadio Espa\u00f1ol mientras flameaban en todos los ricones las bandera wiphalas.<\/p>\n<p><img loading=\"lazy\" decoding=\"async\" class=\" wp-image-11433 alignleft\" src=\"http:\/\/fmriachuelo.com.ar\/wp-content\/uploads\/2020\/01\/WhatsApp-Image-2020-01-22-at-23.57.46-150x150.jpeg\" alt=\"\" width=\"235\" height=\"235\" srcset=\"http:\/\/fmriachuelo.it10.com.ar\/wp-content\/uploads\/2020\/01\/WhatsApp-Image-2020-01-22-at-23.57.46-150x150.jpeg 150w, http:\/\/fmriachuelo.it10.com.ar\/wp-content\/uploads\/2020\/01\/WhatsApp-Image-2020-01-22-at-23.57.46-75x75.jpeg 75w, http:\/\/fmriachuelo.it10.com.ar\/wp-content\/uploads\/2020\/01\/WhatsApp-Image-2020-01-22-at-23.57.46-350x350.jpeg 350w\" sizes=\"auto, (max-width: 235px) 100vw, 235px\" \/>Mientras las coloridas columnas ingresaban al estadio, FM Riachuelo convers\u00f3 con <strong>Lito Borello, Secretario de DD.HH. CTEP\/UTEP y referente de la Organizaci\u00f3n Social y Pol\u00edtica Los Pibes<\/strong>, que dec\u00eda: <em>\u201cVenimos a acompa\u00f1ar la lucha del pueblo boliviano que ha resistido y resiste el artero Golpe de Estado perpetrado detr\u00e1s de bambalinas por Estados Unidos. Por eso tambi\u00e9n venimos a reclamar: \u2018fuera yankis de Am\u00e9rica Latina\u2019.\u201d<\/em> Adem\u00e1s agreg\u00f3: <em>\u201cLo que acontece en Bolivia es un golpe de Estado y un nivel de violencia que propician para toda la regi\u00f3n de Nuestra Am\u00e9rica. Por lo tanto, <strong>\u201ctodos somos Evo\u201d<\/strong><\/em><strong>. <\/strong><em><strong>Defender a Bolivia es defendernos nosotros mismos.<\/strong> El Imperio prepara para toda la regi\u00f3n este tipo de pol\u00edticas para ejercer su dominio y extraer las riquezas que tenemos. Por eso venimos a acompa\u00f1ar este acto y a las organizaciones populares que hacen vida en la Argentina.\u201d<\/em><\/p>\n<p><img loading=\"lazy\" decoding=\"async\" class=\"aligncenter wp-image-11428 size-full\" src=\"http:\/\/fmriachuelo.com.ar\/wp-content\/uploads\/2020\/01\/WhatsApp-Image-2020-01-22-at-7.26.48-PM.jpeg\" alt=\"\" width=\"662\" height=\"448\" srcset=\"http:\/\/fmriachuelo.it10.com.ar\/wp-content\/uploads\/2020\/01\/WhatsApp-Image-2020-01-22-at-7.26.48-PM.jpeg 662w, http:\/\/fmriachuelo.it10.com.ar\/wp-content\/uploads\/2020\/01\/WhatsApp-Image-2020-01-22-at-7.26.48-PM-300x203.jpeg 300w\" sizes=\"auto, (max-width: 662px) 100vw, 662px\" \/><\/p>\n<p><strong>Evo Morales,<\/strong>\u00a0en un fragmento de su extenso discurso puntualiz\u00f3: <em>\u00ab<strong>Hasta cu\u00e1ndo nos van a dominar y saquear nuestros recursos naturales. Nos quieren dividir, someter y robar<\/strong>. Ya es hora que el Pueblo gobierne\u00bb. \u201cDejamos el Estado colonial, ahora tenemos un Estado Plurinacional donde hombres y mujeres tenemos los mismos derechos<\/em>\u201d sentenci\u00f3.<\/p>\n<p><strong>Esteban \u00abGringo\u00bb Castro<\/strong>, <strong>Secretario General de la Uni\u00f3n de Trabajadores y Trabajadoras de la Econom\u00eda Popular<\/strong>, al terminar el acto y en declaraciones para FM Riachuelo expres\u00f3: <em>\u201cCreo que hay un fortalecimiento en el Campo Popular dentro de Bolivia. Y creo tambi\u00e9n que hay un debilitamiento del gobierno de facto, las primeras medidas que quizo tomar no pudieron ser\u00a0 llevadas adelante\u201d.<\/em><\/p>\n<p>Por otro lado, Castro habl\u00f3 sobre el rol que deben tener actualmente los Movimientos Populares frente a la embestida imperialista en Am\u00e9rica Latina y dijo: <em>\u201c<strong>los procesos de unidad se pueden dar si nosotros miramos desde la mirada de los \u00faltimos de la fila<\/strong>. Necesitamos que esta perspectiva se entienda y se extienda en todas las sociedades latinoamericanas. No puede haber hambre, miseria y desigualdades\u00bb<\/em>.<\/p>\n<p><strong>#NoAlGolpe #EvoEsPueblo<\/strong><\/p>\n<p><a href=\"https:\/\/www.facebook.com\/media\/set\/?set=a.2752628821458982&amp;amp;type=3\"><strong>GALER\u00cdA DE FOTOS:TODOS SOMOS EVO<\/strong><\/a><\/p>\n<p>&nbsp;<\/p>\n<p><iframe loading=\"lazy\" title=\"14\u00b0 ANIVERSARIO DEL ESTADO PLURINACIONAL DE BOLIVIA by FMR\" width=\"500\" height=\"450\" scrolling=\"no\" frameborder=\"no\" src=\"https:\/\/w.soundcloud.com\/player\/?visual=true&#038;url=https%3A%2F%2Fapi.soundcloud.com%2Fplaylists%2F972542350&#038;show_artwork=true&#038;maxheight=750&#038;maxwidth=500\"><\/iframe><\/p>\n","protected":false},"excerpt":{"rendered":"<p>[FM Riachuelo 23\/01\/2020] Ayer 22 de enero, en el 14\u00b0 aniversario del Estado Plurinacional de Bolivia, Movimientos Populares de Argentina y de la comunidad boliviana se reunieron en el Estadio del Club Deportivo Espa\u00f1ol del barrio porte\u00f1o de Bajo Flores, para respaldar al compa\u00f1ero presidente Evo Morales, repudiar el golpe de Estado consumado el pasado [&hellip;]<\/p>\n","protected":false},"author":5,"featured_media":11417,"comment_status":"closed","ping_status":"closed","sticky":false,"template":"","format":"standard","meta":{"_monsterinsights_skip_tracking":false,"_monsterinsights_sitenote_active":false,"_monsterinsights_sitenote_note":"","_monsterinsights_sitenote_category":0,"jnews-multi-image_gallery":[],"jnews_single_post":[],"jnews_primary_category":[],"_joinchat":[],"footnotes":""},"categories":[78,80,76],"tags":[],"class_list":["post-11414","post","type-post","status-publish","format-standard","has-post-thumbnail","hentry","category-economia-popular","category-educacion","category-salud-comunitaria"],"_links":{"self":[{"href":"http:\/\/fmriachuelo.it10.com.ar\/index.php\/wp-json\/wp\/v2\/posts\/11414","targetHints":{"allow":["GET"]}}],"collection":[{"href":"http:\/\/fmriachuelo.it10.com.ar\/index.php\/wp-json\/wp\/v2\/posts"}],"about":[{"href":"http:\/\/fmriachuelo.it10.com.ar\/index.php\/wp-json\/wp\/v2\/types\/post"}],"author":[{"embeddable":true,"href":"http:\/\/fmriachuelo.it10.com.ar\/index.php\/wp-json\/wp\/v2\/users\/5"}],"replies":[{"embeddable":true,"href":"http:\/\/fmriachuelo.it10.com.ar\/index.php\/wp-json\/wp\/v2\/comments?post=11414"}],"version-history":[{"count":0,"href":"http:\/\/fmriachuelo.it10.com.ar\/index.php\/wp-json\/wp\/v2\/posts\/11414\/revisions"}],"wp:featuredmedia":[{"embeddable":true,"href":"http:\/\/fmriachuelo.it10.com.ar\/index.php\/wp-json\/wp\/v2\/media\/11417"}],"wp:attachment":[{"href":"http:\/\/fmriachuelo.it10.com.ar\/index.php\/wp-json\/wp\/v2\/media?parent=11414"}],"wp:term":[{"taxonomy":"category","embeddable":true,"href":"http:\/\/fmriachuelo.it10.com.ar\/index.php\/wp-json\/wp\/v2\/categories?post=11414"},{"taxonomy":"post_tag","embeddable":true,"href":"http:\/\/fmriachuelo.it10.com.ar\/index.php\/wp-json\/wp\/v2\/tags?post=11414"}],"curies":[{"name":"wp","href":"https:\/\/api.w.org\/{rel}","templated":true}]}}