{"id":1141,"date":"2014-09-11T13:48:00","date_gmt":"2014-09-11T13:48:00","guid":{"rendered":"http:\/\/fmriachuelo.observatorioess.org.ar\/index.php\/2014\/09\/11\/un-poquito-de-historia\/"},"modified":"2024-12-06T13:38:38","modified_gmt":"2024-12-06T16:38:38","slug":"un-poquito-de-historia","status":"publish","type":"post","link":"http:\/\/fmriachuelo.it10.com.ar\/index.php\/2014\/09\/11\/un-poquito-de-historia\/","title":{"rendered":"UN POQUITO DE HISTORIA&#8230;"},"content":{"rendered":"<p><span style=\"font-size: small\"><span style=\"font-family: Verdana,sans-serif\"><span lang=\"ES\" style=\"line-height: 115%\"><b>RECORDAMOS:<\/b><\/span><\/span><\/span><\/p>\n<div style=\"margin: 0cm 0cm 10pt\">\n<ul>\n<li><span style=\"font-size: small\"><span style=\"font-family: Verdana,sans-serif\"><span style=\"color: red\"><b><span lang=\"ES\" style=\"font-size: large;line-height: 115%\">EL GOLPE DE ESTADO DEL 11 DE SEPTIEMBRE&nbsp; DE 1973 EN CHILE<\/span><\/b><\/span><span lang=\"ES\" style=\"color: #232323;line-height: 115%\"><span style=\"font-size: small\"> <\/span><\/span><span lang=\"ES\"><span style=\"color: red\"><\/span><\/span><\/span><\/span><\/li>\n<li><span style=\"font-size: small\"><span style=\"font-family: Verdana,sans-serif\"><span style=\"color: red\"><b><span lang=\"ES\" style=\"font-size: large\">DIA DEL MAESTRO<\/span><\/b><\/span><span style=\"color: black\"><span lang=\"ES\" style=\"color: black\"><\/span><\/span><\/span><\/span><\/li>\n<li><span style=\"font-size: small\"><span style=\"font-family: Verdana,sans-serif\"><span style=\"color: black\"><span lang=\"ES\" style=\"color: black\"><span style=\"color: red\"><span style=\"font-size: large\"><b>UN NUEVO ANIVERSARIO DE LA CAIDA DE LAS TORRES GEMELAS<\/b><\/span><\/span><\/span><\/span><b><\/b><\/span><\/span><\/li>\n<\/ul>\n<\/div>\n<div style=\"margin: 0cm 0cm 10pt\"><a name='more'><\/a><span style=\"font-size: large\"><span style=\"font-family: Verdana,sans-serif\"><span lang=\"ES\" style=\"color: #232323;line-height: 115%\"><span style=\"color: red\"><b>EL GOLPE DE ESTADO<\/b> <b>DEL 11 DE SEPTIEMBRE&nbsp; DE 1973 EN CHILE<\/b><\/span><\/span><\/span><\/span><br \/><span style=\"font-size: small\"><span style=\"font-family: Verdana,sans-serif\"><span lang=\"ES\" style=\"color: #232323;line-height: 115%\">Salvador Allende, el \u00eddolo derrocado de su pedestal de cobre y la larga noche que cay\u00f3 sobre el pueblo chileno que a\u00fan espera justicia<\/span>.<\/span><\/span><br \/><span style=\"font-size: small\"><span style=\"font-family: Verdana,sans-serif\"><span lang=\"ES\" style=\"color: black;line-height: 115%\">\u201c<b>Yo no salgo vivo de aqu\u00ed<\/b>\u201d, lanz\u00f3 &nbsp;Salvador Allende cuando fue emboscado en el Palacio de la Moneda&nbsp;&nbsp;&nbsp; el 11 de Septiembre de 1973. Se cumplen 41 a\u00f1os del momento en el que sus gafas negras de pasta se partieron en el bombardeo que el palacio presidencial sufri\u00f3 para acabar con Allende y quebrar el mandato democr\u00e1tico que el pueblo de Chile le hab\u00eda concedido tres a\u00f1os antes.<\/span><span lang=\"ES\" style=\"color: black\">&nbsp;<\/span><\/span><\/span><br \/><span style=\"font-size: small\"><span style=\"font-family: Verdana,sans-serif\"><span lang=\"ES\" style=\"color: black\"><span lang=\"ES\" style=\"color: black\">La ca\u00edda de Allende estaba dictada desde que puso en cuesti\u00f3n el credo neoliberal de EEUU y occidente; la propiedad empresarial.<\/span><\/span><\/span><\/span><br \/><span style=\"font-size: small\"><span style=\"font-family: Verdana,sans-serif\">Allende antepuso el derecho de los pueblos a gestionar sus recursos frente al poder corporativo de las grandes empresas.<\/span><\/span><\/p>\n<p><span style=\"font-size: small\"><span style=\"font-family: Verdana,sans-serif\"><span lang=\"ES\" style=\"color: black\"><b><span lang=\"ES\" style=\"color: black\">Nacionalizaci\u00f3n del Cobre<\/span><\/b>&nbsp;<\/span><\/span><\/span><br \/><span style=\"font-size: small\"><span style=\"font-family: Verdana,sans-serif\">Cuando en 1970 gan\u00f3 las elecciones la Unidad Popular liderada por Salvador Allende, el control del cobre del pa\u00eds era de dos compa\u00f1\u00edas extranjeras, la Anaconda Copper Mining y la Kennecott Copper. &nbsp;Ambas empresas con una inversi\u00f3n de 50 millones de d\u00f3lares hab\u00edan sacado del pa\u00eds m\u00e1s de 4.000 millones de d\u00f3lares en medio siglo con una inversi\u00f3n m\u00ednima en el pa\u00eds.<span lang=\"ES\" style=\"color: black\">&nbsp;<\/span><\/span><\/span><br \/><span style=\"font-size: small\"><span style=\"font-family: Verdana,sans-serif\"><span lang=\"ES\" style=\"color: black\"><span lang=\"ES\" style=\"color: black\">La situaci\u00f3n m\u00edsera y precaria de los mineros chilenos de las empresas trasnacionales que operaban en el Norte Chico, regi\u00f3n minera de Chile, era muy favorecedora para las mineras que ten\u00edan un costo laboral ocho veces menor en Chile que en EEUU a pesar de que la productividad de ambos era similar.<\/span>&nbsp;<\/span><\/span><\/span><br \/><span style=\"font-size: small\"><span style=\"font-family: Verdana,sans-serif\">Salvador Allende se propuso acabar con los abusos de estas empresas mineras trasnacionales y, a pesar de una campa\u00f1a furibunda de la derecha del pa\u00eds auspiciada y financiada por EEUU para instaurar el miedo, la nacionalizaci\u00f3n del cobre fue una realidad el 11 de Julio de 1971 con<a href=\"http:\/\/www.salvador-allende.cl\/Unidad_Popular\/Ley%2017450.pdf\" target=\"_blank\" rel=\"noopener\"><span style=\"color: #0085a6;text-decoration: none\"> la promulgaci\u00f3n de la Ley 15.740<\/span><\/a>. \u201cEl cobre se pone poncho y espuelas\u201d dijo Salvador Allende.<span lang=\"ES\" style=\"color: black\">&nbsp;<\/span><\/span><\/span><br \/><span style=\"font-size: small\"><span style=\"font-family: Verdana,sans-serif\"><span lang=\"ES\" style=\"color: black\"><span lang=\"ES\" style=\"color: black\">Richard Nixon y Henry Kissinger no pod\u00edan permitir este ataque contra la propiedad empresarial. Los documentos desclasificados el 11 de Septiembre de 1998 mostraron que Richard Nixon y el premio nobel de la Paz, Henry Kissinger, montaron un proyecto de operaciones encubiertas desde el a\u00f1o 1970 para derrocar a Salvador Allende por cualquier medio.<\/span>&nbsp;<\/span><\/span><\/span><br \/><span style=\"font-size: small\"><span style=\"font-family: Verdana,sans-serif\"><span lang=\"ES\" style=\"color: black\">Un cable enviado el 15 de Octubre de 1970 por Thomas Karamessines, director adjunto de planificaci\u00f3n de la CIA, al jefe de dicha organizaci\u00f3n en Santiago ordenaba que Salvador Allende deb\u00eda ser derrocado mediante un golpe de Estado.&nbsp;<\/span><\/span><\/span><br \/><span style=\"font-size: small\"><span style=\"font-family: Verdana,sans-serif\"><span lang=\"ES\" style=\"color: black\">La operaci\u00f3n de EEUU para derrocar a Salvador Allende finaliz\u00f3 con \u00e9xito el 11 de Septiembre de 1973, cuando los militares comandados por Augusto Pinochet dieron un golpe de estado que acab\u00f3 con la democracia socialista de Salvador Allende Goosens.&nbsp;<\/span><\/span><\/span><br \/><span style=\"font-size: small\"><span style=\"font-family: Verdana,sans-serif\"><span lang=\"ES\" style=\"color: black\">Salvador Allende fue el primer marxista que consigui\u00f3 el poder mediante unas elecciones democr\u00e1ticas, no precis\u00f3 de la revoluci\u00f3n para conseguir gobernar, y una vez gobern\u00f3 quiso conseguir el poder mediante la revoluci\u00f3n. Se enfrent\u00f3 a empresas trasnacionales y corporaciones empresariales del bando capitalista en unos a\u00f1os en los que la guerra fr\u00eda y el enfrentamiento entre bandos no ten\u00eda como prioridad el respeto a las reglas democr\u00e1ticas. Salvador Allende alcanz\u00f3 el poder con las reglas que s\u00f3lo un bando le interpuso, las acept\u00f3 y gan\u00f3. Pero no fue suficiente para que el arbitro que pone las reglas aceptara el resultado.<\/span><\/span><\/span><br \/><span style=\"font-size: small\"><span style=\"font-family: Verdana,sans-serif\"><span lang=\"ES\" style=\"color: black\">A\u00fan no se ha hecho justicia por los cr\u00edmenes cometidos durante la dictadura militar.<b>&nbsp;<\/b><\/span><\/span><\/span><br \/><span style=\"font-size: small\"><span style=\"font-family: Verdana,sans-serif\"><span lang=\"ES\" style=\"color: black\"><b>Hoy con un clima enrarecido y mucha presencia policial, Chile conmemora 41 a\u00f1os del golpe de Estado. <\/b>El  atentado en el metro y una solicitada firmada por organismos vinculados  a las FFAA que reivindica el accionar militar condimentan este  aniversario del golpe pinochetista, en un pa\u00eds que aun se debate en sus  contradicciones m\u00e1s profundas.<\/span><\/span><\/span><br \/><span style=\"font-size: x-small\"><span style=\"font-family: Verdana,sans-serif\"><span lang=\"ES\">Fuente: lamarea.com\/Nodal.am<span style=\"color: red\"><b>&nbsp;<\/b><\/span><\/span><\/span><\/span><\/p>\n<p><span style=\"font-size: large\"><span style=\"font-family: Verdana,sans-serif\"><span lang=\"ES\"><span style=\"color: red\"><b>DIA DEL MAESTRO<\/b><\/span><\/span><span lang=\"ES\"><span style=\"color: black\">&nbsp;<\/span><\/span><\/span><\/span><br \/><span style=\"font-size: small\"><span style=\"font-family: Verdana,sans-serif\"><span lang=\"ES\"><span style=\"color: black\">Recordamos a los maestros luchadores como <b>Isauro Arancibia<\/b> el maestro que el 24 de marzo de 1976 es asesinado con mas de 120  balazos. Saquean su piecita en el fondo del sindicato y entre otras  cosas le roban un par de zapatos que sus sobrinos le hab\u00edan regalado.<\/span><\/span><\/span><\/span><br \/><span style=\"font-size: small\"><span style=\"font-family: Verdana,sans-serif\"><span lang=\"ES\" style=\"color: black\"><span style=\"color: red\">\u00abHAY QUE RECUPERAR ESOS ZAPATOS PORQUE UN MAESTRO NO PUEDE ANDAR DESCALZO POR EL CIELO\u00bb<b>&nbsp;<\/b><\/span><\/span><\/span><\/span><\/p>\n<p><span style=\"font-size: large\"><span style=\"font-family: Verdana,sans-serif\"><span style=\"color: black\"><span lang=\"ES\" style=\"color: black\"><span style=\"color: red\"><b>UN NUEVO ANIVERSARIO DE LA CAIDA DE LAS TORRES GEMELAS<\/b><\/span><\/span><b><span style=\"color: black\">&nbsp;<\/span><\/b><\/span><\/span><\/span><br \/><span style=\"font-size: small\"><span style=\"font-family: Verdana,sans-serif\"><span style=\"color: black\"><b><span style=\"color: black\">EL 11 DE SEPTIEMBRE DE 2001, <\/span>\u00bfQU\u00c9 SUCEDI\u00d3?<\/b>&nbsp;<\/span><\/span><\/span><br \/><span style=\"font-size: small\"><span style=\"font-family: Verdana,sans-serif\"><span style=\"color: black\">Asistimos enmudecidos a un espect\u00e1culo que se transmiti\u00f3 en directo por TV. Dos aviones se estrellaban contra las <b>Torres Gemelas<\/b> ubicadas en el coraz\u00f3n financiero del mundo, Nueva York.<\/span><\/span><\/span><br \/><span style=\"font-size: small\"><span style=\"font-family: Verdana,sans-serif\"><span style=\"color: black\">Mucho se ha dicho y muchas hip\u00f3tesis se han ensayado para explicarlo.<\/span><\/span><\/span><br \/><span style=\"font-size: small\"><span style=\"font-family: Verdana,sans-serif\">El mundo despu\u00e9s de eso ya no fue igual. Se hubo vulnerado al pa\u00eds de la seguridad. <b>\u00bfSer\u00e1 cierto?<\/b>&nbsp;<\/span><\/span><br \/><span style=\"font-size: small\"><span style=\"font-family: Verdana,sans-serif\">Son m\u00e1s las preguntas que las respuestas que aparecen cuando uno recuerda este hecho.<\/span><\/span><br \/><span style=\"font-size: small\"><span style=\"font-family: Verdana,sans-serif\">Los  diarios del mundo titulaban Guerra, EEUU bajo ataque, Infamia. En la  Argentina los diarios Clar\u00edn titulaban Guerra y La Naci\u00f3n: Alerta  Mundial por el mas grave atentado de la historia.<span lang=\"ES\" style=\"color: #111111;line-height: 115%\"><b>&nbsp;<\/b><\/span><\/span><\/span><br \/><span style=\"font-size: small\"><span style=\"font-family: Verdana,sans-serif\"><span lang=\"ES\" style=\"color: #111111;line-height: 115%\"><b>\u00bfQue pasaba en ese momento en EEUU?<\/b> George Bush era el presidente en el segundo mandato y ese pa\u00eds empezaba  a sufrir seriamente una crisis econ\u00f3mica como pocas veces se hab\u00eda  visto.&nbsp;<\/span><\/span><\/span><br \/><span style=\"font-size: small\"><span style=\"font-family: Verdana,sans-serif\"><span lang=\"ES\" style=\"color: #111111;line-height: 115%\">La  hip\u00f3tesis de un enemigo que atacaba el honor del pa\u00eds fue suficiente  para que se desplegaran acciones de guerra de manera descubierta y de  gran escala que habilit\u00f3 al imperio a&nbsp;perseguir enemigos por todas  partes del mundo con la justificaci\u00f3n que los hab\u00edan atacado primero y  eso les daba el derecho.<\/span><\/span><\/span><br \/><span style=\"font-size: small\"><span style=\"font-family: Verdana,sans-serif\"><span lang=\"ES\" style=\"color: #111111;line-height: 115%\">Y bueno, a&nbsp;todo lo dem\u00e1s ya asistimos<span style=\"font-size: small\">&#8230;<\/span><\/span><\/span><\/span><\/div>\n<p><span style=\"font-size: small\"><span style=\"font-family: Verdana,sans-serif\"> <\/span><\/span><br \/><span style=\"font-size: small\"><span style=\"font-family: Verdana,sans-serif\"> <\/span><\/span><br \/><span style=\"font-size: small\"><span style=\"font-family: Verdana,sans-serif\"> <\/span><\/span><br \/><span style=\"font-size: small\"><span style=\"font-family: Verdana,sans-serif\"> <\/span><\/span><br \/><span style=\"font-size: small\"><span style=\"font-family: Verdana,sans-serif\"> <\/span><\/span><br \/><span style=\"font-size: small\"><span style=\"font-family: Verdana,sans-serif\">   <\/span><\/span><br \/><span style=\"font-size: small\"><span style=\"font-family: Verdana,sans-serif\">   <\/span><\/span><br \/><span style=\"font-size: small\"><span style=\"font-family: Verdana,sans-serif\"><\/span><\/span><\/p>\n","protected":false},"excerpt":{"rendered":"<p>RECORDAMOS: EL GOLPE DE ESTADO DEL 11 DE SEPTIEMBRE&nbsp; DE 1973 EN CHILE DIA DEL MAESTRO UN NUEVO ANIVERSARIO DE LA CAIDA DE LAS TORRES GEMELAS EL GOLPE DE ESTADO DEL 11 DE SEPTIEMBRE&nbsp; DE 1973 EN CHILESalvador Allende, el \u00eddolo derrocado de su pedestal de cobre y la larga noche que cay\u00f3 sobre el [&hellip;]<\/p>\n","protected":false},"author":4,"featured_media":0,"comment_status":"open","ping_status":"open","sticky":false,"template":"","format":"standard","meta":{"_monsterinsights_skip_tracking":false,"_monsterinsights_sitenote_active":false,"_monsterinsights_sitenote_note":"","_monsterinsights_sitenote_category":0,"jnews-multi-image_gallery":[],"jnews_single_post":{"format":"standard"},"jnews_primary_category":[],"_joinchat":[],"footnotes":""},"categories":[60],"tags":[72],"class_list":["post-1141","post","type-post","status-publish","format-standard","hentry","category-mirada-riachuelo","tag-historia-de-la-lucha-de-los-pueblos"],"_links":{"self":[{"href":"http:\/\/fmriachuelo.it10.com.ar\/index.php\/wp-json\/wp\/v2\/posts\/1141","targetHints":{"allow":["GET"]}}],"collection":[{"href":"http:\/\/fmriachuelo.it10.com.ar\/index.php\/wp-json\/wp\/v2\/posts"}],"about":[{"href":"http:\/\/fmriachuelo.it10.com.ar\/index.php\/wp-json\/wp\/v2\/types\/post"}],"author":[{"embeddable":true,"href":"http:\/\/fmriachuelo.it10.com.ar\/index.php\/wp-json\/wp\/v2\/users\/4"}],"replies":[{"embeddable":true,"href":"http:\/\/fmriachuelo.it10.com.ar\/index.php\/wp-json\/wp\/v2\/comments?post=1141"}],"version-history":[{"count":1,"href":"http:\/\/fmriachuelo.it10.com.ar\/index.php\/wp-json\/wp\/v2\/posts\/1141\/revisions"}],"predecessor-version":[{"id":21719,"href":"http:\/\/fmriachuelo.it10.com.ar\/index.php\/wp-json\/wp\/v2\/posts\/1141\/revisions\/21719"}],"wp:attachment":[{"href":"http:\/\/fmriachuelo.it10.com.ar\/index.php\/wp-json\/wp\/v2\/media?parent=1141"}],"wp:term":[{"taxonomy":"category","embeddable":true,"href":"http:\/\/fmriachuelo.it10.com.ar\/index.php\/wp-json\/wp\/v2\/categories?post=1141"},{"taxonomy":"post_tag","embeddable":true,"href":"http:\/\/fmriachuelo.it10.com.ar\/index.php\/wp-json\/wp\/v2\/tags?post=1141"}],"curies":[{"name":"wp","href":"https:\/\/api.w.org\/{rel}","templated":true}]}}