{"id":11406,"date":"2020-01-21T22:51:25","date_gmt":"2020-01-21T22:51:25","guid":{"rendered":"http:\/\/fmriachuelo.com.ar\/?p=11406"},"modified":"2020-01-21T22:51:25","modified_gmt":"2020-01-21T22:51:25","slug":"santa-fe-repudio-social-a-la-postulacion-del-asesino-de-pocho-lepratti-a-la-guardia-urbana-de-arroyo-seco","status":"publish","type":"post","link":"http:\/\/fmriachuelo.it10.com.ar\/index.php\/2020\/01\/21\/santa-fe-repudio-social-a-la-postulacion-del-asesino-de-pocho-lepratti-a-la-guardia-urbana-de-arroyo-seco\/","title":{"rendered":"SANTA FE: REPUDIO SOCIAL A LA POSTULACI\u00d3N DEL ASESINO DE POCHO LEPRATTI A LA GUARDIA URBANA DE ARROYO SECO"},"content":{"rendered":"<p><strong>[FM Riachuelo, 21\/01\/2020]\u00a0Hoy en Rompe el Cerco Informativo (L a V 18hs) nos comunicamos con Celeste Lepratti hermana del militante popular Claudio \u00abPocho\u00bb Lepratti, por la postulaci\u00f3n a la guardia urbana de Esteban \u201cTiky\u201d Vel\u00e1zquez, ex polic\u00eda y asesino del militante popular, durante el reclamo que se dio en todo el pa\u00eds en diciembre 2001.<\/strong><\/p>\n<p>D\u00edas pasados se realiz\u00f3 una convocatoria para postular ingresantes a la GUM (Guardia Urbana Municipal) de Arroyo Seco, Santa Fe. A la misma se present\u00f3 y fue preseleccionado el ex agente policial Esteban \u00bb Tiky\u00bb Vel\u00e1zquez quien dispar\u00f3 a Claudio Lepratti el 19 de diciembre de 2001 en Rosario, bajo el gobierno provincial de Carlos Reuteman, cuando reclamaba desde los techos de la Escuela 756 de Barrio Las Flores- donde trabajaba como asistente escolar- que los polic\u00edas dejaran de disparar, dado que hab\u00eda chicos comiendo.<\/p>\n<p><img loading=\"lazy\" decoding=\"async\" class=\"size-full wp-image-11408 alignleft\" src=\"http:\/\/fmriachuelo.com.ar\/wp-content\/uploads\/2020\/01\/CELESTE-LEPRATTI.jpg\" alt=\"\" width=\"200\" height=\"275\" \/>Celeste nos cuenta que el pasado jueves se enteraron por compa\u00f1erxs de organizaciones sociales de Arroyo Seco, que el ex polic\u00eda hab\u00eda concursado para ser parte de la Guardia Urbana del lugar, del cual es oriundo y no solo eso, sino que hab\u00eda sido preseleccionado. Con respecto a esto la compa\u00f1era explica: <em>\u201cR\u00e1pidamente salimos a denunciarlo, ya que Vel\u00e1zquez es uno de los pocos polic\u00edas que ac\u00e1 en Santa Fe recibi\u00f3 una condena a catorce a\u00f1os, de los cuales cumpli\u00f3 diez, pero m\u00e1s all\u00e1 de esto alertamos que el ex funcionario est\u00e1 inhabilitado para ocupar estos lugares en el estado. No es la primera vez que ocurre que agentes acusados de cr\u00edmenes terminan recicl\u00e1ndose en alg\u00fan lugar del Estado, esto pone de manifiesto el perfil que se tiene para cumplir con tareas que hacen a la convivencia y la seguridad de un lugar\u201d<\/em><\/p>\n<p>El d\u00eda de ayer se conoci\u00f3 la primera voz oficial de Arroyo Seco que hablara sobre el tema, el Presidente del Consejo Municipal de la localidad, diciendo que hab\u00eda sido un peque\u00f1o error, al respecto Celeste dijo<em>: \u201cEsto que llamaron peque\u00f1o error, que nosotros consideramos que es un atropello, tuvieron que dar marcha atr\u00e1s porque adem\u00e1s hay una imposibilidad legal para que Vel\u00e1zquez pueda ingresar en esta \u00e1rea del estado, si no hubi\u00e9ramos salido de esta manera, estar\u00eda ah\u00ed reciclado cumpliendo funciones en esa u otra \u00e1rea\u201d<\/em><\/p>\n<p style=\"text-align: left\">En definitiva, hay un debate abierto a toda la sociedad para poder sentar bases para que estas situaciones no se vuelvan a dar. La organizaci\u00f3n popular logr\u00f3 que esto no suceda. #NoPudieron.<\/p>\n<p>&nbsp;<\/p>\n<p><a href=\"https:\/\/ar.radiocut.fm\/audiocut\/repudio-social-a-postulacion-del-asesino-pocho-lepratti-a-guardia-urbana\/\">ESCUCHA AC\u00c1 LA ENTREVISTA COMPLETA.<\/a><\/p>\n","protected":false},"excerpt":{"rendered":"<p>[FM Riachuelo, 21\/01\/2020]\u00a0Hoy en Rompe el Cerco Informativo (L a V 18hs) nos comunicamos con Celeste Lepratti hermana del militante popular Claudio \u00abPocho\u00bb Lepratti, por la postulaci\u00f3n a la guardia urbana de Esteban \u201cTiky\u201d Vel\u00e1zquez, ex polic\u00eda y asesino del militante popular, durante el reclamo que se dio en todo el pa\u00eds en diciembre 2001. [&hellip;]<\/p>\n","protected":false},"author":5,"featured_media":11410,"comment_status":"closed","ping_status":"closed","sticky":false,"template":"","format":"standard","meta":{"_monsterinsights_skip_tracking":false,"_monsterinsights_sitenote_active":false,"_monsterinsights_sitenote_note":"","_monsterinsights_sitenote_category":0,"jnews-multi-image_gallery":[],"jnews_single_post":[],"jnews_primary_category":[],"_joinchat":[],"footnotes":""},"categories":[82,80,76],"tags":[],"class_list":["post-11406","post","type-post","status-publish","format-standard","has-post-thumbnail","hentry","category-derechos-humanos","category-educacion","category-salud-comunitaria"],"_links":{"self":[{"href":"http:\/\/fmriachuelo.it10.com.ar\/index.php\/wp-json\/wp\/v2\/posts\/11406","targetHints":{"allow":["GET"]}}],"collection":[{"href":"http:\/\/fmriachuelo.it10.com.ar\/index.php\/wp-json\/wp\/v2\/posts"}],"about":[{"href":"http:\/\/fmriachuelo.it10.com.ar\/index.php\/wp-json\/wp\/v2\/types\/post"}],"author":[{"embeddable":true,"href":"http:\/\/fmriachuelo.it10.com.ar\/index.php\/wp-json\/wp\/v2\/users\/5"}],"replies":[{"embeddable":true,"href":"http:\/\/fmriachuelo.it10.com.ar\/index.php\/wp-json\/wp\/v2\/comments?post=11406"}],"version-history":[{"count":0,"href":"http:\/\/fmriachuelo.it10.com.ar\/index.php\/wp-json\/wp\/v2\/posts\/11406\/revisions"}],"wp:featuredmedia":[{"embeddable":true,"href":"http:\/\/fmriachuelo.it10.com.ar\/index.php\/wp-json\/wp\/v2\/media\/11410"}],"wp:attachment":[{"href":"http:\/\/fmriachuelo.it10.com.ar\/index.php\/wp-json\/wp\/v2\/media?parent=11406"}],"wp:term":[{"taxonomy":"category","embeddable":true,"href":"http:\/\/fmriachuelo.it10.com.ar\/index.php\/wp-json\/wp\/v2\/categories?post=11406"},{"taxonomy":"post_tag","embeddable":true,"href":"http:\/\/fmriachuelo.it10.com.ar\/index.php\/wp-json\/wp\/v2\/tags?post=11406"}],"curies":[{"name":"wp","href":"https:\/\/api.w.org\/{rel}","templated":true}]}}