{"id":11403,"date":"2020-01-21T22:08:05","date_gmt":"2020-01-21T22:08:05","guid":{"rendered":"http:\/\/fmriachuelo.com.ar\/?p=11403"},"modified":"2020-01-21T22:08:05","modified_gmt":"2020-01-21T22:08:05","slug":"brutal-represion-policial-en-un-comedor-de-villa-la-tela-cordoba","status":"publish","type":"post","link":"http:\/\/fmriachuelo.it10.com.ar\/index.php\/2020\/01\/21\/brutal-represion-policial-en-un-comedor-de-villa-la-tela-cordoba\/","title":{"rendered":"BRUTAL REPRESI\u00d3N POLICIAL EN UN COMEDOR DE VILLA LA TELA, C\u00d3RDOBA"},"content":{"rendered":"<p><strong>[FM RIACHUELO 21\/01\/2020]\u00a0En Rompe el Cerco Informativo charlamos con Mat\u00edas Ruffener, del Encuentro de Organizaciones de Villa La Tela, C\u00f3rdoba (UTEP), quien relat\u00f3 lo sucedido en el comedor \u00abSonrisa de \u00c1ngel\u00bb, donde la Polic\u00eda local irrumpi\u00f3 violenta e ilegalmente y dispar\u00f3 con balas de plomo contra la familia que trabajaba en el lugar.\u00bbEs un espacio sumamente habitado por las personas de la comunidad que encuentran en la organizaci\u00f3n una respuesta a tanta ausencia y violencia social\u00bb explic\u00f3 el referente.<\/strong><\/p>\n<p>\u201c\u00c9sta ma\u00f1ana la polic\u00eda irrumpi\u00f3 en el terreno donde se desarrolla el comedor y otras tareas comunitarias. La familia se despert\u00f3 y encontr\u00f3 a la polic\u00eda con intenciones de allanar el lugar. Cuando les exigen la orden de allanamiento descubren que ten\u00edan otra direcci\u00f3n y a nombre de una persona que no habita ese lugar, por ende la polic\u00eda no estaba habilitada a ingresar. Cuando la familia exige que se retiren porque la orden ten\u00eda irregularidades, la polic\u00eda comenz\u00f3 a golpear y a disparar balas de plomo\u201d cont\u00f3 el militante.<\/p>\n<p>Mat\u00edas cont\u00f3 que todav\u00eda hay cinco detenidos: Jer\u00f3nimo Charra (21 a\u00f1os), Lorena Charra (25 a\u00f1os, embarazada y golpeada), Jhonatan Charra (26 a\u00f1os) y Rosa Carballo (43). \u00abVamos a estar ejerciendo la presi\u00f3n con cortes de calle y frente a la comisaria hasta lograr la liberaci\u00f3n de nuestros compa\u00f1eros\u00bb sostuvo.<\/p>\n<p>El comedor\u00a0 diariamente le da de comer a m\u00e1s de 100 ni\u00f1os y ancianos. Hay copa de leche, comedor, apoyo escolar y talleres culturales. \u201cSeguimos convocando a la comisar\u00eda 2da, en Duarte Quir\u00f3s 3901, mientras sostenemos esta medida de lucha, por les compa\u00f1eres preses en esta persecuci\u00f3n a trabajadores de la econom\u00eda popular y a quienes nos organizamos en los barrios\u201d expres\u00f3 en un comunicado el Encuentro de Organizaciones de Villa La Tela.<\/p>\n<p><a href=\"https:\/\/ar.radiocut.fm\/audiocut\/represion-en-un-comedor-cordoba-vamos-a-estar-exigiendo-libertad-frente-a-comisaria\/\">Escucha la entrevista completa ac\u00e1<\/a><\/p>\n","protected":false},"excerpt":{"rendered":"<p>[FM RIACHUELO 21\/01\/2020]\u00a0En Rompe el Cerco Informativo charlamos con Mat\u00edas Ruffener, del Encuentro de Organizaciones de Villa La Tela, C\u00f3rdoba (UTEP), quien relat\u00f3 lo sucedido en el comedor \u00abSonrisa de \u00c1ngel\u00bb, donde la Polic\u00eda local irrumpi\u00f3 violenta e ilegalmente y dispar\u00f3 con balas de plomo contra la familia que trabajaba en el lugar.\u00bbEs un espacio [&hellip;]<\/p>\n","protected":false},"author":5,"featured_media":11404,"comment_status":"closed","ping_status":"closed","sticky":false,"template":"","format":"standard","meta":{"_monsterinsights_skip_tracking":false,"_monsterinsights_sitenote_active":false,"_monsterinsights_sitenote_note":"","_monsterinsights_sitenote_category":0,"jnews-multi-image_gallery":[],"jnews_single_post":[],"jnews_primary_category":[],"_joinchat":[],"footnotes":""},"categories":[82,76],"tags":[],"class_list":["post-11403","post","type-post","status-publish","format-standard","has-post-thumbnail","hentry","category-derechos-humanos","category-salud-comunitaria"],"_links":{"self":[{"href":"http:\/\/fmriachuelo.it10.com.ar\/index.php\/wp-json\/wp\/v2\/posts\/11403","targetHints":{"allow":["GET"]}}],"collection":[{"href":"http:\/\/fmriachuelo.it10.com.ar\/index.php\/wp-json\/wp\/v2\/posts"}],"about":[{"href":"http:\/\/fmriachuelo.it10.com.ar\/index.php\/wp-json\/wp\/v2\/types\/post"}],"author":[{"embeddable":true,"href":"http:\/\/fmriachuelo.it10.com.ar\/index.php\/wp-json\/wp\/v2\/users\/5"}],"replies":[{"embeddable":true,"href":"http:\/\/fmriachuelo.it10.com.ar\/index.php\/wp-json\/wp\/v2\/comments?post=11403"}],"version-history":[{"count":0,"href":"http:\/\/fmriachuelo.it10.com.ar\/index.php\/wp-json\/wp\/v2\/posts\/11403\/revisions"}],"wp:featuredmedia":[{"embeddable":true,"href":"http:\/\/fmriachuelo.it10.com.ar\/index.php\/wp-json\/wp\/v2\/media\/11404"}],"wp:attachment":[{"href":"http:\/\/fmriachuelo.it10.com.ar\/index.php\/wp-json\/wp\/v2\/media?parent=11403"}],"wp:term":[{"taxonomy":"category","embeddable":true,"href":"http:\/\/fmriachuelo.it10.com.ar\/index.php\/wp-json\/wp\/v2\/categories?post=11403"},{"taxonomy":"post_tag","embeddable":true,"href":"http:\/\/fmriachuelo.it10.com.ar\/index.php\/wp-json\/wp\/v2\/tags?post=11403"}],"curies":[{"name":"wp","href":"https:\/\/api.w.org\/{rel}","templated":true}]}}