{"id":1140,"date":"2014-09-12T14:08:00","date_gmt":"2014-09-12T14:08:00","guid":{"rendered":"http:\/\/fmriachuelo.observatorioess.org.ar\/index.php\/2014\/09\/12\/cortitas-de-la-patria-grande\/"},"modified":"2025-02-26T13:44:16","modified_gmt":"2025-02-26T16:44:16","slug":"cortitas-de-la-patria-grande","status":"publish","type":"post","link":"http:\/\/fmriachuelo.it10.com.ar\/index.php\/2014\/09\/12\/cortitas-de-la-patria-grande\/","title":{"rendered":"CORTITAS DE LA PATRIA GRANDE"},"content":{"rendered":"<ul>\n<li><span style=\"font-size: large\"><span style=\"font-family: Verdana,sans-serif\"><span lang=\"ES\" style=\"line-height: 115%\"><b><span style=\"color: red\">LA SOLIDARIDAD CUBANA SIEMPRE A LA VANGUARDIA<\/span><\/b><\/span><\/span><\/span><\/li>\n<li><span style=\"font-size: large\"><span lang=\"ES\" style=\"font-size: small;line-height: 115%\"><span style=\"color: black\"><span lang=\"ES\"><span lang=\"ES\" style=\"line-height: 115%\"><span style=\"color: red\"><b> <\/b><\/span><\/span><\/span><\/span><\/span><span style=\"font-family: Verdana,sans-serif\"><b><span lang=\"ES\" style=\"color: red\">Venezuela: El presidente Nicol\u00e1s Maduro ordena intervenir la distribuci\u00f3n de combustible de PDVSA<\/span><\/b><span lang=\"ES\" style=\"line-height: 115%\"><span style=\"color: black\"><span lang=\"ES\"><span lang=\"ES\" style=\"line-height: 115%\"><span lang=\"ES\">&nbsp;<\/span><\/span><\/span><\/span><\/span><\/span><\/span><\/li>\n<\/ul>\n<p><span style=\"font-family: Verdana,sans-serif\"><span lang=\"ES\" style=\"font-size: small;line-height: 115%\"><span style=\"color: black\"><span lang=\"ES\"><span lang=\"ES\" style=\"line-height: 115%\"><span lang=\"ES\"><\/span><\/span><\/span><\/span><\/span><\/span><br \/><a name='more'><\/a><br \/><span style=\"font-size: large\"><span style=\"font-family: Verdana,sans-serif\"><span lang=\"ES\" style=\"line-height: 115%\"><b><span style=\"color: red\">LA SOLIDARIDAD CUBANA SIEMPRE A LA VANGUARDIA<\/span><\/b><\/span><\/span><\/span><br \/><span style=\"font-family: Verdana,sans-serif\"><span lang=\"ES\" style=\"font-size: small;line-height: 115%\"><b>En un gesto de reconocimiento al trabajo respecto de la Salud P\u00fablica, la OMS y el secretario general de la ONU solicitaron al presidente Raul Castro su colaboraci\u00f3n par combatir la epidemia de fiebre hemorr\u00e1gica.<br \/><\/b><span style=\"color: black\"><b> <\/b><span lang=\"ES\">Cuba anunci\u00f3 hoy&nbsp; &nbsp;su participaci\u00f3n en el esfuerzo global coordinado por la Organizaci\u00f3n Mundial de la Salud (OMS) para el enfrentamiento al \u00e9bola en \u00c1frica Occidental, adonde enviar\u00e1 una brigada de 165 colaboradores.<\/span><br \/>  <span lang=\"ES\">Un contingente&nbsp;constituido por 62 m\u00e9dicos y 103 enfermeros,&nbsp;que poseen m\u00e1s de 15 a\u00f1os de experiencia profesional, inform\u00f3 el ministro cubano de Salud P\u00fablica, Roberto Morales,&nbsp; ser\u00e1n los encargados de la intervenci\u00f3n profesional. <\/span><span lang=\"ES\">Todos han colaborado en otros pa\u00edses ante desastres naturales y epidemiol\u00f3gicos, as\u00ed como en misiones de colaboraci\u00f3n m\u00e9dica, y el 23 por ciento lo ha hecho en m\u00e1s de una ocasi\u00f3n, precis\u00f3 el titular.<\/span><br \/>  <span lang=\"ES\">Inform\u00f3 que los recursos humanos fueron seleccionados a partir de todos los que voluntariamente han expresado su disposici\u00f3n de trabajar de conjunto, codo a codo, con m\u00e9dicos de cualquier pa\u00eds que se decida.<\/span><br \/>  <span lang=\"ES\">La participaci\u00f3n en el enfrentamiento al \u00e9bola no es un hecho aislado, sino que forma parte de la solidaridad que Cuba ha brindado en estos 55 a\u00f1os de Revoluci\u00f3n, expres\u00f3 el ministro de salud.<\/span><br \/><span lang=\"ES\"><span lang=\"ES\" style=\"line-height: 115%\"><span style=\"color: red\"><b>&nbsp;<\/b><\/span><\/span><\/span><\/span><\/span><\/span><br \/><span style=\"font-family: Verdana,sans-serif\"><span lang=\"ES\" style=\"font-size: small;line-height: 115%\"><span style=\"color: black\"><span lang=\"ES\"><span lang=\"ES\" style=\"line-height: 115%\"><span style=\"color: red\"><b>                <\/b><\/span><\/span><\/span><\/span><\/span><\/span><br \/><span style=\"font-size: large\"><span style=\"font-family: Verdana,sans-serif\"><b><span lang=\"ES\" style=\"color: red\">Venezuela: El presidente Nicol\u00e1s Maduro ordena intervenir la distribuci\u00f3n de combustible de PDVSA<\/span><\/b><span lang=\"ES-TRAD\"><\/span><span lang=\"ES\" style=\"line-height: 115%\"><span style=\"color: black\"><span lang=\"ES\"><span lang=\"ES\" style=\"line-height: 115%\"><span lang=\"ES\">&nbsp;<\/span><\/span><\/span><\/span><\/span><\/span><\/span><br \/><span style=\"font-family: Verdana,sans-serif\"><span lang=\"ES\" style=\"font-size: small;line-height: 115%\"><span style=\"color: black\"><span lang=\"ES\"><span lang=\"ES\" style=\"line-height: 115%\"><span lang=\"ES\">El presidente de la Rep\u00fablica, Nicol\u00e1s Maduro orden\u00f3 este jueves la intervenci\u00f3n de la Direcci\u00f3n de Mercado Nacional de combustible de Pdvsa, mediante un decreto que fue propuesto por la Comisi\u00f3n Nacional de Lucha Contra el Contrabando.<\/span><br \/><span lang=\"ES\">Maduro indic\u00f3 que se mantendr\u00e1 la distribuci\u00f3n normal y estable de los combustibles internos pero se revisar\u00e1 \u201c(\u2026) estado por estado, municipio por municipio, caiga qui\u00e9n caiga\u201d para combatir a las \u201cmafias criminales\u201d, debido a que se tiene \u201cmoral para hacerlo\u201d.pidi\u00f3 toda la colaboraci\u00f3n del pueblo y los trabajadores.<\/span> <span lang=\"ES\"> <\/span>&nbsp;<\/span><br \/><span style=\"font-size: x-small\">Fuentes: Telesur\/Nodal<\/span><\/span><\/span><\/span><\/span><\/p>\n","protected":false},"excerpt":{"rendered":"<p>LA SOLIDARIDAD CUBANA SIEMPRE A LA VANGUARDIA Venezuela: El presidente Nicol\u00e1s Maduro ordena intervenir la distribuci\u00f3n de combustible de PDVSA&nbsp; LA SOLIDARIDAD CUBANA SIEMPRE A LA VANGUARDIAEn un gesto de reconocimiento al trabajo respecto de la Salud P\u00fablica, la OMS y el secretario general de la ONU solicitaron al presidente Raul Castro su colaboraci\u00f3n par [&hellip;]<\/p>\n","protected":false},"author":4,"featured_media":0,"comment_status":"open","ping_status":"open","sticky":false,"template":"","format":"standard","meta":{"_monsterinsights_skip_tracking":false,"_monsterinsights_sitenote_active":false,"_monsterinsights_sitenote_note":"","_monsterinsights_sitenote_category":0,"jnews-multi-image_gallery":[],"jnews_single_post":{"format":"standard"},"jnews_primary_category":[],"_joinchat":[],"footnotes":""},"categories":[58],"tags":[70],"class_list":["post-1140","post","type-post","status-publish","format-standard","hentry","category-noticiariachuelo","tag-de-la-patria-grande"],"_links":{"self":[{"href":"http:\/\/fmriachuelo.it10.com.ar\/index.php\/wp-json\/wp\/v2\/posts\/1140","targetHints":{"allow":["GET"]}}],"collection":[{"href":"http:\/\/fmriachuelo.it10.com.ar\/index.php\/wp-json\/wp\/v2\/posts"}],"about":[{"href":"http:\/\/fmriachuelo.it10.com.ar\/index.php\/wp-json\/wp\/v2\/types\/post"}],"author":[{"embeddable":true,"href":"http:\/\/fmriachuelo.it10.com.ar\/index.php\/wp-json\/wp\/v2\/users\/4"}],"replies":[{"embeddable":true,"href":"http:\/\/fmriachuelo.it10.com.ar\/index.php\/wp-json\/wp\/v2\/comments?post=1140"}],"version-history":[{"count":1,"href":"http:\/\/fmriachuelo.it10.com.ar\/index.php\/wp-json\/wp\/v2\/posts\/1140\/revisions"}],"predecessor-version":[{"id":21721,"href":"http:\/\/fmriachuelo.it10.com.ar\/index.php\/wp-json\/wp\/v2\/posts\/1140\/revisions\/21721"}],"wp:attachment":[{"href":"http:\/\/fmriachuelo.it10.com.ar\/index.php\/wp-json\/wp\/v2\/media?parent=1140"}],"wp:term":[{"taxonomy":"category","embeddable":true,"href":"http:\/\/fmriachuelo.it10.com.ar\/index.php\/wp-json\/wp\/v2\/categories?post=1140"},{"taxonomy":"post_tag","embeddable":true,"href":"http:\/\/fmriachuelo.it10.com.ar\/index.php\/wp-json\/wp\/v2\/tags?post=1140"}],"curies":[{"name":"wp","href":"https:\/\/api.w.org\/{rel}","templated":true}]}}