{"id":11395,"date":"2020-01-17T22:18:44","date_gmt":"2020-01-17T22:18:44","guid":{"rendered":"http:\/\/fmriachuelo.com.ar\/?p=11395"},"modified":"2020-01-17T22:18:44","modified_gmt":"2020-01-17T22:18:44","slug":"hugo-molares-facundo-es-un-preso-politico-que-fue-acusado-por-sus-antecedentes-como-militante-y-no-por-sus-actos","status":"publish","type":"post","link":"http:\/\/fmriachuelo.it10.com.ar\/index.php\/2020\/01\/17\/hugo-molares-facundo-es-un-preso-politico-que-fue-acusado-por-sus-antecedentes-como-militante-y-no-por-sus-actos\/","title":{"rendered":"HUGO MOLARES: \u00abFACUNDO ES UN PRESO POL\u00cdTICO QUE FUE ACUSADO POR SUS ANTECEDENTES COMO MILITANTE Y NO POR SUS ACTOS\u00bb"},"content":{"rendered":"<hr style=\"padding-left: 30px\" \/>\n<p>[FM Riachuelo 15\/01\/2020] En Rompe el Cerco Informativo (L a V de18 hs) conversamos con N\u00e9stor Hugo Molares, quien nos comparti\u00f3 la situaci\u00f3n actual del caso de su hijo Facundo Molares Schoenfeld.<\/p>\n<p>Facundo hab\u00eda llegado a Bolivia para retratar con su c\u00e1mara la compleja realidad de un pa\u00eds en estado cr\u00edtico tras las elecciones del 20 de octubre. Colaboraba con la revista de izquierda\u00a0<em>Centenario.<\/em><\/p>\n<p>Por una insuficiencia renal, debi\u00f3 ser hospitalizado en estado de coma inducido.\u00a0Mientras permanec\u00eda internado en grave estado, personal policial present\u00f3 una orden de detenci\u00f3n por su presunta participaci\u00f3n en el bloqueo de un puente. Est\u00e1 involucrado en una causa colectiva y es el \u00fanico imputando. Descubren que hab\u00eda militado en la Fuerza Alternativa Revolucionaria del Com\u00fan (Farc) un dato muy conveniente para el r\u00e9gimen y para demonizarlo.<\/p>\n<p>Hugo Molares presento una petici\u00f3n formal ante la comisi\u00f3n interamericana de derechos humanos presento una cautelar ante ese mismo organismo y cuatro ampliatorias de medidas cautelares por el agravamiento de las circunstancia de su hijo facundo, presento un reclamo ante el relator especial de las naciones unidas contra la tortura otro contra la desaparici\u00f3n forzada de personas y tambi\u00e9n le envi\u00f3 una carta al Papa Francisco.<\/p>\n<p>Por razones humanitarias exigen la repatriaci\u00f3n de Facundo hacia Argentina, el est\u00e1 detenido injustamente, se est\u00e1n violando todos los Tratados Internacionales de Derechos Humanos priv\u00e1ndolo de su libertad.<\/p>\n<p>\u201cEsto es una causa absolutamente armada, est\u00e1 preso sin pruebas. Es un preso pol\u00edtico que fue acusado por sus antecedentes como militante y no por sus actos\u201d resalto Hugo Molares al hacer referencia al caso de su hijo Facundo.<\/p>\n<p><a href=\"https:\/\/ar.radiocut.fm\/audiocut\/padre-facundo-molares-esta-es-una-causa-absolutamente-armada\/\">Escucha la entrevista completa.ac\u00e1<\/a><\/p>\n","protected":false},"excerpt":{"rendered":"<p>[FM Riachuelo 15\/01\/2020] En Rompe el Cerco Informativo (L a V de18 hs) conversamos con N\u00e9stor Hugo Molares, quien nos comparti\u00f3 la situaci\u00f3n actual del caso de su hijo Facundo Molares Schoenfeld. Facundo hab\u00eda llegado a Bolivia para retratar con su c\u00e1mara la compleja realidad de un pa\u00eds en estado cr\u00edtico tras las elecciones del [&hellip;]<\/p>\n","protected":false},"author":5,"featured_media":11399,"comment_status":"closed","ping_status":"closed","sticky":false,"template":"","format":"standard","meta":{"_monsterinsights_skip_tracking":false,"_monsterinsights_sitenote_active":false,"_monsterinsights_sitenote_note":"","_monsterinsights_sitenote_category":0,"jnews-multi-image_gallery":[],"jnews_single_post":[],"jnews_primary_category":[],"_joinchat":[],"footnotes":""},"categories":[82,76,77],"tags":[],"class_list":["post-11395","post","type-post","status-publish","format-standard","has-post-thumbnail","hentry","category-derechos-humanos","category-salud-comunitaria","category-soberania"],"_links":{"self":[{"href":"http:\/\/fmriachuelo.it10.com.ar\/index.php\/wp-json\/wp\/v2\/posts\/11395","targetHints":{"allow":["GET"]}}],"collection":[{"href":"http:\/\/fmriachuelo.it10.com.ar\/index.php\/wp-json\/wp\/v2\/posts"}],"about":[{"href":"http:\/\/fmriachuelo.it10.com.ar\/index.php\/wp-json\/wp\/v2\/types\/post"}],"author":[{"embeddable":true,"href":"http:\/\/fmriachuelo.it10.com.ar\/index.php\/wp-json\/wp\/v2\/users\/5"}],"replies":[{"embeddable":true,"href":"http:\/\/fmriachuelo.it10.com.ar\/index.php\/wp-json\/wp\/v2\/comments?post=11395"}],"version-history":[{"count":0,"href":"http:\/\/fmriachuelo.it10.com.ar\/index.php\/wp-json\/wp\/v2\/posts\/11395\/revisions"}],"wp:featuredmedia":[{"embeddable":true,"href":"http:\/\/fmriachuelo.it10.com.ar\/index.php\/wp-json\/wp\/v2\/media\/11399"}],"wp:attachment":[{"href":"http:\/\/fmriachuelo.it10.com.ar\/index.php\/wp-json\/wp\/v2\/media?parent=11395"}],"wp:term":[{"taxonomy":"category","embeddable":true,"href":"http:\/\/fmriachuelo.it10.com.ar\/index.php\/wp-json\/wp\/v2\/categories?post=11395"},{"taxonomy":"post_tag","embeddable":true,"href":"http:\/\/fmriachuelo.it10.com.ar\/index.php\/wp-json\/wp\/v2\/tags?post=11395"}],"curies":[{"name":"wp","href":"https:\/\/api.w.org\/{rel}","templated":true}]}}