{"id":1138,"date":"2014-09-16T05:04:00","date_gmt":"2014-09-16T05:04:00","guid":{"rendered":"http:\/\/fmriachuelo.observatorioess.org.ar\/index.php\/2014\/09\/16\/reproducimos-comunicado-del-frente-popular-dario-santillan\/"},"modified":"2025-02-26T12:40:44","modified_gmt":"2025-02-26T15:40:44","slug":"reproducimos-comunicado-del-frente-popular-dario-santillan","status":"publish","type":"post","link":"http:\/\/fmriachuelo.it10.com.ar\/index.php\/2014\/09\/16\/reproducimos-comunicado-del-frente-popular-dario-santillan\/","title":{"rendered":"REPRODUCIMOS COMUNICADO DEL FRENTE POPULAR DAR\u00cdO SANTILL\u00c1N"},"content":{"rendered":"<p><span style=\"font-size: small\"><span style=\"font-family: Verdana,sans-serif\">      <\/span><\/span><br \/><span style=\"color: red\"><span style=\"font-size: large\"><b><span style=\"font-family: Verdana\">Quieren meter presos a referentes sociales s\u00f3lo por poner la cara ante las necesidades de sus vecinos<\/span><\/b><\/span><\/span><br \/><span style=\"font-size: small\"><span style=\"font-family: Verdana,sans-serif\"><b>No a la criminalizaci\u00f3n de la protesta: repudiamos la elevaci\u00f3n a juicio de Diosnel P\u00e9rez y el Tano Nardulli por la toma del Indoamericano<\/b><span style=\"font-size: small\">.<\/span>&nbsp;<\/span><\/span><br \/><span style=\"font-size: small\"><span style=\"font-family: Verdana,sans-serif\">Sin pruebas, la justicia macrista acusa a dos dirigentes sociales respetados y reconocidos de haber \u00abinstigado\u00bb una toma, cuando lo \u00fanico que hicieron fue establecer un canal de di\u00e1logo con autoridades porte\u00f1as y nacionales concurriendo a una reuni\u00f3n en Casa Rosada donde plantearon las necesidades habitacionales de los habitantes de Soldati y Lugano. Cuatro a\u00f1os despu\u00e9s sigue sin cumplirse la ley 1770 de Urbanizaci\u00f3n de la villa 20. Y la \u00fanica respuesta que encontraron las familias sin techo fueron los palos y las topadoras.<\/span><\/span><\/p>\n<p><span style=\"font-size: small\"><span style=\"font-family: Verdana,sans-serif\"><span style=\"font-size: small\"><span style=\"font-family: Verdana,sans-serif\">Adhesiones a frentedariosantillan@gmail.com<\/span><\/span><\/span><\/span><br \/><span style=\"font-size: small\"><span style=\"font-family: Verdana,sans-serif\"><span style=\"font-size: small\"><span style=\"font-family: Verdana,sans-serif\"><\/span><\/span>Contacto:<br \/>Prensa 156.160.1182<br \/>Diosnel P\u00e9rez, referente del FPDS en Villa 20, Lugano: 155.923.5552<\/span><\/span><br \/><a name='more'><\/a><span style=\"font-size: small\">En diciembre del a\u00f1o pasado, la jueza Mar\u00eda Gabriela L\u00f3pez I\u00f1iguez, dio lugar al pedido de sobreseimiento de los dos militantes (siendo el segundo sobreseimiento recibido).<\/span><br \/><span style=\"font-size: small\"><span style=\"font-family: Verdana,sans-serif\">Sin embargo, los jueces Marcelo V\u00e1zquez, Juan S\u00e1ez Capel y Elizabeth Marum de la Sala I de la C\u00e1mara Penal, Contravencional y de Faltas de la Ciudad revocaron esta decisi\u00f3n, con el fundamento de que es un caso \u00abat\u00edpico\u00bb y debe resolverse en un juicio oral y p\u00fablico.<\/span><\/span><br \/><span style=\"font-size: small\"><span style=\"font-family: Verdana,sans-serif\">Con esta definici\u00f3n la Jueza Contravencional porte\u00f1a Cristina Lara, di\u00f3 lugar al pedido de los fiscales porte\u00f1os Claudia Barcia y Luis Cevasco, quienes contin\u00faan impulsando una persecuci\u00f3n jur\u00eddica a los compa\u00f1eros Diosnel&nbsp; P\u00e9rez Ojeda, (integrante de la junta vecinal de&nbsp; la Villa 20 y militante del Frente Popular Dar\u00edo Santill\u00e1n, y Luciano \u201cel Tano\u201d Nardulli, de la Corriente Clasista y Combativa, acus\u00e1ndolos de ser los instigadores de una toma que no tuvo m\u00e1s impulso que el reclamo de una vivienda digna.<\/span><\/span><br \/><span style=\"font-size: small\"><span style=\"font-family: Verdana,sans-serif\">Cevasco es el mismo fiscal que en 1998 se opuso al juicio contra el dictador Rafael Videla y consider\u00f3 que el robo de ni\u00f1os no form\u00f3 parte del plan de exterminio y hoy se desempe\u00f1a como fiscal general adjunto de la Ciudad de Buenos Aires, estrella de los fiscales PRO.<\/span><\/span><br \/><span style=\"font-size: small\"><span style=\"font-family: Verdana,sans-serif\">Vale recordar que, tres a\u00f1os y medio despu\u00e9s de la toma del Parque Indoamericano, donde las fuerzas de seguridad reprimieron salvajemente y asesinaron a tres de las miles de personas que reclamaban por el derecho a una vivienda digna, la C\u00e1mara del Crimen absolvi\u00f3 y en otros casos dict\u00f3 falta de m\u00e9rito a los miembros de la Polic\u00eda Metropolitana y de la Polic\u00eda Federal acusados. <\/p>\n<p><b>LA TOMA DEL PARQUE INDOAMERICANO<\/b><\/span><\/span><br \/><span style=\"font-size: small\"><span style=\"font-family: Verdana,sans-serif\">El 6 de diciembre de 2010, mil quinientas familias fueron desalojadas con una brutal represi\u00f3n de la Polic\u00eda Federal y la Metropolitana en conjunto, dejando como saldo la muerte de Bernardo Salgueiro, Rosemary Churapu\u00f1a y d\u00edas m\u00e1s tarde a Emilio Canaviri \u00c1lvarez, en lo que fue la toma de tierras m\u00e1s grande que se ha realizado en los \u00faltimos a\u00f1os en reclamo de vivienda digna.<br \/>La toma del Parque Indoamericano desnud\u00f3 la crisis habitacional que afecta a los sectores m\u00e1s postergados de de la Ciudad de Buenos Aires y nuestro pa\u00eds. Tras la represi\u00f3n el Gobierno Nacional y el Gobierno de la Ciudad sacaron a las familias de Parque con promesas de viviendas e inversi\u00f3n. Prometieron \u201cun peso por cada peso que ponga el otro\u201d para solucionar la problem\u00e1tica habitacional de las familias, pero nunca cumplieron. Berni, el mismo que aval\u00f3 el desalojo violento en el barrio Papa Francisco, fue el que se comprometi\u00f3 a dar respuesta a las familias.<\/span><\/span><br \/><span style=\"font-size: small\"><span style=\"font-family: Verdana,sans-serif\">La \u00fanica acci\u00f3n del Estado fue iniciarle una causa penal a nuestros compa\u00f1eros Diosnel P\u00e9rez y el Tano Nardulli a trav\u00e9s del Ministerio P\u00fablico Fiscal, demostrando una vez m\u00e1s que la pol\u00edtica del gobierno es perseguir y criminalizar a los que luchan.<\/span><\/span><br \/><span style=\"font-size: small\"><span style=\"font-family: Verdana,sans-serif\">Desde el Frente Popular Dar\u00edo Santill\u00e1n manifestamos nuestra preocupaci\u00f3n sobre el hecho y alertamos de una escalada del gobierno macrista contra los luchadores y luchadoras sociales. Denunciamos adem\u00e1s el avance en la criminalizaci\u00f3n de referentes sociales, como es el caso de los trabajadores del Hospital Borda, as\u00ed como la elevaci\u00f3n a juicio de Mariano Skliar, delegado de la Junta Interna de ATE y militante del Frente Popular Dar\u00edo Santill\u00e1n, tambi\u00e9n procesado&nbsp; por ser referente de una protesta realizada en el 2013, en el marco del conflicto salarial.<\/p>\n<p><b><span style=\"color: red\">DESPROCESAMIENTO YA DE DIOSNEL PEREZ, LUCIANO NARDULLI Y TODOS<span style=\"font-size: small\"> <\/span>LOS<span style=\"font-size: small\"> <\/span>LUCHADORES POPULARES<\/p>\n<p>BASTA DE IMPUNIDAD Y COMPLICIDAD POL\u00cdTICA Y JUDICIAL: REPUDIAMOS LA ABSOLUCI\u00d3N DE LOS POLIC\u00cdAS QUE REPRIMIERON EN EL PARQUE INDOAMERICANO<\/p>\n<p>JUSTICIA POR LOS ASESINATOS DE EMILIO CANAVIRI \u00c1LAVAREZ, BERNARDO<br \/>SALGUEIRO y ROSEMARY CHURAPU\u00d1A<\/p>\n<p>BASTA DE REPRIMIR Y CASTIGAR A LOS LUCHADORES SOCIALES<\/p>\n<p>\u00a1POR TIERRA Y VIVIENDA YA! <br \/>\u00a1QUE NACI\u00d3N Y CIUDAD CUMPLAN SUS PROMESAS!<\/span><\/b><\/span><\/span><\/p>\n","protected":false},"excerpt":{"rendered":"<p>Quieren meter presos a referentes sociales s\u00f3lo por poner la cara ante las necesidades de sus vecinosNo a la criminalizaci\u00f3n de la protesta: repudiamos la elevaci\u00f3n a juicio de Diosnel P\u00e9rez y el Tano Nardulli por la toma del Indoamericano.&nbsp;Sin pruebas, la justicia macrista acusa a dos dirigentes sociales respetados y reconocidos de haber \u00abinstigado\u00bb [&hellip;]<\/p>\n","protected":false},"author":4,"featured_media":0,"comment_status":"open","ping_status":"open","sticky":false,"template":"","format":"standard","meta":{"_monsterinsights_skip_tracking":false,"_monsterinsights_sitenote_active":false,"_monsterinsights_sitenote_note":"","_monsterinsights_sitenote_category":0,"jnews-multi-image_gallery":[],"jnews_single_post":{"format":"standard"},"jnews_primary_category":[],"_joinchat":[],"footnotes":""},"categories":[58],"tags":[151],"class_list":["post-1138","post","type-post","status-publish","format-standard","hentry","category-noticiariachuelo","tag-ddhh"],"_links":{"self":[{"href":"http:\/\/fmriachuelo.it10.com.ar\/index.php\/wp-json\/wp\/v2\/posts\/1138","targetHints":{"allow":["GET"]}}],"collection":[{"href":"http:\/\/fmriachuelo.it10.com.ar\/index.php\/wp-json\/wp\/v2\/posts"}],"about":[{"href":"http:\/\/fmriachuelo.it10.com.ar\/index.php\/wp-json\/wp\/v2\/types\/post"}],"author":[{"embeddable":true,"href":"http:\/\/fmriachuelo.it10.com.ar\/index.php\/wp-json\/wp\/v2\/users\/4"}],"replies":[{"embeddable":true,"href":"http:\/\/fmriachuelo.it10.com.ar\/index.php\/wp-json\/wp\/v2\/comments?post=1138"}],"version-history":[{"count":1,"href":"http:\/\/fmriachuelo.it10.com.ar\/index.php\/wp-json\/wp\/v2\/posts\/1138\/revisions"}],"predecessor-version":[{"id":21724,"href":"http:\/\/fmriachuelo.it10.com.ar\/index.php\/wp-json\/wp\/v2\/posts\/1138\/revisions\/21724"}],"wp:attachment":[{"href":"http:\/\/fmriachuelo.it10.com.ar\/index.php\/wp-json\/wp\/v2\/media?parent=1138"}],"wp:term":[{"taxonomy":"category","embeddable":true,"href":"http:\/\/fmriachuelo.it10.com.ar\/index.php\/wp-json\/wp\/v2\/categories?post=1138"},{"taxonomy":"post_tag","embeddable":true,"href":"http:\/\/fmriachuelo.it10.com.ar\/index.php\/wp-json\/wp\/v2\/tags?post=1138"}],"curies":[{"name":"wp","href":"https:\/\/api.w.org\/{rel}","templated":true}]}}