{"id":1137,"date":"2014-09-16T05:11:00","date_gmt":"2014-09-16T05:11:00","guid":{"rendered":"http:\/\/fmriachuelo.observatorioess.org.ar\/index.php\/2014\/09\/16\/entrevista-del-portal-economia-popular-social-y-solidaria-a-los-companeros-marta-sanagua-y-leo-torta-de-la-organizacion-social-y-politica-los-pibes\/"},"modified":"2025-02-26T12:41:42","modified_gmt":"2025-02-26T15:41:42","slug":"entrevista-del-portal-economia-popular-social-y-solidaria-a-los-companeros-marta-sanagua-y-leo-torta-de-la-organizacion-social-y-politica-los-pibes","status":"publish","type":"post","link":"http:\/\/fmriachuelo.it10.com.ar\/index.php\/2014\/09\/16\/entrevista-del-portal-economia-popular-social-y-solidaria-a-los-companeros-marta-sanagua-y-leo-torta-de-la-organizacion-social-y-politica-los-pibes\/","title":{"rendered":"ENTREVISTA DEL PORTAL ECONOM\u00cdA POPULAR SOCIAL Y SOLIDARIA A LOS COMPA\u00d1EROS MARTA SANAGUA Y LEO TORTA DE LA ORGANIZACI\u00d3N SOCIAL Y POL\u00cdTICA LOS PIBES"},"content":{"rendered":"<p><a href=\"http:\/\/4.bp.blogspot.com\/-rpd6wKRgkg4\/VBfHwiF9ouI\/AAAAAAAAAzY\/Drg61Ns6dhM\/s1600\/los_pibes.jpg\" style=\"clear: left;float: left;margin-bottom: 1em;margin-right: 1em\"><img loading=\"lazy\" decoding=\"async\" border=\"0\" src=\"http:\/\/4.bp.blogspot.com\/-rpd6wKRgkg4\/VBfHwiF9ouI\/AAAAAAAAAzY\/Drg61Ns6dhM\/s1600\/los_pibes.jpg\" height=\"190\" width=\"320\" \/><\/a><span style=\"font-size: large\"><a href=\"http:\/\/www.economiapopular.coop\/resistir-y-construir-con-participaci%C3%B3n-popular\"><span style=\"color: red\"><b><span style=\"font-family: Verdana,sans-serif\">RESISTIR Y CONSTRUIR CON PARTICIPACI\u00d3N POPULAR ORGANIZACI\u00d3N POPULAR<\/span><\/b><\/span><\/a><\/span><br \/><span style=\"font-size: small\"><span style=\"font-family: Verdana,sans-serif\">Como tantas expresiones de la organizaci\u00f3n popular, &#8216;Los pibes&#8217; es LA expresi\u00f3n de la resistencia de los noventa. En La Boca, esta organizaci\u00f3n que se autodenomina social y pol\u00edtica construye casas, encara emprendimientos productivos, desarrolla una radio y organiza un paseo de la econom\u00eda popular. Son ellos, &#8216;Los Pibes&#8217;, el pueblo organizado.<\/span><\/span><br \/><span style=\"font-size: small\"><span style=\"font-family: Verdana,sans-serif\"><\/span><\/span><br \/><a name='more'><\/a><span style=\"font-size: small\">La Boca, 1996, la organizaci\u00f3n social y pol\u00edtica Los Pibes surge y se inicia como un merendero que funcionaba los fines de semana. Esos eran los d\u00edas que &#8216;los pibes&#8217; no contaban con las viandas de las escuelas, lo que implicaba, por esos a\u00f1os, que no tuvieran un plato de comida caliente para comer. El merendero se inici\u00f3 con treinta chicos y termin\u00f3 alimentando a trescientas veinte familias.<\/p>\n<p><b>\u00abEl comedor naci\u00f3 para desaparecer\u00bb<\/b><br \/>Marta Sanagua es parte de la organizaci\u00f3n desde sus inicios, en di\u00e1logo con nuestro Portal, cont\u00f3 aquellos primeros d\u00edas de &#8216;Los pibes&#8217;: \u00abpara abastecer al merendero los vecinos comenzamos a organizarnos. Sal\u00edamos por grupos a pedir donaciones en las f\u00e1bricas del barrio, mercados, panader\u00edas, a los jardines maternales que ten\u00edan leche en polvo y galletitas.Nos arregl\u00e1bamos con las sobras\u00bb.<br \/>Luego seleccionaban la mercader\u00eda que se destinaba al abastecimiento del merendero y al armado de bolsones de comida que las familias pod\u00edan llevarse a sus hogares.\u00bbHasta nos hicimos una credencial de la organizaci\u00f3n para acreditar a d\u00f3nde iban esas donaciones\u00bb, agreg\u00f3 Marta.<br \/>En aqu\u00e9l momento tambi\u00e9n funcionaba un &#8216;roperito&#8217;, que se armaban con las donaciones de ropa y calzados que iban consiguiendo, de modo que tambi\u00e9n resolv\u00edan la necesidad de vestimenta para esas familias. <br \/>El recorrido de &#8216;Los Pibes&#8217; es parecido al de muchas otras organizaciones que surgieron en el mismo momento. Quienes \u00abfueron un emergente de las pol\u00edticas neoliberales, de la venta del pa\u00eds y la p\u00e9rdida del trabajo. Se trat\u00f3 de un nuevo sujeto en los barrios populares que se organiz\u00f3 para resistir esas pol\u00edticas que tan duro pegaron en estos sectores\u00bb, explic\u00f3 Leo Torta, otro integrante de la organizaci\u00f3n.<br \/>Este fue el inicio de cientos de organizaciones que, como la de &#8216;Los Pibes&#8217;, empezaban a construir organizaci\u00f3n popular, para as\u00ed enfrentar la exclusi\u00f3n que sufrieron estos sectores hasta bien entrado el nuevo siglo.<br \/>\u00abEsta resistencia de los noventa es efectivamente el proceso que brinda las condiciones para que exista un 2001, donde el pueblo definitivamente se decide a tomar las calles. Se trat\u00f3 de un proceso desde donde tambi\u00e9n resistieron, casi instintivamente, los valores de nuestro pueblos: la solidaridad, el trabajo conjunto y la capacidad de organizarse\u00bb, agreg\u00f3 Leo.<br \/>Y de alguna manera la evoluci\u00f3n de este desarrollo organizativo llevo a \u00abun proceso de concientizaci\u00f3n superior, pudiendo visibilizar m\u00e1s claramente los motivos de la injusticia social y el hambre\u00bb.<br \/>\u00abComo nos dijo una vez Lito Borello (uno de los referentes de la organizaci\u00f3n), el comedor naci\u00f3 para desaparecer, solt\u00f3 Marta. Porque lo que sucede a partir del 2003 \u00abes algo que sorprende a las organizaciones sociales. Hay un reconocimiento a la lucha de los sectores populares y es el momento en el que empezamos a ganar ciertas conquistas. Entendemos que la pelea era mucho m\u00e1s grande. Hab\u00eda que comer para vivir, pero despu\u00e9s hab\u00eda que pelear por el trabajo, por la vivienda y por la ampliaci\u00f3n de derechos\u00bb, reflexion\u00f3 Leo.<\/p>\n<p><b>Experiencia, desarrollo y un lugar propio<\/b><br \/>A partir del 1\u00ba de mayo del 2004 \u201cLos Pibes\u201dalquilaron un edificio, ubicado en Su\u00e1rez 421 del barrio de La Boca, para centralizar la mayor cantidad de actividades de la organizaci\u00f3n bajo un mismo techo.<br \/>Y con la experiencia de m\u00e1s de 15 a\u00f1os de trabajo comunitario, llevan adelante una gran variedad de proyectosque se fueron forjando durante este recorrido. Hoy tienen desarrolladas \u00e1reas centrales en las organizaciones populares: la econom\u00eda, la vivienda popular y una nueva herramienta de comunicaci\u00f3n.<\/span><br \/><span style=\"font-size: small\"><span style=\"font-family: Verdana,sans-serif\">Actualmente llevan adelante dos proyectos productivos, uno textil y otro de panificado, que, con el tiempo y el apoyo de la organizaci\u00f3n, se han conformado en cooperativas de trabajo.<br \/>Tambi\u00e9n tienen un proyecto de comunicaci\u00f3n, la FM Riachuelo 100.9. \u00abUna herramienta novedosa que tiene una l\u00f3gica distinta a las reivindicaciones habituales de estos sectores, pero que es vista cada vez m\u00e1s como una herramienta fundamental para dar la batalla cultural\u00bb cuentan desde la radio. <br \/>En el a\u00f1o 2002 se iniciaron en la organizaci\u00f3n contra los desalojos, y constituyeron la Cooperativa de Vivienda Los Pibes (COVILPI): un proyecto, en una ciudad con m\u00e1s de medio mill\u00f3n de personas con problemas de car\u00e1cter habitacional, que llevan adelante treinta y tres familias para la construcci\u00f3n colectiva de sus viviendas, financiadas por el Instituto de la Vivienda de la Ciudad de Buenos Aires. Y bajo la direcci\u00f3n t\u00e9cnica del arquitecto Jaime Sor\u00edn, ex decano de la facultad de Arquitectura Dise\u00f1o y Urbanismo de la Universidad de Buenos Aires y actual miembro de carta Abierta.<br \/>El proyecto logr\u00f3 sobrevivir a las innumerables trabas que les fue planteando durante todo este tiempo, el gobierno de la ciudad: retrasos en la entrega de los materiales, en la aprobaci\u00f3n de las actualizaciones de los presupuestos, grandes demoras en los pagos a al personal de la obra, impedimentos burocr\u00e1ticos que \u00absolo ten\u00edan como finalidad desgastarnos para que abandon\u00e1ramos este proyecto popular\u00bb, explic\u00f3 Marta<br \/>La disputa por la apropiaci\u00f3n del espacio urbano tambi\u00e9n es parte de esta historia. El complejo habitacional se encuentra en un lugar estrat\u00e9gico para lo que ser\u00eda la extensi\u00f3n sur de Puerto Madero. Un proyecto urbano millonario del que los sectores populares no forman parte. <br \/>Pero una vez m\u00e1s, el trabajo y la experiencia de la organizaci\u00f3n fue el sost\u00e9n y el respaldo de esta lucha que lleva m\u00e1s de 10 a\u00f1os y que espera tener un final feliz antes de fin de a\u00f1o.<\/p>\n<p><b>Econom\u00eda Popular <\/b><br \/>Porque \u00bb la problem\u00e1tica de la vivienda es entendida dentro de la problem\u00e1tica del h\u00e1bitat\u00bb, cuenta Leo, el 22 de marzo de este a\u00f1o la cooperativa inaugur\u00f3 en el mismo terreno, el Paseo y Mercado de la Econom\u00eda Popular Mart\u00edn Oso Cisneros. Leo y Marta son sus actuales coordinadores.<br \/>\u00abLo que nosotros intentamos con la organizaci\u00f3n de este paseo es entender que hay que construir instancias territoriales, desde las cuales las organizaciones se vuelvan protagonistas, para que junto a los vecinos se logre la organizaci\u00f3n de lo econ\u00f3mico\u00bb, expres\u00f3 Leo.<br \/>\u00abLa feria la sostenemos con mucho esfuerzo. Los compa\u00f1eros vac\u00edan las heladeras de sus casas para ponerlas a disposici\u00f3n del mercado, la gente trabaja muy a pulm\u00f3n, de manera muy artesanal\u00bb, nos cuenta Marta.<\/p>\n<p>La organizaci\u00f3n gremial de la Econom\u00eda Popular<br \/>Desde hace un tiempo la organizaci\u00f3n Social y Pol\u00edtica Los Pibes forma parte de la Confederaci\u00f3n de Trabajadores de la Econom\u00eda Popular (CTEP). \u00abDesde la organizaci\u00f3n creemos que la CTEP es la mejor expresi\u00f3n<br \/>\nreformulada de esos movimientos sociales surgidos en los 90\u00bb.<\/span><\/span><\/p>\n","protected":false},"excerpt":{"rendered":"<p>RESISTIR Y CONSTRUIR CON PARTICIPACI\u00d3N POPULAR ORGANIZACI\u00d3N POPULARComo tantas expresiones de la organizaci\u00f3n popular, &#8216;Los pibes&#8217; es LA expresi\u00f3n de la resistencia de los noventa. En La Boca, esta organizaci\u00f3n que se autodenomina social y pol\u00edtica construye casas, encara emprendimientos productivos, desarrolla una radio y organiza un paseo de la econom\u00eda popular. Son ellos, &#8216;Los [&hellip;]<\/p>\n","protected":false},"author":4,"featured_media":0,"comment_status":"open","ping_status":"open","sticky":false,"template":"","format":"standard","meta":{"_monsterinsights_skip_tracking":false,"_monsterinsights_sitenote_active":false,"_monsterinsights_sitenote_note":"","_monsterinsights_sitenote_category":0,"jnews-multi-image_gallery":[],"jnews_single_post":{"format":"standard"},"jnews_primary_category":[],"_joinchat":[],"footnotes":""},"categories":[60],"tags":[157],"class_list":["post-1137","post","type-post","status-publish","format-standard","hentry","category-mirada-riachuelo","tag-nadie-se-salva-solo"],"_links":{"self":[{"href":"http:\/\/fmriachuelo.it10.com.ar\/index.php\/wp-json\/wp\/v2\/posts\/1137","targetHints":{"allow":["GET"]}}],"collection":[{"href":"http:\/\/fmriachuelo.it10.com.ar\/index.php\/wp-json\/wp\/v2\/posts"}],"about":[{"href":"http:\/\/fmriachuelo.it10.com.ar\/index.php\/wp-json\/wp\/v2\/types\/post"}],"author":[{"embeddable":true,"href":"http:\/\/fmriachuelo.it10.com.ar\/index.php\/wp-json\/wp\/v2\/users\/4"}],"replies":[{"embeddable":true,"href":"http:\/\/fmriachuelo.it10.com.ar\/index.php\/wp-json\/wp\/v2\/comments?post=1137"}],"version-history":[{"count":1,"href":"http:\/\/fmriachuelo.it10.com.ar\/index.php\/wp-json\/wp\/v2\/posts\/1137\/revisions"}],"predecessor-version":[{"id":21726,"href":"http:\/\/fmriachuelo.it10.com.ar\/index.php\/wp-json\/wp\/v2\/posts\/1137\/revisions\/21726"}],"wp:attachment":[{"href":"http:\/\/fmriachuelo.it10.com.ar\/index.php\/wp-json\/wp\/v2\/media?parent=1137"}],"wp:term":[{"taxonomy":"category","embeddable":true,"href":"http:\/\/fmriachuelo.it10.com.ar\/index.php\/wp-json\/wp\/v2\/categories?post=1137"},{"taxonomy":"post_tag","embeddable":true,"href":"http:\/\/fmriachuelo.it10.com.ar\/index.php\/wp-json\/wp\/v2\/tags?post=1137"}],"curies":[{"name":"wp","href":"https:\/\/api.w.org\/{rel}","templated":true}]}}