{"id":1136,"date":"2014-09-16T05:54:00","date_gmt":"2014-09-16T05:54:00","guid":{"rendered":"http:\/\/fmriachuelo.observatorioess.org.ar\/index.php\/2014\/09\/16\/nuevos-recortes-del-gobierno-de-la-ciudad-de-buenos-aires-a-los-sectores-populares\/"},"modified":"2025-02-26T12:43:36","modified_gmt":"2025-02-26T15:43:36","slug":"nuevos-recortes-del-gobierno-de-la-ciudad-de-buenos-aires-a-los-sectores-populares","status":"publish","type":"post","link":"http:\/\/fmriachuelo.it10.com.ar\/index.php\/2014\/09\/16\/nuevos-recortes-del-gobierno-de-la-ciudad-de-buenos-aires-a-los-sectores-populares\/","title":{"rendered":"NUEVOS RECORTES DEL GOBIERNO DE LA CIUDAD DE BUENOS AIRES A LOS SECTORES POPULARES"},"content":{"rendered":"<div style=\"clear: both;text-align: center\"><a href=\"http:\/\/1.bp.blogspot.com\/-cOrfaXDnb08\/VBfSxNsGAqI\/AAAAAAAAAzo\/C14sqtTOSkI\/s1600\/flyer-facyr.jpg\" style=\"clear: left;float: left;margin-bottom: 1em;margin-right: 1em\"><img loading=\"lazy\" decoding=\"async\" border=\"0\" src=\"http:\/\/1.bp.blogspot.com\/-cOrfaXDnb08\/VBfSxNsGAqI\/AAAAAAAAAzo\/C14sqtTOSkI\/s1600\/flyer-facyr.jpg\" height=\"136\" width=\"200\" \/><\/a><\/div>\n<p><span style=\"font-size: large\"><span style=\"color: red\"><b><span style=\"font-family: Verdana,sans-serif\">TRABAJADORES DE LA ECONOM\u00cdA POPULAR SE MOVILIZARON POR SUS DERECHOS<\/span><\/b><\/span><\/span><\/p>\n<div><span style=\"font-family: Verdana,sans-serif\"><span style=\"font-size: small\"><b>[<span style=\"font-size: small\">FMR Lunes 15\/09\/14] <\/span>La Feder<span>aci\u00f3n de Cartoneros y Recicladores (<span style=\"font-size: small\">FACyR) <\/span><\/span>realiz\u00f3 un Acto en la Legislatura <span>en el marco de un estado de alerta y movilizaci\u00f3n en el sal\u00f3n San Mart\u00edn<span style=\"font-size: small\">.<\/span><\/span><\/b><\/span><\/span><\/div>\n<div><span style=\"font-family: Verdana,sans-serif\"><span style=\"font-size: small\">Denunciaron ante los legisladores de la C.A.B.A. el incumplimiento del convenio para el reciclado <span>que lleva adelante el G.C.B.A. a trav\u00e9s del Ministerio de Ambiente y Espacio P\u00fablico<\/span>.<\/span><\/span><\/div>\n<div><span style=\"font-family: Verdana,sans-serif\"><span style=\"font-size: small\">Estos trabajadores de la econom\u00eda popular exigen que el gobierno del ciudad garantice vestimenta, transporte, guarder\u00edas para sus hijos, obra social entre otros derechos propios de todo trabajador.<\/span><\/span><\/div>\n<div><span style=\"font-family: Verdana,sans-serif\"><span style=\"font-size: small\"><span style=\"color: red\"><b>ROMP\u00c9 EL CERCO (lunes a viernes de 17 a 19 hs.)<\/b><\/span> entrevist\u00f3 a Alejandro, dirigente de la Federaci\u00f3n Argentina de Cartoneros y Recicladores.<\/span><\/span><\/div>\n","protected":false},"excerpt":{"rendered":"<p>TRABAJADORES DE LA ECONOM\u00cdA POPULAR SE MOVILIZARON POR SUS DERECHOS [FMR Lunes 15\/09\/14] La Federaci\u00f3n de Cartoneros y Recicladores (FACyR) realiz\u00f3 un Acto en la Legislatura en el marco de un estado de alerta y movilizaci\u00f3n en el sal\u00f3n San Mart\u00edn. Denunciaron ante los legisladores de la C.A.B.A. el incumplimiento del convenio para el reciclado [&hellip;]<\/p>\n","protected":false},"author":4,"featured_media":0,"comment_status":"open","ping_status":"open","sticky":false,"template":"","format":"standard","meta":{"_monsterinsights_skip_tracking":false,"_monsterinsights_sitenote_active":false,"_monsterinsights_sitenote_note":"","_monsterinsights_sitenote_category":0,"jnews-multi-image_gallery":[],"jnews_single_post":{"format":"standard"},"jnews_primary_category":[],"_joinchat":[],"footnotes":""},"categories":[58],"tags":[148],"class_list":["post-1136","post","type-post","status-publish","format-standard","hentry","category-noticiariachuelo","tag-trabajo"],"_links":{"self":[{"href":"http:\/\/fmriachuelo.it10.com.ar\/index.php\/wp-json\/wp\/v2\/posts\/1136","targetHints":{"allow":["GET"]}}],"collection":[{"href":"http:\/\/fmriachuelo.it10.com.ar\/index.php\/wp-json\/wp\/v2\/posts"}],"about":[{"href":"http:\/\/fmriachuelo.it10.com.ar\/index.php\/wp-json\/wp\/v2\/types\/post"}],"author":[{"embeddable":true,"href":"http:\/\/fmriachuelo.it10.com.ar\/index.php\/wp-json\/wp\/v2\/users\/4"}],"replies":[{"embeddable":true,"href":"http:\/\/fmriachuelo.it10.com.ar\/index.php\/wp-json\/wp\/v2\/comments?post=1136"}],"version-history":[{"count":1,"href":"http:\/\/fmriachuelo.it10.com.ar\/index.php\/wp-json\/wp\/v2\/posts\/1136\/revisions"}],"predecessor-version":[{"id":21727,"href":"http:\/\/fmriachuelo.it10.com.ar\/index.php\/wp-json\/wp\/v2\/posts\/1136\/revisions\/21727"}],"wp:attachment":[{"href":"http:\/\/fmriachuelo.it10.com.ar\/index.php\/wp-json\/wp\/v2\/media?parent=1136"}],"wp:term":[{"taxonomy":"category","embeddable":true,"href":"http:\/\/fmriachuelo.it10.com.ar\/index.php\/wp-json\/wp\/v2\/categories?post=1136"},{"taxonomy":"post_tag","embeddable":true,"href":"http:\/\/fmriachuelo.it10.com.ar\/index.php\/wp-json\/wp\/v2\/tags?post=1136"}],"curies":[{"name":"wp","href":"https:\/\/api.w.org\/{rel}","templated":true}]}}