{"id":1135,"date":"2014-09-16T17:49:00","date_gmt":"2014-09-16T17:49:00","guid":{"rendered":"http:\/\/fmriachuelo.observatorioess.org.ar\/index.php\/2014\/09\/16\/historia-de-luchas\/"},"modified":"2025-02-26T12:44:07","modified_gmt":"2025-02-26T15:44:07","slug":"historia-de-luchas","status":"publish","type":"post","link":"http:\/\/fmriachuelo.it10.com.ar\/index.php\/2014\/09\/16\/historia-de-luchas\/","title":{"rendered":"HISTORIA DE LUCHAS"},"content":{"rendered":"<div style=\"text-align: left\"><b><span style=\"font-family: Verdana, sans-serif\"><span style=\"color: red;font-size: large\">A 38 A\u00d1OS DE LA NOCHE DE LOS L\u00c1PICES, \u00a1PRESENTES!<\/span><\/span><\/b><br \/><b style=\"line-height: 115%\"><span style=\"font-family: Verdana, sans-serif\">Hoy 16 de septiembre de 1976 recordamos la que fue luego llamada la Noche de los L\u00e1pices. Un grupo de j\u00f3venes estudiantes secundarios que reclamaban el boleto estudiantil y militaban en la UES, Uni\u00f3n de Estudiantes Secundarios y en la Juventud Guevarista fueron secuestrados, torturados y contin\u00faan desparecidos.<\/span><\/b><br \/><span style=\"line-height: 115%\"><span style=\"font-family: Verdana, sans-serif\">Sus nombres son: DANIEL ALBERTO RACERO\u00bbCalibre\u00bb, 18 a\u00f1os, MAR\u00edA CLAUDIA FALCONE 16 a\u00f1os, MAR\u00edA CLARA CIOCCHINI 18 a\u00f1os, FRANCISO L\u00d3PEZ MUNTANER \u00abPanchito\u00bb, 16 a\u00f1os, CLAUDIO DE ACHA 17 a\u00f1os, HORACIO UNGARO 17 a\u00f1os.<\/span><\/span><br \/><span style=\"font-family: Verdana, sans-serif\"><span style=\"line-height: 18.3999996185303px\">Los que sobrevivieron l<\/span><span style=\"line-height: 115%;text-align: center\">ograron su libertad entre el 78 y el 80, tras estar a disposici\u00f3n del PEN (Poder Ejecutivo Nacional) y son:&nbsp;<\/span><span style=\"line-height: 115%\">PABLO D\u00cdAZ 18 a\u00f1os, GUSTAVO CALOTTI \u00abFranc\u00e9s\u00bb, 18 a\u00f1os, EMILCE MOLER 17 a\u00f1os, PATRICIA MIRANDA 17 a\u00f1os.<\/span><\/span><br \/><b style=\"color: red;font-family: Verdana, sans-serif;line-height: 115%\"><span style=\"font-size: large\">NI OLVIDO NI PERD\u00d3N<\/span><\/b><br \/><span style=\"font-family: Verdana, sans-serif;line-height: 115%;text-align: center\">El 16 de septiembre es una fecha fue impulsada por quienes la sintieron como propia: los estudiantes.<\/span><br \/><span style=\"font-family: Verdana, sans-serif;line-height: 115%;text-align: center\"><b style=\"color: red\"><br \/><\/b><\/span><span style=\"font-size: large\"><span style=\"font-family: Verdana, sans-serif;line-height: 115%;text-align: center\"><b style=\"color: red\">SE INICIO UNA LARGA NOCHE DE&nbsp;<\/b><\/span><b style=\"color: red;font-family: Verdana, sans-serif;line-height: 115%;text-align: center\">PROSCRIPCI\u00d3N, OSCURANTISMO Y PERSECUSI\u00d3N<\/b><\/span><\/div>\n<div>\n<div>\n<div style=\"text-align: left\"><span style=\"font-family: Verdana, sans-serif\"><b>El 16 de setiembre de 1955 estall\u00f3 el tercer golpe contra el gobierno de Per\u00f3n. Esta vez, fue derrocado.<\/b><\/span><\/div>\n<\/div>\n<div>\n<div style=\"text-align: left\"><span style=\"font-family: Verdana, sans-serif\">Ese d\u00eda se alz\u00f3 un regimiento en C\u00f3rdoba, al mando del general Eduardo Lonardi. Toda la Armada, a cuyo frente estaba el contraalmirante Isaac Rojas se subleva. Se autodenomino la Revolucion Libertadora. Aviones de la Marina bombardearon Plaza de Mayo y a todos los que pasaban por el lugar lo que produjo una gran cantidad de victimas, ocasionales transe\u00fantes por el lugar. Aun perdura en el recuerdo de muchas personas la sangrienta jornada de represi\u00f3n.&nbsp;<\/span><\/div>\n<\/div>\n<p><a name='more'><\/a><\/p>\n<div style=\"text-align: left\"><span style=\"font-family: Verdana, sans-serif\">Tres d\u00edas m\u00e1s tarde, en la madrugada del 20 de setiembre, Per\u00f3n abord\u00f3 la ca\u00f1onera \u00abParaguay\u00bb, luego de haber hallado asilo en el pa\u00eds de Alfredo Stroessner. Iniciaba as\u00ed un largo exilio.<\/span><\/div>\n<div>\n<div style=\"text-align: left\"><span style=\"font-family: Verdana, sans-serif\">El 23, la Plaza de Mayo volvi\u00f3 a colmarse pero para saludar con alborozo a la revoluci\u00f3n triunfante, que en ese momento encabezaba el general (R) Eduardo Lonardi, que &nbsp;asumi\u00f3 la presidencia de facto. La sociedad se hallaba polarizada y el peronismo fue proscripto de tal manera que estaba prohibido mencionarlo en publico, bajo amenaza de c\u00e1rcel. R{apidamente fue reemplazado Lonardi por el general Pedro Eugenio Aramburu. Asi la revoluci\u00f3n Libertadora cerraba un ciclo e iniciaba el propio.<\/span><\/div>\n<\/div>\n<div>\n<div style=\"text-align: left\"><span style=\"font-family: Verdana, sans-serif\">Entre 1930 y 1983 Argentina vivi\u00f3 un largo per\u00edodo marcado fundamentalmente por 6 golpes de Estado (1930, 1943, 1955, 1962, 1966 y 1976) con peque\u00f1os per\u00edodos de democracias. &nbsp;Esos golpes fueron producidos por las Fuerzas Armadas, &nbsp;con apoyo de civiles. Impusieron dictaduras &nbsp;que interrumpieron la vida constitucional del pa\u00eds, con el objetivo de \u00abponer orden\u00bb, lo que luego se tradujo en beneficios para el poder econ\u00f3mico dominante y el empobrecimiento de las clases populares bajo el imperio del miedo.<\/span><br \/><b><span style=\"line-height: 115%\"><span style=\"font-family: Verdana, sans-serif\"><span style=\"color: red;font-size: large\">NO OLVIDAMOS<\/span><\/span><\/span><\/b><\/div>\n<\/div>\n<\/div>\n","protected":false},"excerpt":{"rendered":"<p>A 38 A\u00d1OS DE LA NOCHE DE LOS L\u00c1PICES, \u00a1PRESENTES!Hoy 16 de septiembre de 1976 recordamos la que fue luego llamada la Noche de los L\u00e1pices. Un grupo de j\u00f3venes estudiantes secundarios que reclamaban el boleto estudiantil y militaban en la UES, Uni\u00f3n de Estudiantes Secundarios y en la Juventud Guevarista fueron secuestrados, torturados y [&hellip;]<\/p>\n","protected":false},"author":4,"featured_media":0,"comment_status":"open","ping_status":"open","sticky":false,"template":"","format":"standard","meta":{"_monsterinsights_skip_tracking":false,"_monsterinsights_sitenote_active":false,"_monsterinsights_sitenote_note":"","_monsterinsights_sitenote_category":0,"jnews-multi-image_gallery":[],"jnews_single_post":{"format":"standard"},"jnews_primary_category":[],"_joinchat":[],"footnotes":""},"categories":[60],"tags":[151,72],"class_list":["post-1135","post","type-post","status-publish","format-standard","hentry","category-mirada-riachuelo","tag-ddhh","tag-historia-de-la-lucha-de-los-pueblos"],"_links":{"self":[{"href":"http:\/\/fmriachuelo.it10.com.ar\/index.php\/wp-json\/wp\/v2\/posts\/1135","targetHints":{"allow":["GET"]}}],"collection":[{"href":"http:\/\/fmriachuelo.it10.com.ar\/index.php\/wp-json\/wp\/v2\/posts"}],"about":[{"href":"http:\/\/fmriachuelo.it10.com.ar\/index.php\/wp-json\/wp\/v2\/types\/post"}],"author":[{"embeddable":true,"href":"http:\/\/fmriachuelo.it10.com.ar\/index.php\/wp-json\/wp\/v2\/users\/4"}],"replies":[{"embeddable":true,"href":"http:\/\/fmriachuelo.it10.com.ar\/index.php\/wp-json\/wp\/v2\/comments?post=1135"}],"version-history":[{"count":1,"href":"http:\/\/fmriachuelo.it10.com.ar\/index.php\/wp-json\/wp\/v2\/posts\/1135\/revisions"}],"predecessor-version":[{"id":21728,"href":"http:\/\/fmriachuelo.it10.com.ar\/index.php\/wp-json\/wp\/v2\/posts\/1135\/revisions\/21728"}],"wp:attachment":[{"href":"http:\/\/fmriachuelo.it10.com.ar\/index.php\/wp-json\/wp\/v2\/media?parent=1135"}],"wp:term":[{"taxonomy":"category","embeddable":true,"href":"http:\/\/fmriachuelo.it10.com.ar\/index.php\/wp-json\/wp\/v2\/categories?post=1135"},{"taxonomy":"post_tag","embeddable":true,"href":"http:\/\/fmriachuelo.it10.com.ar\/index.php\/wp-json\/wp\/v2\/tags?post=1135"}],"curies":[{"name":"wp","href":"https:\/\/api.w.org\/{rel}","templated":true}]}}