{"id":1129,"date":"2014-09-18T07:52:00","date_gmt":"2014-09-18T07:52:00","guid":{"rendered":"http:\/\/fmriachuelo.observatorioess.org.ar\/index.php\/2014\/09\/18\/el-poder-judicial-otra-vez-contra-los-luchadores-sociales\/"},"modified":"2025-02-26T12:49:59","modified_gmt":"2025-02-26T15:49:59","slug":"el-poder-judicial-otra-vez-contra-los-luchadores-sociales","status":"publish","type":"post","link":"http:\/\/fmriachuelo.it10.com.ar\/index.php\/2014\/09\/18\/el-poder-judicial-otra-vez-contra-los-luchadores-sociales\/","title":{"rendered":"EL PODER JUDICIAL OTRA VEZ CONTRA LOS LUCHADORES SOCIALES"},"content":{"rendered":"<div style=\"text-align: left\"><span style=\"font-size: small\"><span style=\"font-family: Verdana,sans-serif\"><span style=\"color: red\"><b><span style=\"color: black\">DERECHO P\u00daBLICO-DERECHO PRIVADO<\/span><br \/><span style=\"font-size: large\">SIN LUGAR PARA LOS SECTORES POPULARES<\/span><\/b><\/span><\/span><\/span><\/div>\n<div style=\"text-align: left\"><span style=\"font-size: small\"><span style=\"font-family: Verdana,sans-serif\"><b>[FMR  Jueves 18\/09\/14] El lunes pasado la Sala I de la C\u00e1mara Penal,  Contravencional y de Faltas de la Ciudad revoc\u00f3 el fallo de  Sobreseimiento y dict\u00f3 el procesamiento&nbsp;con el cargo de \u00abinstigaci\u00f3n\u00bb&nbsp;de  los luchadores sociales Diosnel P\u00e9rez Ojeda, integrante de la junta  vecinal de&nbsp; la Villa 20 y militante del Frente Popular Dar\u00edo Santill\u00e1n, y  Luciano \u201cel Tano\u201d Nardulli, de la Corriente Clasista y Combativa.<\/b><\/span><\/span><\/div>\n<div style=\"text-align: left\">\n<div style=\"text-align: left\"><span style=\"font-size: small\"><span style=\"font-family: Verdana,sans-serif\"><span style=\"color: #222222\"><span style=\"color: red\"><b>FM RIACHUELO,<\/b><\/span> en el programa <span style=\"color: red\"><b>ROMP\u00c9<\/b><b> EL CERCO (L a V de 17 a 19 hs)<\/b><\/span> entrevist\u00f3 a <b>Diosnel Perez Ojeda.<\/b><\/span><\/span><\/span><\/div>\n<div style=\"text-align: left\"><\/div>\n<p><span style=\"font-size: small\"><span style=\"font-family: Verdana,sans-serif\"><span style=\"color: #222222\"><b><a href=\"http:\/\/www.fmriachuelo.com.ar\/2014\/09\/reproducimos-comunicado-del-frente.html\" target=\"_blank\" rel=\"noopener\"><span style=\"color: #0b5394\">COMUNICADO DEL FRENTE POPULAR DAR\u00cdO SANTILL\u00c1N<\/span><\/a><\/b><\/span><\/span><\/span><\/div>\n<div style=\"text-align: left\"><span style=\"font-size: small\"><span style=\"font-family: Verdana,sans-serif\"><span style=\"color: #222222\"><b><span style=\"color: #0b5394\"><\/span><\/b><\/span><\/span><\/span><br \/><a name='more'><\/a><span style=\"font-size: small\"><span style=\"font-family: Verdana,sans-serif\">Ambos  luchadores sociales y dirigente hist\u00f3ricos territoriales, han sido  acusados de instigaci\u00f3n por la toma del parque Indoamericano en  diciembre de 2010. Una causa impulsada por el Gobierno de la Ciudad y de  la cual se ha hecho eco la justicia. Un reclamo de vivienda digna  termin\u00f3 con el peso de la ley sobre los militantes sociales<\/span><\/span><\/div>\n<div style=\"text-align: left\"><span style=\"font-size: small\"><span style=\"font-family: Verdana,sans-serif\">Distinta  suerte han corrido los efectivos policiales implicados en la brutal  represi\u00f3n en la toma del Parque Indoamericano. La C\u00e1mara del Crimen  absolvi\u00f3 y dict\u00f3 la falta de merito a los miembros de la Policia  Metropolitana y la Policia Federal implicados y acusados, en el mismo  hecho, por el&nbsp;asesinato&nbsp;de <span style=\"color: black\">EMILIO CANAVIRI \u00c1LAVAREZ, BERNARDO SALGUEIRO y ROSEMARY CHURAPU\u00d1A, cuyos responsables a\u00fan est\u00e1n impunes. <\/span><\/span><\/span><\/div>\n<div style=\"text-align: left\"><span style=\"font-size: small\"><span style=\"font-family: Verdana,sans-serif\"><span style=\"color: #222222\">Con la consigna <b>No  a la criminalizaci\u00f3n de la protesta: repudiamos la elevaci\u00f3n a juicio  de Diosnel P\u00e9rez y el Tano Nardulli por la toma del Indoamericano, <\/b>el Frente Popular Dar\u00edo Santill\u00e1n emiti\u00f3 un comunicado.<\/span><\/span><\/span><\/div>\n","protected":false},"excerpt":{"rendered":"<p>DERECHO P\u00daBLICO-DERECHO PRIVADOSIN LUGAR PARA LOS SECTORES POPULARES [FMR Jueves 18\/09\/14] El lunes pasado la Sala I de la C\u00e1mara Penal, Contravencional y de Faltas de la Ciudad revoc\u00f3 el fallo de Sobreseimiento y dict\u00f3 el procesamiento&nbsp;con el cargo de \u00abinstigaci\u00f3n\u00bb&nbsp;de los luchadores sociales Diosnel P\u00e9rez Ojeda, integrante de la junta vecinal de&nbsp; la Villa [&hellip;]<\/p>\n","protected":false},"author":4,"featured_media":0,"comment_status":"open","ping_status":"open","sticky":false,"template":"","format":"standard","meta":{"_monsterinsights_skip_tracking":false,"_monsterinsights_sitenote_active":false,"_monsterinsights_sitenote_note":"","_monsterinsights_sitenote_category":0,"jnews-multi-image_gallery":[],"jnews_single_post":{"format":"standard"},"jnews_primary_category":[],"_joinchat":[],"footnotes":""},"categories":[58],"tags":[81,151],"class_list":["post-1129","post","type-post","status-publish","format-standard","hentry","category-noticiariachuelo","tag-aguafuertes-portenas","tag-ddhh"],"_links":{"self":[{"href":"http:\/\/fmriachuelo.it10.com.ar\/index.php\/wp-json\/wp\/v2\/posts\/1129","targetHints":{"allow":["GET"]}}],"collection":[{"href":"http:\/\/fmriachuelo.it10.com.ar\/index.php\/wp-json\/wp\/v2\/posts"}],"about":[{"href":"http:\/\/fmriachuelo.it10.com.ar\/index.php\/wp-json\/wp\/v2\/types\/post"}],"author":[{"embeddable":true,"href":"http:\/\/fmriachuelo.it10.com.ar\/index.php\/wp-json\/wp\/v2\/users\/4"}],"replies":[{"embeddable":true,"href":"http:\/\/fmriachuelo.it10.com.ar\/index.php\/wp-json\/wp\/v2\/comments?post=1129"}],"version-history":[{"count":1,"href":"http:\/\/fmriachuelo.it10.com.ar\/index.php\/wp-json\/wp\/v2\/posts\/1129\/revisions"}],"predecessor-version":[{"id":21735,"href":"http:\/\/fmriachuelo.it10.com.ar\/index.php\/wp-json\/wp\/v2\/posts\/1129\/revisions\/21735"}],"wp:attachment":[{"href":"http:\/\/fmriachuelo.it10.com.ar\/index.php\/wp-json\/wp\/v2\/media?parent=1129"}],"wp:term":[{"taxonomy":"category","embeddable":true,"href":"http:\/\/fmriachuelo.it10.com.ar\/index.php\/wp-json\/wp\/v2\/categories?post=1129"},{"taxonomy":"post_tag","embeddable":true,"href":"http:\/\/fmriachuelo.it10.com.ar\/index.php\/wp-json\/wp\/v2\/tags?post=1129"}],"curies":[{"name":"wp","href":"https:\/\/api.w.org\/{rel}","templated":true}]}}