{"id":1126,"date":"2014-09-18T13:54:00","date_gmt":"2014-09-18T13:54:00","guid":{"rendered":"http:\/\/fmriachuelo.observatorioess.org.ar\/index.php\/2014\/09\/18\/de-la-patria-grande\/"},"modified":"2025-02-26T12:52:01","modified_gmt":"2025-02-26T15:52:01","slug":"de-la-patria-grande","status":"publish","type":"post","link":"http:\/\/fmriachuelo.it10.com.ar\/index.php\/2014\/09\/18\/de-la-patria-grande\/","title":{"rendered":"DE LA PATRIA GRANDE"},"content":{"rendered":"<p><span style=\"font-size: small\"><span style=\"font-family: Verdana,sans-serif\">          <\/span><\/span><span style=\"font-size: small\"><span style=\"font-family: Verdana,sans-serif\"><b><span>VENEZUELA<span style=\"color: #1a2042\"> Rechazo a una nueva injerencia de EE.UU<\/span><\/span><\/b><span><\/span><\/span><\/span> <\/p>\n<div style=\"margin: 0.1pt 0cm\"><span style=\"font-size: small\"><span style=\"font-family: Verdana,sans-serif\"><span style=\"font-size: large\"><span style=\"color: red\"><b><span>Una vez m\u00e1s el Gobierno del presidente Nicol\u00e1s Maduro denunci\u00f3 a Estados Unidos por pretender intervenir en los asuntos internos de Venezuela<\/span><\/b><\/span><\/span><span><\/span><\/span><\/span><\/div>\n<p><span style=\"font-size: small\"><span style=\"font-family: Verdana,sans-serif\">El Gobierno venezolano rechaz\u00f3 una vez m\u00e1s las<a href=\"http:\/\/www.telesurtv.net\/news\/Venezuela-rechaza-injerencia-de-EE.UU.-en-asuntos-internos--20140912-0043.html\"> <\/a><a href=\"http:\/\/www.telesurtv.net\/news\/Venezuela-rechaza-injerencia-de-EE.UU.-en-asuntos-internos--20140912-0043.html\">acciones <\/a><a href=\"http:\/\/www.telesurtv.net\/news\/Venezuela-rechaza-injerencia-de-EE.UU.-en-asuntos-internos--20140912-0043.html\">injerencistas <\/a>promovidas por Estados Unidos en los asuntos internos de la naci\u00f3n suramericana, tras emitir su nuevo informe en materia de drogas.<span style=\"color: #3d85c6\"><span style=\"font-size: x-small\"><b><\/b><\/span><\/span><br \/>&nbsp;<\/span><\/span><\/p>\n<div><b><span style=\"font-family: Verdana\">Control de la delincuencia econ\u00f3mica<\/span><\/b><\/div>\n<div><span style=\"color: red\"><span style=\"font-size: large\"><b><span style=\"font-family: Verdana\">Incautaron m\u00e1s de 4 mil toneladas de alimentos en frontera colombo-venezolana<\/span><\/b><\/span><\/span><span><\/span><\/div>\n<p><span style=\"font-size: small\"><span style=\"font-family: Verdana,sans-serif\">M\u00e1s de 4 mil toneladas de alimentos que pretend\u00edan ser extra\u00eddos ilegalmente hacia Colombia fueron decomisados este mi\u00e9rcoles por el Gobierno de Venezuela y 596 personas fueron detenidas.<\/span><\/span><br \/><span style=\"font-size: small\"><span style=\"font-family: Verdana,sans-serif\"><\/span><\/span><br \/><span style=\"font-size: small\"><span style=\"font-family: Verdana,sans-serif\">                <\/span><\/span><\/p>\n<div><b><span style=\"font-family: Verdana\">incorporaci\u00f3n de Uruguay al Acuerdo Transpac\u00edfico<\/span><span><\/span><\/b><\/div>\n<div><span style=\"font-size: large\"><span style=\"color: red\"><b><span style=\"font-family: Verdana\">EE.UU. est\u00e1 en b\u00fasqueda del compromiso de candidatos presidenciales<\/span><\/b><span><\/span><\/span><\/span><\/div>\n<p><span style=\"font-size: small\"><span style=\"font-family: Verdana,sans-serif\">La embajadora de Estados Unidos, Julissa Reynoso, realiz\u00f3 reuniones con todos los candidatos presidenciales uruguayos desde fines de julio hasta principios de este mes para tratar diversos temas de la relaci\u00f3n bilateral entre ambos pa\u00edses.&nbsp;<span style=\"color: #3d85c6\"><span style=\"font-size: x-small\"><b><span style=\"font-size: x-small\"><\/span> <\/b><\/span><\/span><\/span><\/span><\/p>\n<div style=\"margin-bottom: .1pt;margin-left: 0cm;margin-right: 0cm;margin-top: .1pt\"><b><span style=\"font-family: Verdana;font-size: 12.0pt\">Ecuador<\/span><span><\/span><\/b><\/div>\n<div style=\"margin-bottom: .1pt;margin-left: 0cm;margin-right: 0cm;margin-top: .1pt\"><span style=\"font-size: large\"><span style=\"color: red\"><b><span style=\"font-family: Verdana\">masivo respaldo al Gobierno y marchas opositoras marcaron la jornada de movilizaci\u00f3n del dia de ayer<\/span><\/b><\/span><\/span><span><\/span><\/div>\n<p><span style=\"font-size: small\"><span style=\"font-family: Verdana,sans-serif\">El Oficialismo llam\u00f3 a sus simpatizantes a defender revoluci\u00f3n.<span style=\"font-size: small\"> <\/span>Al tiempo que advirti\u00f3 que sabr\u00e1 enfrentar las reacciones de la \u201crestauraci\u00f3n conservadora\u201d a la revoluci\u00f3n ciudadana, el presidente Rafael Correa anunci\u00f3 que en los pr\u00f3ximos meses centrar\u00e1 su gesti\u00f3n en la elaboraci\u00f3n del C\u00f3digo de Trabajo, la regulaci\u00f3n de la plusval\u00eda del suelo y la seguridad social.<\/span><\/span><br \/><span style=\"font-size: small\"><span style=\"font-family: Verdana,sans-serif\"><\/span><\/span><br \/><a name='more'><\/a><span style=\"font-size: small\"><span style=\"font-family: Verdana,sans-serif\"><b><span>VENEZUELA<span style=\"color: #1a2042\"> Rechazo a una nueva injerencia de EE.UU<\/span><\/span><\/b><\/span><\/span> <\/p>\n<div style=\"margin: 0.1pt 0cm\"><span style=\"font-size: small\"><span style=\"font-family: Verdana,sans-serif\"><span style=\"font-size: large\"><span style=\"color: red\"><b><span>Una vez m\u00e1s el Gobierno del presidente Nicol\u00e1s Maduro denunci\u00f3 a Estados Unidos por pretender intervenir en los asuntos internos de Venezuela<\/span><\/b><\/span><\/span><span><\/span><\/span><\/span><\/div>\n<p><span style=\"font-size: small\"><span style=\"font-family: Verdana,sans-serif\">El Gobierno venezolano rechaz\u00f3 una vez m\u00e1s las<a href=\"http:\/\/www.telesurtv.net\/news\/Venezuela-rechaza-injerencia-de-EE.UU.-en-asuntos-internos--20140912-0043.html\"> <\/a><a href=\"http:\/\/www.telesurtv.net\/news\/Venezuela-rechaza-injerencia-de-EE.UU.-en-asuntos-internos--20140912-0043.html\">acciones <\/a><a href=\"http:\/\/www.telesurtv.net\/news\/Venezuela-rechaza-injerencia-de-EE.UU.-en-asuntos-internos--20140912-0043.html\">injerencistas <\/a>promovidas  por Estados Unidos en los asuntos internos de la naci\u00f3n suramericana,  tras emitir su nuevo informe en materia de drogas.<br \/>\u201cEl Gobierno  norteamericano nuevamente se abroga el derecho a inmiscuirse en nuestros  asuntos internos, en este caso con un cuestionamiento a los esfuerzos  extraordinarios que hace el Estado para combatir el flagelo de las  droga\u201d, narra un comunicado divulgado este mi\u00e9rcoles por la Canciller\u00eda  venezolana.<\/span><\/span><br \/><span style=\"font-size: small\"><span style=\"font-family: Verdana,sans-serif\">El  Gobierno estadounidense se manifest\u00f3 a trav\u00e9s de un comunicado  criticando las pol\u00edticas que emprende el Estados venezolano para luchar  contra el contrabando en la regi\u00f3n.<\/span><\/span><br \/><span style=\"font-size: small\"><span style=\"font-family: Verdana,sans-serif\">\u201cEl  Estado venezolano mantiene un combate frontal contra el fen\u00f3meno del  narcotr\u00e1fico, porque lo entendemos como una de las expresiones m\u00e1s  aberrantes del sistema capitalista, que descompone la sociedad, a la  familia y degrada al ser humano, generando situaciones de violencia que  sufren nuestros pueblos\u201d, a\u00f1ade la comunicaci\u00f3n.<\/span><\/span><br \/><span style=\"font-size: small\"><span style=\"font-family: Verdana,sans-serif\">\u201cLa <a href=\"http:\/\/www.telesurtv.net\/news\/Mnoal-rechazo-injerencia-de-EE.UU.-en-Venezuela-20140528-0032.html\">pol\u00edtica soberana del Estado venezolano<\/a> contempla el combate a todas las expresiones del narcotr\u00e1fico y una  fuerte penalizaci\u00f3n de este delito, que incluye severas condenas y la  confiscaci\u00f3n de bienes a los narcotraficantes\u201d, a\u00f1ade el texto.<\/span><\/span><br \/><span style=\"font-size: small\"><span style=\"font-family: Verdana,sans-serif\">Venezuela  ha suscrito m\u00e1s de 52 acuerdos de cooperaci\u00f3n antidrogas, en el marco  de la Uni\u00f3n de Naciones Suramericas (UNASUR) que preside el Consejo  Suramericano sobre el Problema Mundial de las Drogas.<\/span><\/span><br \/><span style=\"font-size: small\"><span style=\"font-family: Verdana,sans-serif\"><span style=\"color: #3d85c6\"><span style=\"font-size: x-small\"><b>FUENTE: TELESUR<\/b><\/span><\/s><br \/>&nbsp;<\/span><\/span><\/p>\n<div><b><span style=\"font-family: Verdana\">Control de la delincuencia econ\u00f3mica<\/span><\/b><\/div>\n<div><span style=\"color: red\"><span style=\"font-size: large\"><b><span style=\"font-family: Verdana\">Incautaron m\u00e1s de 4 mil toneladas de alimentos en frontera colombo-venezolana<\/span><\/b><\/span><\/span><span><\/span><\/div>\n<p><span style=\"font-size: small\"><span style=\"font-family: Verdana,sans-serif\">M\u00e1s de 4  mil toneladas de alimentos que pretend\u00edan ser extra\u00eddos ilegalmente  hacia Colombia fueron decomisados este mi\u00e9rcoles por el Gobierno de  Venezuela y 596 personas fueron detenidas.<\/span><\/span><br \/><span style=\"font-size: small\"><span style=\"font-family: Verdana,sans-serif\">La  lucha contra el contrabando en Venezuela logr\u00f3 la retenci\u00f3n este  mi\u00e9rcoles de tres mil 879 toneladas de alimentos subsidiados por el  gobierno, as\u00ed como mil 68 toneladas de alimentos para el consumo animal,  y mil 307 toneladas de material estrat\u00e9gico.<\/span><\/span><br \/><span style=\"font-size: small\"><span style=\"font-family: Verdana,sans-serif\">En  los  procedimientos se detuvieron a 596 personas, de las cuales 432  est\u00e1n presas. De igual forma, se retuvieron 352 veh\u00edculos involucrados  en los delitos y fueron desmanteladas 62 bandas dedicadas al contrabando  de extracci\u00f3n. <br \/>La informaci\u00f3n fue suministrada por el jefe del  Comando Estrat\u00e9gico Operacional de la Fuerza Armada Nacional Bolivariana  (Ceofanb). <br \/>Las incautaciones forman parte de la<a href=\"http:\/\/www.telesurtv.net\/news\/Designados-516-fiscales-para-frenar-contrabando-alimenticio-en-Venezuela-20140903-0086.html\"> Operaci\u00f3n de Choque al Contrabando en distintos procedimientos de la Fuerza Armada venezolana<\/a> en los estados fronterizos del pa\u00eds: T\u00e1chira, Zulia, Apure, Barinas y Amazonas.<\/span><\/span><br \/><span style=\"font-size: small\"><span style=\"font-family: Verdana,sans-serif\"><span style=\"color: #3d85c6\"><span style=\"font-size: x-small\"><b>FUENTE: TELESUR<\/b><\/span><\/span><\/span><\/span><span style=\"font-size: small\"><span style=\"font-family: Verdana,sans-serif\"><br \/><\/span><\/span><br \/><span style=\"font-size: small\"><span style=\"font-family: Verdana,sans-serif\">                 <\/span><\/span><\/p>\n<div><b><span style=\"font-family: Verdana\">incorporaci\u00f3n de Uruguay al Acuerdo Transpac\u00edfico<\/span><span><\/span><\/b><\/div>\n<div><span style=\"font-size: large\"><span style=\"color: red\"><b><span style=\"font-family: Verdana\">EE.UU. est\u00e1 en b\u00fasqueda del compromiso de candidatos presidenciales<\/span><\/b><span><\/span><\/span><\/span><\/div>\n<p><span style=\"font-size: small\"><span style=\"font-family: Verdana,sans-serif\">La  embajadora de Estados Unidos, Julissa Reynoso, realiz\u00f3 reuniones con  todos los candidatos presidenciales uruguayos desde fines de julio hasta  principios de este mes para tratar diversos temas de la relaci\u00f3n  bilateral entre ambos pa\u00edses. All\u00ed sonde\u00f3 la opini\u00f3n de ellos sobre la  posibilidad de que el futuro gobierno adhiera al Trans-Pacific  Parternship (TPP), un acuerdo de libre comercio que negocian 12 pa\u00edses y  al que Uruguay podr\u00eda sumarse en una segunda etapa desde el a\u00f1o  pr\u00f3ximo. Se tratar\u00e1 de una de las zonas de libre comercio m\u00e1s grandes  del mundo.<\/span><\/span><br \/><span style=\"font-size: small\"><span style=\"font-family: Verdana,sans-serif\">La  embajadora encontr\u00f3 un clima favorable de los presidenciables y eso se  vio en la \u00faltima semana en el escenario pol\u00edtico p\u00fablico. El viernes  pasado durante la disertaci\u00f3n que Tabar\u00e9 V\u00e1zquez, Luis Lacalle Pou,  Pedro Bordaberry y Pablo Mieres realizaron en la Expo Prado, los cuatro  candidatos \u2013aunque con matices\u2013 dejaron la puerta abierta para este  tratado. &nbsp;<\/span><\/span><br \/><span style=\"font-size: small\"><span style=\"font-family: Verdana,sans-serif\"><span style=\"color: #3d85c6\"><span style=\"font-size: x-small\"><b><span style=\"font-size: x-small\">FUENTE: NODAL.AM<\/span> <\/b><\/span><\/span><\/span><\/span><\/p>\n<div style=\"margin-bottom: .1pt;margin-left: 0cm;margin-right: 0cm;margin-top: .1pt\"><b><span style=\"font-family: Verdana;font-size: 12.0pt\">Ecuador<\/span><span><\/span><\/b><\/div>\n<div style=\"margin-bottom: .1pt;margin-left: 0cm;margin-right: 0cm;margin-top: .1pt\"><span style=\"font-size: large\"><span style=\"color: red\"><b><span style=\"font-family: Verdana\">masivo respaldo al Gobierno y marchas opositoras marcaron la jornada de movilizaci\u00f3n del dia de ayer<\/span><\/b><\/span><\/span><span><\/span><\/div>\n<p><span style=\"font-size: small\"><span style=\"font-family: Verdana,sans-serif\">El Oficialismo llam\u00f3 a sus simpatizantes a defender revoluci\u00f3n.<\/span><\/span><br \/><span style=\"font-size: small\"><span style=\"font-family: Verdana,sans-serif\">Al  tiempo que advirti\u00f3 que sabr\u00e1 enfrentar las reacciones de la  \u201crestauraci\u00f3n conservadora\u201d a la revoluci\u00f3n ciudadana, el presidente  Rafael Correa anunci\u00f3 que en los pr\u00f3ximos meses centrar\u00e1 su gesti\u00f3n en  la elaboraci\u00f3n del C\u00f3digo de Trabajo, la regulaci\u00f3n de la plusval\u00eda del  suelo y la seguridad social.<\/span><\/span><br \/><span style=\"font-size: small\"><span style=\"font-family: Verdana,sans-serif\">Correa  cerr\u00f3 ayer su \u2018Festival de la m\u00fasica y la cultura por la revoluci\u00f3n del  trabajo\u2019, un acto pol\u00edtico en contra de las marchas del sindicalismo  que dur\u00f3 cerca de ocho horas, anunciando que se dedicar\u00e1n en el \u201cplazo  inmediato\u201d a radicalizar estas tres \u00e1reas.<\/span><\/span><br \/><span style=\"font-size: small\"><span style=\"font-family: Verdana,sans-serif\">\u201cNo  hay que dormirnos en los laureles. Hay que trabajar d\u00eda a d\u00eda,  entendiendo que todo se puede perder, que existe esa restauraci\u00f3n  conservadora con la complicidad de malos dirigentes y los tirapiedras,  porque el objetivo inmediato es desestabilizar a la revoluci\u00f3n (\u2026),  despu\u00e9s se van a sacar ellos las tripas\u201d, expres\u00f3.<\/span><\/span><br \/><span style=\"font-size: small\"><span style=\"font-family: Verdana,sans-serif\">Agreg\u00f3  que una de las fuentes de la inequidad en el pa\u00eds es la plusval\u00eda, tema  que ha sido maltratado \u201cpor la prensa y por los alcaldes de la  restauraci\u00f3n conservadora que se reunieron en Guaranda, que muchos de  ellos han vivido de la especulaci\u00f3n de la tierra\u201d. \u201cC\u00f3mo les va a  interesar que cambiemos la situaci\u00f3n\u201d, se\u00f1al\u00f3 en su discurso sin  especificar los nombres.<\/span><\/span><br \/><span style=\"font-size: small\"><span style=\"font-family: Verdana,sans-serif\">Asimismo,  cuestion\u00f3 a los dirigentes sindicales que convocaron a la movilizaci\u00f3n  contra el proyecto de C\u00f3digo Laboral, porque no \u201chicieron nada\u201d para  terminar con la tercerizaci\u00f3n, y ahora con \u201ccinismo\u201d critican al  \u201cGobierno que m\u00e1s ha hecho por los trabajadores\u201d.<\/span><\/span><span style=\"font-size: small\"><span style=\"font-family: Verdana,sans-serif\"><span style=\"color: #3d85c6\"><span style=\"font-size: x-small\"><b><span style=\"font-size: x-small\">FUENTE: NODAL.AM<\/span> <\/b><\/span><\/span><\/span><\/span><\/p>\n","protected":false},"excerpt":{"rendered":"<p>VENEZUELA Rechazo a una nueva injerencia de EE.UU Una vez m\u00e1s el Gobierno del presidente Nicol\u00e1s Maduro denunci\u00f3 a Estados Unidos por pretender intervenir en los asuntos internos de Venezuela El Gobierno venezolano rechaz\u00f3 una vez m\u00e1s las acciones injerencistas promovidas por Estados Unidos en los asuntos internos de la naci\u00f3n suramericana, tras emitir su [&hellip;]<\/p>\n","protected":false},"author":4,"featured_media":0,"comment_status":"open","ping_status":"open","sticky":false,"template":"","format":"standard","meta":{"_monsterinsights_skip_tracking":false,"_monsterinsights_sitenote_active":false,"_monsterinsights_sitenote_note":"","_monsterinsights_sitenote_category":0,"jnews-multi-image_gallery":[],"jnews_single_post":{"format":"standard"},"jnews_primary_category":[],"_joinchat":[],"footnotes":""},"categories":[58],"tags":[70],"class_list":["post-1126","post","type-post","status-publish","format-standard","hentry","category-noticiariachuelo","tag-de-la-patria-grande"],"_links":{"self":[{"href":"http:\/\/fmriachuelo.it10.com.ar\/index.php\/wp-json\/wp\/v2\/posts\/1126","targetHints":{"allow":["GET"]}}],"collection":[{"href":"http:\/\/fmriachuelo.it10.com.ar\/index.php\/wp-json\/wp\/v2\/posts"}],"about":[{"href":"http:\/\/fmriachuelo.it10.com.ar\/index.php\/wp-json\/wp\/v2\/types\/post"}],"author":[{"embeddable":true,"href":"http:\/\/fmriachuelo.it10.com.ar\/index.php\/wp-json\/wp\/v2\/users\/4"}],"replies":[{"embeddable":true,"href":"http:\/\/fmriachuelo.it10.com.ar\/index.php\/wp-json\/wp\/v2\/comments?post=1126"}],"version-history":[{"count":1,"href":"http:\/\/fmriachuelo.it10.com.ar\/index.php\/wp-json\/wp\/v2\/posts\/1126\/revisions"}],"predecessor-version":[{"id":21739,"href":"http:\/\/fmriachuelo.it10.com.ar\/index.php\/wp-json\/wp\/v2\/posts\/1126\/revisions\/21739"}],"wp:attachment":[{"href":"http:\/\/fmriachuelo.it10.com.ar\/index.php\/wp-json\/wp\/v2\/media?parent=1126"}],"wp:term":[{"taxonomy":"category","embeddable":true,"href":"http:\/\/fmriachuelo.it10.com.ar\/index.php\/wp-json\/wp\/v2\/categories?post=1126"},{"taxonomy":"post_tag","embeddable":true,"href":"http:\/\/fmriachuelo.it10.com.ar\/index.php\/wp-json\/wp\/v2\/tags?post=1126"}],"curies":[{"name":"wp","href":"https:\/\/api.w.org\/{rel}","templated":true}]}}