{"id":1125,"date":"2014-09-18T16:03:00","date_gmt":"2014-09-18T16:03:00","guid":{"rendered":"http:\/\/fmriachuelo.observatorioess.org.ar\/index.php\/2014\/09\/18\/sin-vivienda-digna-y-ahora-sin-agua-potable\/"},"modified":"2025-02-26T12:52:41","modified_gmt":"2025-02-26T15:52:41","slug":"sin-vivienda-digna-y-ahora-sin-agua-potable","status":"publish","type":"post","link":"http:\/\/fmriachuelo.it10.com.ar\/index.php\/2014\/09\/18\/sin-vivienda-digna-y-ahora-sin-agua-potable\/","title":{"rendered":"SIN VIVIENDA DIGNA Y AHORA SIN AGUA POTABLE"},"content":{"rendered":"<p><span style=\"font-family: verdana,sans-serif\"><span style=\"font-size: medium\"><b><span style=\"font-size: large\"><span style=\"color: red\">PAUPERIZAR PARA EXPULSAR<\/span><\/span><br \/><span style=\"font-size: small\">LAS POL\u00cdTICAS SOCIALES DEL MACRISMO<\/span><\/b><\/span><span style=\"font-size: small\"><br \/><\/span><span style=\"font-size: small\"><b>[FMR Jueves 18\/09\/14] En el Centro  Comunitario Jorge Abelardo Ramos ubicado en el Barrio Los Piletones de  Villa Soldati una investigaci\u00f3n de la Universidad de Ciencias Exactas de  la Universidad de La Plata puso al descubierto que el agua para el  consumo de los habitantes del barrio precario NO ES POTABLE.<\/b><br \/>Adem\u00e1s de las indignas condiciones de vivienda de los habitantes del  Barrio Los Piletones, abandonados de las pol\u00edticas p\u00fablicas de este  Gobierno de la Ciudad, sin recolecci\u00f3n de residuos, sin alumbrado, sin  urbanizaci\u00f3n y ahora con el agua de consumo contaminada por Nitratos lo  que afecta fundamentalmente a los 4.500 ni\u00f1os que habitan el lugar. <br \/><span style=\"color: red\"><b>ROMP<\/b><\/span><span style=\"color: red\"><b>\u00c9 EL CERCO (Lunes a viernes de 17 a 19 hs.)<\/b><\/span> convers\u00f3 con <b>M\u00d3NICA RUEJAS<\/b>, presidenta de la <b>Junta Vecinal del Barrio<\/b> y con <b>NOELIA GARONE<\/b> de la<b> Asociaci\u00f3n Civil por la Igualdad y la Justicia<\/b>.<\/span><\/span><\/p>\n","protected":false},"excerpt":{"rendered":"<p>PAUPERIZAR PARA EXPULSARLAS POL\u00cdTICAS SOCIALES DEL MACRISMO[FMR Jueves 18\/09\/14] En el Centro Comunitario Jorge Abelardo Ramos ubicado en el Barrio Los Piletones de Villa Soldati una investigaci\u00f3n de la Universidad de Ciencias Exactas de la Universidad de La Plata puso al descubierto que el agua para el consumo de los habitantes del barrio precario NO [&hellip;]<\/p>\n","protected":false},"author":4,"featured_media":0,"comment_status":"open","ping_status":"open","sticky":false,"template":"","format":"standard","meta":{"_monsterinsights_skip_tracking":false,"_monsterinsights_sitenote_active":false,"_monsterinsights_sitenote_note":"","_monsterinsights_sitenote_category":0,"jnews-multi-image_gallery":[],"jnews_single_post":{"format":"standard"},"jnews_primary_category":[],"_joinchat":[],"footnotes":""},"categories":[58],"tags":[81,147],"class_list":["post-1125","post","type-post","status-publish","format-standard","hentry","category-noticiariachuelo","tag-aguafuertes-portenas","tag-habitat"],"_links":{"self":[{"href":"http:\/\/fmriachuelo.it10.com.ar\/index.php\/wp-json\/wp\/v2\/posts\/1125","targetHints":{"allow":["GET"]}}],"collection":[{"href":"http:\/\/fmriachuelo.it10.com.ar\/index.php\/wp-json\/wp\/v2\/posts"}],"about":[{"href":"http:\/\/fmriachuelo.it10.com.ar\/index.php\/wp-json\/wp\/v2\/types\/post"}],"author":[{"embeddable":true,"href":"http:\/\/fmriachuelo.it10.com.ar\/index.php\/wp-json\/wp\/v2\/users\/4"}],"replies":[{"embeddable":true,"href":"http:\/\/fmriachuelo.it10.com.ar\/index.php\/wp-json\/wp\/v2\/comments?post=1125"}],"version-history":[{"count":1,"href":"http:\/\/fmriachuelo.it10.com.ar\/index.php\/wp-json\/wp\/v2\/posts\/1125\/revisions"}],"predecessor-version":[{"id":21740,"href":"http:\/\/fmriachuelo.it10.com.ar\/index.php\/wp-json\/wp\/v2\/posts\/1125\/revisions\/21740"}],"wp:attachment":[{"href":"http:\/\/fmriachuelo.it10.com.ar\/index.php\/wp-json\/wp\/v2\/media?parent=1125"}],"wp:term":[{"taxonomy":"category","embeddable":true,"href":"http:\/\/fmriachuelo.it10.com.ar\/index.php\/wp-json\/wp\/v2\/categories?post=1125"},{"taxonomy":"post_tag","embeddable":true,"href":"http:\/\/fmriachuelo.it10.com.ar\/index.php\/wp-json\/wp\/v2\/tags?post=1125"}],"curies":[{"name":"wp","href":"https:\/\/api.w.org\/{rel}","templated":true}]}}