{"id":1124,"date":"2014-09-18T18:37:00","date_gmt":"2014-09-18T18:37:00","guid":{"rendered":"http:\/\/fmriachuelo.observatorioess.org.ar\/index.php\/2014\/09\/18\/reproducimos-comunicado-de-prensa-del-frente-popular-dario-santillan\/"},"modified":"2025-02-26T12:53:15","modified_gmt":"2025-02-26T15:53:15","slug":"reproducimos-comunicado-de-prensa-del-frente-popular-dario-santillan","status":"publish","type":"post","link":"http:\/\/fmriachuelo.it10.com.ar\/index.php\/2014\/09\/18\/reproducimos-comunicado-de-prensa-del-frente-popular-dario-santillan\/","title":{"rendered":"REPRODUCIMOS COMUNICADO DE PRENSA DEL FRENTE POPULAR DAR\u00cdO SANTILL\u00c1N"},"content":{"rendered":"<p><\/p>\n<div><span style=\"font-size: small\"><span style=\"font-family: Verdana,sans-serif\"><i>Cipolletti, mi\u00e9rcoles 17 de Septiembre de 2014<\/i><\/span><\/span><\/div>\n<div><span style=\"color: red\"><b><span style=\"font-family: Verdana,sans-serif\"><span style=\"font-size: large\"><span>Recuperando espacios. Defendiendo territorios.<\/span><\/span><\/span><\/b><\/span><span style=\"font-size: small\"><span style=\"font-family: Verdana,sans-serif\"> <\/span><\/span><\/div>\n<div><span style=\"font-size: small\"><span style=\"font-family: Verdana,sans-serif\">Los vecinos y las vecinas del barrio Los Sauces queremos comunicar que ante la sentencia de desalojo que el juez Cabral y Vedia dict\u00f3 en contra de nuestro barrio, de nuestras familias, de nuestros ni\u00f1os y ni\u00f1as, decidimos en asamblea exigir la nulidad de dicho fallo a trav\u00e9s de un escrito que entregaremos acompa\u00f1ados por nuestra abogada.<\/span><\/span><\/p>\n<div><\/div>\n<div><span style=\"font-size: small\"><span style=\"font-family: Verdana,sans-serif\"><b>Contactos:<\/b> 299- 4607828 \/ 299-5855485<\/span><\/span><\/div>\n<p><span style=\"font-size: small\"><span style=\"font-family: Verdana,sans-serif\"><\/span><\/span><br \/><a name='more'><\/a><\/div>\n<div><span style=\"font-size: small\"><span style=\"font-family: Verdana,sans-serif\">Estamos frente a un juez que no solo viola nuestro derecho a la vivienda sino que tambi\u00e9n el derecho que todxs tenemos a defendernos.<\/span><\/span><\/div>\n<div><span style=\"font-size: small\"><span style=\"font-family: Verdana,sans-serif\">Hemos decidido dar la pelea en un contexto de avanzada de la judicializaci\u00f3n de la lucha por la tierra y la vivienda.<\/span><\/span><\/div>\n<div><span style=\"font-size: small\"><span style=\"font-family: Verdana,sans-serif\">Esta es una muestra mas de que el estado protege los derechos de los que tienen plata y pueden acceder a la justicia. Una justicia que sigue poniendo a la propiedad privada y al negocio inmobiliario por encima de nuestro derecho a la tierra, a la vivienda y a la ciudad.<\/span><\/span><\/div>\n<div><span style=\"font-size: small\"><span style=\"font-family: Verdana,sans-serif\">Los y las convocamos a una jornada de lucha que como barrio estamos organizando para hoy mi\u00e9rcoles 17 de Septiembre a las 10 hs. en el juzgado N\u00b0 1 de nuestra ciudad, ubicado en Roca y Sarmiento.<\/span><\/span><\/div>\n<div><span style=\"font-size: small\"><span style=\"font-family: Verdana,sans-serif\">Realizaremos una radio abierta y volanteada para denunciar esta situaci\u00f3n.&nbsp;<\/span><\/span><\/div>\n<div><\/div>\n<p><\/p>\n<div><span style=\"color: red\"><b><span style=\"font-family: Verdana,sans-serif\"><span style=\"font-size: large\"><span><\/span><\/span><\/span><\/b><\/span><span style=\"font-size: small\"><span style=\"font-family: Verdana,sans-serif\"><\/span><\/span><\/div>\n<div><span style=\"font-size: small\"><span style=\"font-family: Verdana,sans-serif\"><b>Adhieren:<span style=\"font-size: small\"> <\/span><\/b>Cob La brecha Comahue-U.T.D-Frente Popular Dar\u00edo Santill\u00e1n-El And\u00e9n espacio de creaci\u00f3n social y cultural-Trabajadorxs del Ministerio de Desarrollo social de Rio Negro en ATE-Barrio Auca Lihuen-Independencia-FULE centro de estudiantes Fadecs-La grieta trabajo social-Partido Obrero-ADUNC (Asociaci\u00f3n Docentes Universidad Nacional del Comahue)- Proyecto de extensi\u00f3n Luchas por del derecho a la ciudad, UNCo.- Mariana Giaretto, docente e investigadora de la UNCO.<\/span><\/span><\/div>\n","protected":false},"excerpt":{"rendered":"<p>Cipolletti, mi\u00e9rcoles 17 de Septiembre de 2014 Recuperando espacios. Defendiendo territorios. Los vecinos y las vecinas del barrio Los Sauces queremos comunicar que ante la sentencia de desalojo que el juez Cabral y Vedia dict\u00f3 en contra de nuestro barrio, de nuestras familias, de nuestros ni\u00f1os y ni\u00f1as, decidimos en asamblea exigir la nulidad de [&hellip;]<\/p>\n","protected":false},"author":4,"featured_media":0,"comment_status":"open","ping_status":"open","sticky":false,"template":"","format":"standard","meta":{"_monsterinsights_skip_tracking":false,"_monsterinsights_sitenote_active":false,"_monsterinsights_sitenote_note":"","_monsterinsights_sitenote_category":0,"jnews-multi-image_gallery":[],"jnews_single_post":{"format":"standard"},"jnews_primary_category":[],"_joinchat":[],"footnotes":""},"categories":[58],"tags":[147],"class_list":["post-1124","post","type-post","status-publish","format-standard","hentry","category-noticiariachuelo","tag-habitat"],"_links":{"self":[{"href":"http:\/\/fmriachuelo.it10.com.ar\/index.php\/wp-json\/wp\/v2\/posts\/1124","targetHints":{"allow":["GET"]}}],"collection":[{"href":"http:\/\/fmriachuelo.it10.com.ar\/index.php\/wp-json\/wp\/v2\/posts"}],"about":[{"href":"http:\/\/fmriachuelo.it10.com.ar\/index.php\/wp-json\/wp\/v2\/types\/post"}],"author":[{"embeddable":true,"href":"http:\/\/fmriachuelo.it10.com.ar\/index.php\/wp-json\/wp\/v2\/users\/4"}],"replies":[{"embeddable":true,"href":"http:\/\/fmriachuelo.it10.com.ar\/index.php\/wp-json\/wp\/v2\/comments?post=1124"}],"version-history":[{"count":1,"href":"http:\/\/fmriachuelo.it10.com.ar\/index.php\/wp-json\/wp\/v2\/posts\/1124\/revisions"}],"predecessor-version":[{"id":21742,"href":"http:\/\/fmriachuelo.it10.com.ar\/index.php\/wp-json\/wp\/v2\/posts\/1124\/revisions\/21742"}],"wp:attachment":[{"href":"http:\/\/fmriachuelo.it10.com.ar\/index.php\/wp-json\/wp\/v2\/media?parent=1124"}],"wp:term":[{"taxonomy":"category","embeddable":true,"href":"http:\/\/fmriachuelo.it10.com.ar\/index.php\/wp-json\/wp\/v2\/categories?post=1124"},{"taxonomy":"post_tag","embeddable":true,"href":"http:\/\/fmriachuelo.it10.com.ar\/index.php\/wp-json\/wp\/v2\/tags?post=1124"}],"curies":[{"name":"wp","href":"https:\/\/api.w.org\/{rel}","templated":true}]}}