{"id":1123,"date":"2014-09-20T05:30:00","date_gmt":"2014-09-20T05:30:00","guid":{"rendered":"http:\/\/fmriachuelo.observatorioess.org.ar\/index.php\/2014\/09\/20\/mientras-macri-defiende-a-sus-socios\/"},"modified":"2025-02-26T12:55:34","modified_gmt":"2025-02-26T15:55:34","slug":"mientras-macri-defiende-a-sus-socios","status":"publish","type":"post","link":"http:\/\/fmriachuelo.it10.com.ar\/index.php\/2014\/09\/20\/mientras-macri-defiende-a-sus-socios\/","title":{"rendered":"MIENTRAS MACRI DEFIENDE A SUS SOCIOS"},"content":{"rendered":"<p><span style=\"font-size: large\"><span style=\"color: red\"><b><span style=\"font-family: Verdana,sans-serif\">LA COMUNICACI\u00d3N POPULAR COMO MODO DE ORGANIZADOR SOCIAL<\/span><\/b><\/span><\/span><br \/><b><span style=\"font-size: small\"><span style=\"font-family: Verdana,sans-serif\">[FMR Viernes 19\/09\/14] En la apertura de las Jornadas Internacionales de Televisi\u00f3n por Cable, realizadas ayer en Puerto Madero el Jefe de Gobierno de la Ciudad Aut\u00f3noma de Buenos Aires se\u00f1al\u00f3 que \u00abla ley de medios fue un intento est\u00fapido por controlar los medios de comunicaci\u00f3n\u00bb.<span style=\"font-size: small\"> <\/span>La Directora de <span style=\"color: red\">FM Riachuelo<\/span> Nadia Mart\u00ednez present\u00f3 como contraste de estas declaraciones, en <span style=\"color: red\">CAZADORES DE ZONCERAS (Viernes 20 hs) <\/span>un conjunto de conceptos que este medio de comunicaci\u00f3n popular viene construyendo desde su gestaci\u00f3n.<\/span><\/span><\/b><br \/><span style=\"font-size: small\"><span style=\"font-family: Verdana,sans-serif\">Este modo de comunicaci\u00f3n<span style=\"font-size: small\"> <\/span>va cuestionando uno por uno los conceptos y paradigmas que con mayor o menor bagaje te\u00f3rico un militante social y pol\u00edtico pueda poseer, adquirido en la academia o como parte de los saberes populares que por transitar una cultura determinada cada cual porta.<\/span><\/span><br \/><span style=\"font-size: small\"><span style=\"font-family: Verdana,sans-serif\">As\u00ed <span style=\"font-size: small\">s<\/span>e transforma la relaci\u00f3n emisor-receptor. No considera que la funci\u00f3n sea exclusivamente transmitir contenidos propios. Las producciones de un medio popular se generan al ritmo de la lucha callejera, de las experiencias de los pueblos que pelean por su destino. El objetivo de un medio popular no es convertirse en un gran medio masivo. Un medio popular debe mantener su relaci\u00f3n con el territorio, con su comunidad, con los actores de ese territorio en donde abreva los contenidos, para luego retransmitirlos.<\/span><\/span><\/p>\n<p><span style=\"font-size: small\"><span style=\"font-family: Verdana,sans-serif\"><\/span><\/span><\/p>\n","protected":false},"excerpt":{"rendered":"<p>LA COMUNICACI\u00d3N POPULAR COMO MODO DE ORGANIZADOR SOCIAL[FMR Viernes 19\/09\/14] En la apertura de las Jornadas Internacionales de Televisi\u00f3n por Cable, realizadas ayer en Puerto Madero el Jefe de Gobierno de la Ciudad Aut\u00f3noma de Buenos Aires se\u00f1al\u00f3 que \u00abla ley de medios fue un intento est\u00fapido por controlar los medios de comunicaci\u00f3n\u00bb. La Directora [&hellip;]<\/p>\n","protected":false},"author":4,"featured_media":0,"comment_status":"open","ping_status":"open","sticky":false,"template":"","format":"standard","meta":{"_monsterinsights_skip_tracking":false,"_monsterinsights_sitenote_active":false,"_monsterinsights_sitenote_note":"","_monsterinsights_sitenote_category":0,"jnews-multi-image_gallery":[],"jnews_single_post":{"format":"standard"},"jnews_primary_category":[],"_joinchat":[],"footnotes":""},"categories":[58],"tags":[81,159],"class_list":["post-1123","post","type-post","status-publish","format-standard","hentry","category-noticiariachuelo","tag-aguafuertes-portenas","tag-comunicacion"],"_links":{"self":[{"href":"http:\/\/fmriachuelo.it10.com.ar\/index.php\/wp-json\/wp\/v2\/posts\/1123","targetHints":{"allow":["GET"]}}],"collection":[{"href":"http:\/\/fmriachuelo.it10.com.ar\/index.php\/wp-json\/wp\/v2\/posts"}],"about":[{"href":"http:\/\/fmriachuelo.it10.com.ar\/index.php\/wp-json\/wp\/v2\/types\/post"}],"author":[{"embeddable":true,"href":"http:\/\/fmriachuelo.it10.com.ar\/index.php\/wp-json\/wp\/v2\/users\/4"}],"replies":[{"embeddable":true,"href":"http:\/\/fmriachuelo.it10.com.ar\/index.php\/wp-json\/wp\/v2\/comments?post=1123"}],"version-history":[{"count":1,"href":"http:\/\/fmriachuelo.it10.com.ar\/index.php\/wp-json\/wp\/v2\/posts\/1123\/revisions"}],"predecessor-version":[{"id":21743,"href":"http:\/\/fmriachuelo.it10.com.ar\/index.php\/wp-json\/wp\/v2\/posts\/1123\/revisions\/21743"}],"wp:attachment":[{"href":"http:\/\/fmriachuelo.it10.com.ar\/index.php\/wp-json\/wp\/v2\/media?parent=1123"}],"wp:term":[{"taxonomy":"category","embeddable":true,"href":"http:\/\/fmriachuelo.it10.com.ar\/index.php\/wp-json\/wp\/v2\/categories?post=1123"},{"taxonomy":"post_tag","embeddable":true,"href":"http:\/\/fmriachuelo.it10.com.ar\/index.php\/wp-json\/wp\/v2\/tags?post=1123"}],"curies":[{"name":"wp","href":"https:\/\/api.w.org\/{rel}","templated":true}]}}