{"id":11151,"date":"2019-11-29T02:47:12","date_gmt":"2019-11-29T02:47:12","guid":{"rendered":"http:\/\/fmriachuelo.com.ar\/?p=11151"},"modified":"2019-11-29T02:47:12","modified_gmt":"2019-11-29T02:47:12","slug":"por-una-navidad-sin-presos-por-luchar","status":"publish","type":"post","link":"http:\/\/fmriachuelo.it10.com.ar\/index.php\/2019\/11\/29\/por-una-navidad-sin-presos-por-luchar\/","title":{"rendered":"\u201cPOR UNA NAVIDAD SIN PRESOS POR LUCHAR\u201d"},"content":{"rendered":"<p><strong>[FM Riachuelo 28\/11\/2019]<\/strong>\u00a0<strong>El d\u00eda de hoy un amplio n\u00famero de organizaciones sociales pol\u00edticas, sindicales y de DDHH \u00a0marcharon a los Tribunales federales de Comodoro Py, en el barrio de Retiro, para pedir por una \u201cNavidad sin presos pol\u00edticos\u201d. La misma fue convocada por la Liga Argentina por los Derechos Humanos, la Asamblea Permanente por los Derechos Humanos, el Comit\u00e9 por la Libertad de Milagro Sala, la CTA, Madres de Plaza de Mayo LF e H.I.J.O.S, entre otros.<\/strong><\/p>\n<p>Frente a los Tribunales federales se mont\u00f3 un escenario donde alrededor de las 12 hs tomaron la palabra diferentes referentes de los DDHH y familiares de dirigentes detenidos con prisiones preventivas<strong>, <\/strong>bajo la consigna <strong>\u201cPor una Navidad sin presxs pol\u00edticxs\u201d.<\/strong><\/p>\n<p>Jos\u00e9 Schulman, Presidente de la Liga Argentina por los Derechos Humanos, expres\u00f3: <em>\u201cestamos ac\u00e1, como otras navidades, pero \u00e9sta con la convicci\u00f3n que tenemos mas\u00a0derecho que nunca porque nuestro pueblo vot\u00f3 un cambio, vot\u00f3 por los DDHH, vot\u00f3 contra el macrismo\u201d<\/em> y agreg\u00f3 <em>\u201ceste sitio quedar\u00e1 en la historia como la ESMA de Videla, y hay que se\u00f1alarlo, porque no puede volver a pasar. Desde este lugar sal\u00edan los grupos de tarea judiciales a ejecutar a nuestros compa\u00f1eros, armaron causas falsas e hicieron todo tipo de tropel\u00edas para tener encerrados a nuestros compa\u00f1eros\u201d<\/em><\/p>\n<p><img loading=\"lazy\" decoding=\"async\" class=\"alignnone size-medium wp-image-11153 alignleft\" src=\"http:\/\/fmriachuelo.com.ar\/wp-content\/uploads\/2019\/11\/Lito-Schullman-225x300.jpeg\" alt=\"\" width=\"225\" height=\"300\" \/>Tambi\u00e9n estuvo presente Lito Borello, Secretario de DDHH de la Confederaci\u00f3n de Trabajadores de la Econom\u00eda Popular (CTEP) y referente Nacional de la Organizaci\u00f3n Social y Pol\u00edtica LOS PIBES, para hacer llegar su solidaridad.\u00a0 Borello remarc\u00f3:\u00a0<em>\u201ctenemos que estar presentes pidiendo la libertad de todos los presos por luchar y en especial la del compa\u00f1ero Luis D`El\u00eda, quien en momentos dif\u00edciles para nuestra organizaci\u00f3n, como fue el asesinato del militante Mart\u00edn Oso Cisneros, permaneci\u00f3 a nuestro lado hasta que la polic\u00eda detuvo a su asesino\u201d<\/em><\/p>\n<p>Por su parte Lorena Felices, compa\u00f1era de Luis D`El\u00eca, expres\u00f3 la emoci\u00f3n que sinti\u00f3 por el apoyo de la militancia y organizaciones estuvieron presentes o enviaron sus adhesiones a la causa y dijo: <em>\u201cesto fue hecho con la intenci\u00f3n de disciplinar a los compa\u00f1eros que organizan a los barrios, para que las protestas no sean parte de los reclamos de la sociedad y de la defensa de los derechos. Este edificio est\u00e1 lleno de jueces que no est\u00e1n respetando la Constituci\u00f3n, que es lo primero que tienen que defender, y esperamos que el nuevo gobierno la haga respetar y nuestros compa\u00f1eros puedan transitar los procesos en libertad\u201d<\/em><\/p>\n<p><em>\u00a0<img loading=\"lazy\" decoding=\"async\" class=\"alignnone size-medium wp-image-11154 aligncenter\" src=\"http:\/\/fmriachuelo.com.ar\/wp-content\/uploads\/2019\/11\/Lorena-Felices-300x225.jpeg\" alt=\"\" width=\"300\" height=\"225\" \/><\/em><\/p>\n<p>&nbsp;<\/p>\n<p><strong>\u00a0<\/strong><\/p>\n","protected":false},"excerpt":{"rendered":"<p>[FM Riachuelo 28\/11\/2019]\u00a0El d\u00eda de hoy un amplio n\u00famero de organizaciones sociales pol\u00edticas, sindicales y de DDHH \u00a0marcharon a los Tribunales federales de Comodoro Py, en el barrio de Retiro, para pedir por una \u201cNavidad sin presos pol\u00edticos\u201d. La misma fue convocada por la Liga Argentina por los Derechos Humanos, la Asamblea Permanente por los [&hellip;]<\/p>\n","protected":false},"author":5,"featured_media":11152,"comment_status":"closed","ping_status":"closed","sticky":false,"template":"","format":"standard","meta":{"_monsterinsights_skip_tracking":false,"_monsterinsights_sitenote_active":false,"_monsterinsights_sitenote_note":"","_monsterinsights_sitenote_category":0,"jnews-multi-image_gallery":[],"jnews_single_post":[],"jnews_primary_category":[],"_joinchat":[],"footnotes":""},"categories":[82,78,76],"tags":[],"class_list":["post-11151","post","type-post","status-publish","format-standard","has-post-thumbnail","hentry","category-derechos-humanos","category-economia-popular","category-salud-comunitaria"],"_links":{"self":[{"href":"http:\/\/fmriachuelo.it10.com.ar\/index.php\/wp-json\/wp\/v2\/posts\/11151","targetHints":{"allow":["GET"]}}],"collection":[{"href":"http:\/\/fmriachuelo.it10.com.ar\/index.php\/wp-json\/wp\/v2\/posts"}],"about":[{"href":"http:\/\/fmriachuelo.it10.com.ar\/index.php\/wp-json\/wp\/v2\/types\/post"}],"author":[{"embeddable":true,"href":"http:\/\/fmriachuelo.it10.com.ar\/index.php\/wp-json\/wp\/v2\/users\/5"}],"replies":[{"embeddable":true,"href":"http:\/\/fmriachuelo.it10.com.ar\/index.php\/wp-json\/wp\/v2\/comments?post=11151"}],"version-history":[{"count":0,"href":"http:\/\/fmriachuelo.it10.com.ar\/index.php\/wp-json\/wp\/v2\/posts\/11151\/revisions"}],"wp:featuredmedia":[{"embeddable":true,"href":"http:\/\/fmriachuelo.it10.com.ar\/index.php\/wp-json\/"}],"wp:attachment":[{"href":"http:\/\/fmriachuelo.it10.com.ar\/index.php\/wp-json\/wp\/v2\/media?parent=11151"}],"wp:term":[{"taxonomy":"category","embeddable":true,"href":"http:\/\/fmriachuelo.it10.com.ar\/index.php\/wp-json\/wp\/v2\/categories?post=11151"},{"taxonomy":"post_tag","embeddable":true,"href":"http:\/\/fmriachuelo.it10.com.ar\/index.php\/wp-json\/wp\/v2\/tags?post=11151"}],"curies":[{"name":"wp","href":"https:\/\/api.w.org\/{rel}","templated":true}]}}