{"id":11132,"date":"2019-11-28T01:37:58","date_gmt":"2019-11-28T01:37:58","guid":{"rendered":"http:\/\/fmriachuelo.com.ar\/?p=11132"},"modified":"2019-11-28T01:37:58","modified_gmt":"2019-11-28T01:37:58","slug":"ademar-valda-lo-que-ha-pasado-en-bolivia-puede-replicarse-en-cualquier-pais-democratico","status":"publish","type":"post","link":"http:\/\/fmriachuelo.it10.com.ar\/index.php\/2019\/11\/28\/ademar-valda-lo-que-ha-pasado-en-bolivia-puede-replicarse-en-cualquier-pais-democratico\/","title":{"rendered":"ADEMAR VALDA \u00abLO QUE PASA EN BOLIVIA PUEDE REPLICARSE EN CUALQUIER PA\u00cdS DEMOCR\u00c1TICO\u00bb"},"content":{"rendered":"<p><strong>[FM RIACHUELO 27\/11\/2019] El gobierno golpista de Bolivia, que oblig\u00f3 a renunciar al presidente leg\u00edtimo Evo Morales Ayma y desat\u00f3 una brutal violencia contra el pueblo, que dej\u00f3 decenas de muertos y miles de heridos, ahora intenta disfrazar su ilegitimidad con un llamado a elecciones que ser\u00e1 a medida de los grupos de poder. En Cazadores de Zonceras entrevistamos a Ademar Valda, ex c\u00f3nsul boliviano en Argentina, destituido por la canciller de facto, Karen Longaric.<\/strong><\/p>\n<p><strong>Cazadores de Zonceras: \u00bfC\u00f3mo caracterizas hoy el golpe de estado de Bolivia?<\/strong><\/p>\n<p><strong>Ademar Valda<\/strong>: Primero por un tema de responsabilidad, quiero informar que ya no soy c\u00f3nsul general de Bolivia, producto de una cesaci\u00f3n ilegal e ileg\u00edtima de un gobierno de facto que sin haber ganado elecciones democr\u00e1ticas hoy ejerce el poder .He sido destituido, cesado del cargo por una canciller de facto, que reitero, desconociendo la voluntad popular asume funciones de manera ilegal y antidemocr\u00e1tica.<\/p>\n<p>Para nosotros es importante destacar que hoy Bolivia vive un golpe de estado perpetrado por una minor\u00eda pol\u00edtica electoral, que si uno revisa las pasadas elecciones, es s\u00f3lo el 3% del electorado que hoy se ha hecho del gobierno de facto. Desde todo punto de vista, despu\u00e9s de lo que ha significado una l\u00f3gica de represi\u00f3n con 32 muertos, formalmente hablando y alrededor de mil heridos, producto de una represi\u00f3n militar-policial y una cantidad incontable (porque todav\u00eda no hay datos) de gente desaparecida, es que hoy vivimos\u00a0 una dictadura que se ha hecho del poder de manera violenta y tiene como \u00fanico sustento a la polic\u00eda y a los militares que reprimen al pueblo boliviano.<\/p>\n<p><img loading=\"lazy\" decoding=\"async\" class=\"wp-image-11133 aligncenter\" src=\"http:\/\/fmriachuelo.com.ar\/wp-content\/uploads\/2019\/11\/WhatsApp-Image-2019-11-27-at-5.01.56-PM-300x168.jpeg\" alt=\"\" width=\"586\" height=\"328\" \/><\/p>\n<p><strong>CZ: Hay compa\u00f1eros denunciando un profundo cerco medi\u00e1tico. Nos llega a trav\u00e9s de los diarios en Argentina que se est\u00e1 acordando una salida constitucional con una elecci\u00f3n. Sin embargo, eso se da en paralelo con un proceso de persecuci\u00f3n y hostigamiento a las fuerzas populares, a pesar de que hay negociaciones en lo institucional.Se conoce que hay un profundo cerco medi\u00e1tico de informaci\u00f3n, con una persecuci\u00f3n y un hostigamiento a las fuerzas \u00a0populares en Bolivia \u00bfesto es as\u00ed?<\/strong><\/p>\n<p><strong>AV:\u00a0<\/strong>Hay cerco comunicacional. Los grandes medios bolivianos o han pactado o est\u00e1n amordazados o sencillamente validan la muerte.\u00a0Ese cerco no permite visibilizar la cruda represi\u00f3n, los asesinatos y persecuci\u00f3n judicial, pol\u00edtica contra el pueblo boliviano. La dictadura quieren descabezar al MAS y a los movimientos populares y sociales. Para eso se ha valido de la Fiscal\u00eda, de la Polic\u00eda y los militares. En este momento, las organizaciones sociales con 32 muertos y mil heridos se tuvieron que sentar obligados con la presidenta golpista. No hay organismo en Bolivia que pueda hacer prevalecer los DDHH, no hay estado de derecho, no hay garant\u00edas m\u00ednimas para las organizaciones y dirigentes pol\u00edticos. Estamos viviendo un terrorismo de estado. En esta reuni\u00f3n las organizaciones sociales y el pueblo que no reconoce al gobierno golpista y que denuncian que es un gobierno autoproclamado, tampoco quiere m\u00e1s muertos. Este golpismo no va a dudar en seguir asesinado gente.<\/p>\n<p>Hoy Bolivia vive persecuci\u00f3n, por ejemplo, si tu posteas parte de la represi\u00f3n que se da por los militares y polic\u00edas, te inician un proceso por subversi\u00f3n y sedici\u00f3n.\u00a0Gente de la carrera de cine de La Paz que estaba grabando la represi\u00f3n policial, les quitan el celular, arrestan e inician procesos. Dirigentes universitarios, sindicales, campesinos e ind\u00edgenas los agarran, las meten presos, en sus mochilas les meten armas, cartuchos y pistolas y con eso les inician procesos por alzamiento armado y los obligan, si quieren salvar su cabeza, a testificar contra Evo, contra dirigentes sindicales \u00bfPara qu\u00e9? Para que a nosotros nos inicien procesos por haber financiado supuestamente terrorismo y haber incitado a la subversi\u00f3n. Quieren descabezar y arrasar con todos los cuadros pol\u00edticos del MAS.<\/p>\n<p><strong>CZ: \u00bfCu\u00e1l es el plan del gobierno de facto para la Argentina, teniendo en cuanta el gran porcentaje de la colectividad boliviana que existe en el pa\u00eds y que apoya mayoritariamente a Evo y al MAS?<\/strong><\/p>\n<p><strong>AV<\/strong>: Evo hablaba de que en Bolivia hab\u00eda nuevos cuadros y uno de ellos \u00e9l manifestaba que era mi persona. Hay un informe de la OEA que hoy ha sido revelado como falso, \u00a0que ten\u00eda la intenci\u00f3n de validar el golpe, la masacre. El se\u00f1or Almagro tiene las manos manchadas con sangre boliviana, de pueblos ind\u00edgenas, de mujeres de pollera, de hombres y hermanos campesinos.<\/p>\n<p>Quieren eliminar el voto en el exterior y que la gente en Argentina, Espa\u00f1a, Brasil, no vote, porque es un voto que va a favor de Evo, del proceso de cambio.\u00a0La gente que sali\u00f3 de Bolivia, producto de la migraci\u00f3n es gente que ha vivido en gobiernos neoliberales, privatizadores, en este tipo de represiones, y que tuvo que dejar el pa\u00eds para buscar mejores condiciones de vida. Saben que cuando hay gobiernos as\u00ed la situaci\u00f3n es de hambre, miseria y represi\u00f3n. Aqu\u00ed en Argentina lo han vuelto a vivir en carne propia.<\/p>\n<p>Entonces los golpistas quieren eliminar cuadros pol\u00edticos, j\u00f3venes que puedan asumir la conducci\u00f3n del proceso de cambio y quieren eliminar el voto en el exterior y mantenerse m\u00e1s tiempo en el poder.Ellos han venido a ampliar su mandato, porque no van a poder convocar en 120 d\u00edas a una elecci\u00f3n. A los golpistas lo que menos les interesa es soltar el poder, se hicieron de \u00e9l el 3% del electorado que apoy\u00f3 a la ultraderecha. Est\u00e1n polic\u00edas y militares insertos en \u00e9sta estructura de poder: les aprueban decretos supremos para matar con impunidad, les aumentaron el presupuesto a las FFAA en 34,7 millones de bolivianos y la polic\u00eda hoy tambi\u00e9n pasa factura pidiendo una liberaci\u00f3n salarial. No quieren soltar el poder porque tarde o temprano, con un gobierno de otras caracter\u00edsticas, deber\u00e1n rendir cuentas por sus delitos de lesa humanidad.\u00a0No quieren que haya elecciones y si las hay, las quieren a su medida, con un Tribunal Supremo Electoral a favor de ellos, con condiciones para validar o maquillar el golpe de estado con una continuidad democr\u00e1tica.<\/p>\n<p><strong>CZ: El pueblo boliviano a demostrado en estos d\u00edas una entereza y una dignidad, que a nosotros nos ha impresionado esa presencia en la calle de seguir defendiendo b\u00e1sicamente la dignidad, a Evo, la wiphala. Lo que se analiza es que existe una voluntad de seguir adelante con el proceso de cambio, popular \u00bfc\u00f3mo crees que se va a reencauzar esa situaci\u00f3n?\u00a0<\/strong><\/p>\n<p><strong>AV: <\/strong>Al parecer todo apunta a que, producto de la presi\u00f3n y del terrorismo que se vive en Bolivia, todo va a decaer en unas elecciones nacionales lamentablemente sin Evo y sin \u00c1lvaro. No comparto la decisi\u00f3n de nuestros compa\u00f1eros diputados y senadores, pero entiendo que han sido pr\u00e1cticamente amenazados de muerte en algunos casos o han querido atentar contra sus familias, como lo han querido hacer con todos nosotros.\u00a0Pero parece que est\u00e1 va a ser en este momento la salida y obviamente hay que jugar, luchar, resistir y reorganizar.<\/p>\n<p>Han aprehendido al vicepresidente del MAS (Movimiento al Socialismo), Gerardo Garc\u00eda, supuestamente por actos de sedici\u00f3n y subversi\u00f3n y hoy esta con prisi\u00f3n preventiva, no puede salir de la c\u00e1rcel. A cada dirigente que tiene representatividad social o pol\u00edtica lo est\u00e1n metiendo adentro o les est\u00e1n iniciando procesos para despu\u00e9s decir \u00abel que tiene procesos no puede ser candidato\u00bb.<\/p>\n<p>Lo que hay que hacer ahora es reorganizar, reconfigurar el escenario que lamentablemente hoy tiene en el poder a los golpistas. Pero tampoco podemos ceder el espacio. Yo ahora en calidad de ex c\u00f3nsul, destituido por el golpismo, y ese es mi mayor orgullo: a m\u00ed no me ha destituido un presidente democr\u00e1tico, sino el golpismo, y hemos resistido y lo seguiremos haciendo. Las organizaciones sociales debemos reorganizarnos y apoyarnos. Hay mucha gente en la clandestinidad buscando asilo, buscando que les permitan vivir. En este momento si se llega a consolidar esta convocatoria a elecciones, hay que presentar y participar en la lucha electoral. Esperemos que las condiciones nos permitan hacer campa\u00f1a y se nos permita organizarnos, porque sino obviamente, el golpismo intentar\u00e1 maquillar de democr\u00e1tico la continuaci\u00f3n de lo que le est\u00e1n haciendo al pueblo boliviano.<\/p>\n<p><strong>CZ: \u00bfQu\u00e9 mensaje le dar\u00edas a los hermanos bolivianos y a lxs que estamos pendiente de lo que sucede en Bolivia?<\/strong><\/p>\n<p><strong>AV: <\/strong>Lo que ha pasado en Bolivia puede replicarse en cualquier pa\u00eds democr\u00e1tico. Bolivia ha sido un experimento que hasta hoy, lamentablemente, est\u00e1 siendo exitoso para Estados Unidos y los golpistas y eso puede replicarse, hay que repensar el rol de las fuerzas armadas de la polic\u00eda en gobiernos democr\u00e1ticos, populares.<\/p>\n<p>Esta es una lucha a nivel continental la derecha lo plantea as\u00ed y nosotros debemos entenderlo, \u00a0no puede haber \u00a0resistencia en Bolivia sin que exista la resistencia en conjunto del continente americano y del mundo entero, \u00a0que creemos en lo democr\u00e1tico, que creemos en lo popular, en la justicia social,\u00a0 la\u00a0inclusi\u00f3n. Por eso, m\u00e1s que nunca debemos estar unidos, alerta, conocer muy de cerca el caso boliviano y entender lo que ha sucedido con esa mal llamada OEA, que en realidad es el ministerio de colonia \u00a0de Estados Unidos, es justamente aquello:\u00a0 permitir la intervenci\u00f3n en asuntos internos por parte de un gobierno de una potencia imperialista que no respeta los pueblos, y que ha utilizado a las instituciones que hist\u00f3ricamente han visto al pueblo como sus enemigos. Pero hoy est\u00e1n asesinando a diestra y siniestra a la poblaci\u00f3n hay que resistir hay que reorganizarnos debemos \u00a0perder el miedo que la dictadura \u00a0quiere \u00a0imponer en los cuadros \u00a0pol\u00edticos \u00a0en todos los dirigentes sindicales, debemos perder el miedo y denunciar, no ser c\u00f3mplice frente a lo que sucede en Bolivia<\/p>\n<p><strong>ESCUCH\u00c1 LA ENTREVISTA<\/strong><\/p>\n<p><iframe loading=\"lazy\" title=\"ENTREVISTA AL CONSUL GENERAL DESTITUIDO DE BOLIVIA ADEMAR VALDA VARGAS by FMR\" width=\"500\" height=\"450\" scrolling=\"no\" frameborder=\"no\" src=\"https:\/\/w.soundcloud.com\/player\/?visual=true&#038;url=https%3A%2F%2Fapi.soundcloud.com%2Fplaylists%2F933492847&#038;show_artwork=true&#038;maxheight=750&#038;maxwidth=500\"><\/iframe><\/p>\n","protected":false},"excerpt":{"rendered":"<p>[FM RIACHUELO 27\/11\/2019] El gobierno golpista de Bolivia, que oblig\u00f3 a renunciar al presidente leg\u00edtimo Evo Morales Ayma y desat\u00f3 una brutal violencia contra el pueblo, que dej\u00f3 decenas de muertos y miles de heridos, ahora intenta disfrazar su ilegitimidad con un llamado a elecciones que ser\u00e1 a medida de los grupos de poder. En [&hellip;]<\/p>\n","protected":false},"author":5,"featured_media":11144,"comment_status":"closed","ping_status":"closed","sticky":false,"template":"","format":"standard","meta":{"_monsterinsights_skip_tracking":false,"_monsterinsights_sitenote_active":false,"_monsterinsights_sitenote_note":"","_monsterinsights_sitenote_category":0,"jnews-multi-image_gallery":[],"jnews_single_post":[],"jnews_primary_category":[],"_joinchat":[],"footnotes":""},"categories":[80,79,76],"tags":[],"class_list":["post-11132","post","type-post","status-publish","format-standard","has-post-thumbnail","hentry","category-educacion","category-nadie-se-salva-solo","category-salud-comunitaria"],"_links":{"self":[{"href":"http:\/\/fmriachuelo.it10.com.ar\/index.php\/wp-json\/wp\/v2\/posts\/11132","targetHints":{"allow":["GET"]}}],"collection":[{"href":"http:\/\/fmriachuelo.it10.com.ar\/index.php\/wp-json\/wp\/v2\/posts"}],"about":[{"href":"http:\/\/fmriachuelo.it10.com.ar\/index.php\/wp-json\/wp\/v2\/types\/post"}],"author":[{"embeddable":true,"href":"http:\/\/fmriachuelo.it10.com.ar\/index.php\/wp-json\/wp\/v2\/users\/5"}],"replies":[{"embeddable":true,"href":"http:\/\/fmriachuelo.it10.com.ar\/index.php\/wp-json\/wp\/v2\/comments?post=11132"}],"version-history":[{"count":0,"href":"http:\/\/fmriachuelo.it10.com.ar\/index.php\/wp-json\/wp\/v2\/posts\/11132\/revisions"}],"wp:featuredmedia":[{"embeddable":true,"href":"http:\/\/fmriachuelo.it10.com.ar\/index.php\/wp-json\/"}],"wp:attachment":[{"href":"http:\/\/fmriachuelo.it10.com.ar\/index.php\/wp-json\/wp\/v2\/media?parent=11132"}],"wp:term":[{"taxonomy":"category","embeddable":true,"href":"http:\/\/fmriachuelo.it10.com.ar\/index.php\/wp-json\/wp\/v2\/categories?post=11132"},{"taxonomy":"post_tag","embeddable":true,"href":"http:\/\/fmriachuelo.it10.com.ar\/index.php\/wp-json\/wp\/v2\/tags?post=11132"}],"curies":[{"name":"wp","href":"https:\/\/api.w.org\/{rel}","templated":true}]}}