{"id":11125,"date":"2019-11-26T15:18:32","date_gmt":"2019-11-26T15:18:32","guid":{"rendered":"http:\/\/fmriachuelo.com.ar\/?p=11125"},"modified":"2019-11-26T15:18:32","modified_gmt":"2019-11-26T15:18:32","slug":"25n-vivas-y-con-derechos-nos-queremos-la-pollera-y-la-whipala-se-respetan","status":"publish","type":"post","link":"http:\/\/fmriachuelo.it10.com.ar\/index.php\/2019\/11\/26\/25n-vivas-y-con-derechos-nos-queremos-la-pollera-y-la-whipala-se-respetan\/","title":{"rendered":"25N: \u00abVIVAS Y CON DERECHOS NOS QUEREMOS, LA POLLERA Y LA WHIPALA SE RESPETAN\u00bb"},"content":{"rendered":"<p><strong>[FM Riachuelo 26\/11\/2019]<\/strong> <strong>Este lunes se realiz\u00f3 un Festival Cultural y Radio abierta en el Obelisco a 59 a\u00f1os del asesinato de las hermanas Patria, Minerva y Mar\u00eda Teresa Mirabal activistas pol\u00edticas que formaron parte de la oposici\u00f3n que resist\u00eda la dictadura de Trujillo en Rep\u00fablica Dominicana y en conmemoraci\u00f3n al D\u00eda internacional de la eliminaci\u00f3n de la violencia contra las mujeres.<\/strong><\/p>\n<p>Trabajadoras de la \u00a0Asociaci\u00f3n de Trabajadorxs del Estado, junto a la CTA- Aut\u00f3noma convocaron \u00a0bajo la consigna<strong> \u201cNi golpe de estado, Ni golpe a las Mujeres\u201d<\/strong> a la cual se sumaron diversas organizaciones sociales y pol\u00edticas, para visibilizar las problem\u00e1ticas que nos generan el imperialismo, capitalismo y el patriarcado en Am\u00e9rica Latina tanto a las mujeres como a les ni\u00f1os y hombres.<\/p>\n<p><img loading=\"lazy\" decoding=\"async\" class=\" wp-image-11130 aligncenter\" src=\"http:\/\/fmriachuelo.com.ar\/wp-content\/uploads\/2019\/11\/WhatsApp-Image-2019-11-25-at-10.00.09-296x300.jpeg\" alt=\"\" width=\"266\" height=\"269\" \/><\/p>\n<p>En solidaridad con el pueblo de Chile y Bolivia, las organizaciones sociales junto a los sindicatos presentes fueron parte de la radio abierta realizada en el Obelisco.<\/p>\n<p>La actividad finaliz\u00f3 marchando hacia Plaza de Mayo bajo el lema <strong>\u201cVivas y con Derechos nos queremos. La pollera y la whipala se respeta carajo\u00bb<\/strong>, en sus banderas.<\/p>\n","protected":false},"excerpt":{"rendered":"<p>[FM Riachuelo 26\/11\/2019] Este lunes se realiz\u00f3 un Festival Cultural y Radio abierta en el Obelisco a 59 a\u00f1os del asesinato de las hermanas Patria, Minerva y Mar\u00eda Teresa Mirabal activistas pol\u00edticas que formaron parte de la oposici\u00f3n que resist\u00eda la dictadura de Trujillo en Rep\u00fablica Dominicana y en conmemoraci\u00f3n al D\u00eda internacional de la [&hellip;]<\/p>\n","protected":false},"author":5,"featured_media":11129,"comment_status":"closed","ping_status":"closed","sticky":false,"template":"","format":"standard","meta":{"_monsterinsights_skip_tracking":false,"_monsterinsights_sitenote_active":false,"_monsterinsights_sitenote_note":"","_monsterinsights_sitenote_category":0,"jnews-multi-image_gallery":[],"jnews_single_post":[],"jnews_primary_category":[],"_joinchat":[],"footnotes":""},"categories":[78,76,77],"tags":[],"class_list":["post-11125","post","type-post","status-publish","format-standard","has-post-thumbnail","hentry","category-economia-popular","category-salud-comunitaria","category-soberania"],"_links":{"self":[{"href":"http:\/\/fmriachuelo.it10.com.ar\/index.php\/wp-json\/wp\/v2\/posts\/11125","targetHints":{"allow":["GET"]}}],"collection":[{"href":"http:\/\/fmriachuelo.it10.com.ar\/index.php\/wp-json\/wp\/v2\/posts"}],"about":[{"href":"http:\/\/fmriachuelo.it10.com.ar\/index.php\/wp-json\/wp\/v2\/types\/post"}],"author":[{"embeddable":true,"href":"http:\/\/fmriachuelo.it10.com.ar\/index.php\/wp-json\/wp\/v2\/users\/5"}],"replies":[{"embeddable":true,"href":"http:\/\/fmriachuelo.it10.com.ar\/index.php\/wp-json\/wp\/v2\/comments?post=11125"}],"version-history":[{"count":0,"href":"http:\/\/fmriachuelo.it10.com.ar\/index.php\/wp-json\/wp\/v2\/posts\/11125\/revisions"}],"wp:featuredmedia":[{"embeddable":true,"href":"http:\/\/fmriachuelo.it10.com.ar\/index.php\/wp-json\/"}],"wp:attachment":[{"href":"http:\/\/fmriachuelo.it10.com.ar\/index.php\/wp-json\/wp\/v2\/media?parent=11125"}],"wp:term":[{"taxonomy":"category","embeddable":true,"href":"http:\/\/fmriachuelo.it10.com.ar\/index.php\/wp-json\/wp\/v2\/categories?post=11125"},{"taxonomy":"post_tag","embeddable":true,"href":"http:\/\/fmriachuelo.it10.com.ar\/index.php\/wp-json\/wp\/v2\/tags?post=11125"}],"curies":[{"name":"wp","href":"https:\/\/api.w.org\/{rel}","templated":true}]}}