{"id":1112,"date":"2014-09-24T14:38:00","date_gmt":"2014-09-24T14:38:00","guid":{"rendered":"http:\/\/fmriachuelo.observatorioess.org.ar\/index.php\/2014\/09\/24\/gacetilla-de-prensa-de-la-confederacion-de-trabajadores-de-la-economia-popular-ctep\/"},"modified":"2025-02-26T13:32:00","modified_gmt":"2025-02-26T16:32:00","slug":"gacetilla-de-prensa-de-la-confederacion-de-trabajadores-de-la-economia-popular-ctep","status":"publish","type":"post","link":"http:\/\/fmriachuelo.it10.com.ar\/index.php\/2014\/09\/24\/gacetilla-de-prensa-de-la-confederacion-de-trabajadores-de-la-economia-popular-ctep\/","title":{"rendered":"GACETILLA DE PRENSA DE LA CONFEDERACI\u00d3N DE TRABAJADORES DE LA ECONOM\u00cdA POPULAR (CTEP)"},"content":{"rendered":"<p><span style=\"font-family: Verdana,sans-serif\"><span style=\"color: red\"><b><span style=\"font-size: large\">CONSTRUYEN UN NUEVO ESPACIO PARA DEFENDER LOS DERECHOS LABORALES DE LOS MOTOQUEROS<\/span><\/b><\/span>&nbsp;<\/span><br \/><span style=\"font-family: Verdana,sans-serif\">La primera actividad se realizar\u00e1 este jueves desde las 18.30 en la sede central de la CTEP, ubicada en Pedro Echague 1279, del barrio de Constituci\u00f3n, Capital Federal, y participar\u00e1n trabajadores de varios puntos del pa\u00eds, as\u00ed como tambi\u00e9n importantes figuras relacionadas con el mundo sindical y militantes de organizaciones sociales que impulsan la construcci\u00f3n de este nuevo espacio pol\u00edtico.    <br \/> Durante la jornada se realizar\u00e1 una entrega de cascos a los trabajadores motociclistas y mensajeros, que fueron donados por la UNSAM (Universidad Nacional de San Mart\u00edn). <br \/> Gaston \u00abTonga\u00bb Senra, referente del sector, expres\u00f3 que \u201cel objetivo central que tenemos es generar un nuevo espacio para luchar por nuestros derechos laborales, que sabemos que no se cumplen\u201d.   <br \/> Desde la organizaci\u00f3n del evento informaron que en el transcurso de la tarde se presentar\u00e1n distintas bandas de rock, y tambi\u00e9n se proyectar\u00e1 un corto que narrar\u00e1 las jornadas de luchas de los motoqueros desde el a\u00f1o 2001 hasta la actualidad. <br \/> La actividad est\u00e1 organizada por la CTEP (Confederaci\u00f3n de Trabajadores de la Econom\u00eda Popular) y el SUMCRA (Sindicato \u00danico de Conductores y Motociclistas de la Rep\u00fablica Argentina). <br \/> Respecto de los objetivo del evento, Senra, agreg\u00f3 que \u201cnosotros planteamos siempre la unidad de los trabajadores como eje central, creemos que hac\u00eda ah\u00ed hay que ir, y tambi\u00e9n un gremio democr\u00e1tico donde podamos elegir libremente nuestros representantes\u201d. <\/span><br \/><span style=\"font-family: Verdana,sans-serif\"><br \/><b>CONTACTO PARA NOTAS: <\/b><br \/> GASTON SENRA 011 15 3783 5247 <br \/> PRENSA CTEP: 011 15 333 08133 <\/span><br \/><span style=\"font-family: Verdana,sans-serif\"><br \/><\/span><span style=\"font-family: Verdana,sans-serif\"><\/span><br \/><a name='more'><\/a><span style=\"font-family: Verdana,sans-serif\"><br \/><\/span><br \/><span style=\"font-family: Verdana,sans-serif\"><br \/><\/span><\/p>\n","protected":false},"excerpt":{"rendered":"<p>CONSTRUYEN UN NUEVO ESPACIO PARA DEFENDER LOS DERECHOS LABORALES DE LOS MOTOQUEROS&nbsp;La primera actividad se realizar\u00e1 este jueves desde las 18.30 en la sede central de la CTEP, ubicada en Pedro Echague 1279, del barrio de Constituci\u00f3n, Capital Federal, y participar\u00e1n trabajadores de varios puntos del pa\u00eds, as\u00ed como tambi\u00e9n importantes figuras relacionadas con el [&hellip;]<\/p>\n","protected":false},"author":4,"featured_media":0,"comment_status":"open","ping_status":"open","sticky":false,"template":"","format":"standard","meta":{"_monsterinsights_skip_tracking":false,"_monsterinsights_sitenote_active":false,"_monsterinsights_sitenote_note":"","_monsterinsights_sitenote_category":0,"jnews-multi-image_gallery":[],"jnews_single_post":{"format":"standard"},"jnews_primary_category":[],"_joinchat":[],"footnotes":""},"categories":[58],"tags":[64,148],"class_list":["post-1112","post","type-post","status-publish","format-standard","hentry","category-noticiariachuelo","tag-economia-popular","tag-trabajo"],"_links":{"self":[{"href":"http:\/\/fmriachuelo.it10.com.ar\/index.php\/wp-json\/wp\/v2\/posts\/1112","targetHints":{"allow":["GET"]}}],"collection":[{"href":"http:\/\/fmriachuelo.it10.com.ar\/index.php\/wp-json\/wp\/v2\/posts"}],"about":[{"href":"http:\/\/fmriachuelo.it10.com.ar\/index.php\/wp-json\/wp\/v2\/types\/post"}],"author":[{"embeddable":true,"href":"http:\/\/fmriachuelo.it10.com.ar\/index.php\/wp-json\/wp\/v2\/users\/4"}],"replies":[{"embeddable":true,"href":"http:\/\/fmriachuelo.it10.com.ar\/index.php\/wp-json\/wp\/v2\/comments?post=1112"}],"version-history":[{"count":1,"href":"http:\/\/fmriachuelo.it10.com.ar\/index.php\/wp-json\/wp\/v2\/posts\/1112\/revisions"}],"predecessor-version":[{"id":21755,"href":"http:\/\/fmriachuelo.it10.com.ar\/index.php\/wp-json\/wp\/v2\/posts\/1112\/revisions\/21755"}],"wp:attachment":[{"href":"http:\/\/fmriachuelo.it10.com.ar\/index.php\/wp-json\/wp\/v2\/media?parent=1112"}],"wp:term":[{"taxonomy":"category","embeddable":true,"href":"http:\/\/fmriachuelo.it10.com.ar\/index.php\/wp-json\/wp\/v2\/categories?post=1112"},{"taxonomy":"post_tag","embeddable":true,"href":"http:\/\/fmriachuelo.it10.com.ar\/index.php\/wp-json\/wp\/v2\/tags?post=1112"}],"curies":[{"name":"wp","href":"https:\/\/api.w.org\/{rel}","templated":true}]}}