{"id":11114,"date":"2019-11-26T13:09:43","date_gmt":"2019-11-26T13:09:43","guid":{"rendered":"http:\/\/fmriachuelo.com.ar\/?p=11114"},"modified":"2019-11-26T13:09:43","modified_gmt":"2019-11-26T13:09:43","slug":"frenamos-que-se-privatize-la-educacion-para-lxs-migrantxs","status":"publish","type":"post","link":"http:\/\/fmriachuelo.it10.com.ar\/index.php\/2019\/11\/26\/frenamos-que-se-privatize-la-educacion-para-lxs-migrantxs\/","title":{"rendered":"\u00abFRENAMOS QUE SE PRIVATICE LA EDUCACI\u00d3N PARA LXS MIGRANTXS\u00bb"},"content":{"rendered":"<p style=\"text-align: left\">[FM Riachuelo 25\/11\/2019] Ayer en Rompe el Cerco Informativo (L a V 18 hs) hablamos con<strong> Alexander Angulo, referente pol\u00edtico de la Secretar\u00eda de Trabajadorxs Migrantes \u2013 CTEP,\u00a0<\/strong><strong>\u00a0<\/strong>sobre el 2\u00ba Encuentro de Estudiantes Migrantxs que se realiz\u00f3 en la Facultad de Derecho de la UBA, El referente destac\u00f3 que<strong> \u00abLxs trabajadorxs de la Econom\u00eda Popular tambi\u00e9n tenemos derecho a estudiar en la Universidad\u00bb<\/strong><\/p>\n<p><img loading=\"lazy\" decoding=\"async\" class=\"alignnone size-medium wp-image-11117\" src=\"http:\/\/fmriachuelo.com.ar\/wp-content\/uploads\/2019\/11\/migr-300x169.jpg\" alt=\"\" width=\"300\" height=\"169\" \/><\/p>\n<p style=\"text-align: left\">Lxs trabajadores Migrantxs de la Econom\u00eda Popular realizaron este s\u00e1bado 23 de Noviembre el Segundo Encuentro Nacional de Estudiantes Migrantxs un espacio para debatir\u00a0 en un contexto de avanzada neoliberal en la regi\u00f3n, en donde se busca constantemente privatizar la educaci\u00f3n y nuestros derechos,\u00a0 por consiguiente se ven obligadxs a migrar para poder estudiar y desarrollarse como profesionales.<\/p>\n<p>Alexander nos aclara: <strong>\u201cqueremos romper con el estigma de que la Universidad es solo para gente que vive en barrios y no en las Villas\u201d<\/strong> \u201cHay un cuello de botella importante para homologar los t\u00edtulos secundarios para lxs migrantes, solo se puede hacer un d\u00eda al mes con horarios puntuales, la Universidad hoy es Publica, gratuita pero NO para todxs.<\/p>\n<p>Tambi\u00e9n, Alexander resalto la situaci\u00f3n de su pa\u00eds natal; Colombia: <strong>\u201cHay un sujeto pol\u00edtico Ind\u00edgena que se est\u00e1 empoderando en estos momentos en Am\u00e9rica, si Am\u00e9rica despierta Estados Unidos tendr\u00e1 la crisis m\u00e1s grande Econ\u00f3mica y Pol\u00edtica de la Historia\u00bb.<\/strong><\/p>\n<p>&nbsp;<\/p>\n<p><a href=\"https:\/\/ar.radiocut.fm\/audiocut\/lxs-trabajadores-economia-popular-tenemos-derecho-estudiar-en-universidad\/\">Escucha la entrevista Completa<\/a><\/p>\n","protected":false},"excerpt":{"rendered":"<p>[FM Riachuelo 25\/11\/2019] Ayer en Rompe el Cerco Informativo (L a V 18 hs) hablamos con Alexander Angulo, referente pol\u00edtico de la Secretar\u00eda de Trabajadorxs Migrantes \u2013 CTEP,\u00a0\u00a0sobre el 2\u00ba Encuentro de Estudiantes Migrantxs que se realiz\u00f3 en la Facultad de Derecho de la UBA, El referente destac\u00f3 que \u00abLxs trabajadorxs de la Econom\u00eda Popular [&hellip;]<\/p>\n","protected":false},"author":5,"featured_media":11115,"comment_status":"closed","ping_status":"closed","sticky":false,"template":"","format":"standard","meta":{"_monsterinsights_skip_tracking":false,"_monsterinsights_sitenote_active":false,"_monsterinsights_sitenote_note":"","_monsterinsights_sitenote_category":0,"jnews-multi-image_gallery":[],"jnews_single_post":[],"jnews_primary_category":[],"_joinchat":[],"footnotes":""},"categories":[78,76,77],"tags":[],"class_list":["post-11114","post","type-post","status-publish","format-standard","has-post-thumbnail","hentry","category-economia-popular","category-salud-comunitaria","category-soberania"],"_links":{"self":[{"href":"http:\/\/fmriachuelo.it10.com.ar\/index.php\/wp-json\/wp\/v2\/posts\/11114","targetHints":{"allow":["GET"]}}],"collection":[{"href":"http:\/\/fmriachuelo.it10.com.ar\/index.php\/wp-json\/wp\/v2\/posts"}],"about":[{"href":"http:\/\/fmriachuelo.it10.com.ar\/index.php\/wp-json\/wp\/v2\/types\/post"}],"author":[{"embeddable":true,"href":"http:\/\/fmriachuelo.it10.com.ar\/index.php\/wp-json\/wp\/v2\/users\/5"}],"replies":[{"embeddable":true,"href":"http:\/\/fmriachuelo.it10.com.ar\/index.php\/wp-json\/wp\/v2\/comments?post=11114"}],"version-history":[{"count":0,"href":"http:\/\/fmriachuelo.it10.com.ar\/index.php\/wp-json\/wp\/v2\/posts\/11114\/revisions"}],"wp:featuredmedia":[{"embeddable":true,"href":"http:\/\/fmriachuelo.it10.com.ar\/index.php\/wp-json\/"}],"wp:attachment":[{"href":"http:\/\/fmriachuelo.it10.com.ar\/index.php\/wp-json\/wp\/v2\/media?parent=11114"}],"wp:term":[{"taxonomy":"category","embeddable":true,"href":"http:\/\/fmriachuelo.it10.com.ar\/index.php\/wp-json\/wp\/v2\/categories?post=11114"},{"taxonomy":"post_tag","embeddable":true,"href":"http:\/\/fmriachuelo.it10.com.ar\/index.php\/wp-json\/wp\/v2\/tags?post=11114"}],"curies":[{"name":"wp","href":"https:\/\/api.w.org\/{rel}","templated":true}]}}