{"id":1111,"date":"2014-09-24T17:18:00","date_gmt":"2014-09-24T17:18:00","guid":{"rendered":"http:\/\/fmriachuelo.observatorioess.org.ar\/index.php\/2014\/09\/24\/un-poquito-de-justicia\/"},"modified":"2025-02-26T13:32:26","modified_gmt":"2025-02-26T16:32:26","slug":"un-poquito-de-justicia","status":"publish","type":"post","link":"http:\/\/fmriachuelo.it10.com.ar\/index.php\/2014\/09\/24\/un-poquito-de-justicia\/","title":{"rendered":"UN POQUITO DE JUSTICIA"},"content":{"rendered":"<p><span style=\"font-size: large\"><span style=\"font-family: Verdana,sans-serif\"><span style=\"color: red\"><b>UNA JUSTA REAPARICI<span style=\"font-size: large\">\u00d3<\/span>N<\/b><\/span><\/span><\/span><br \/><span style=\"font-size: small\"><span style=\"font-family: Verdana,sans-serif\"><a href=\"http:\/\/4.bp.blogspot.com\/-707vcdu-uXc\/VCL9Ajpt_iI\/AAAAAAAAA3Q\/G3HTglzMIQA\/s1600\/Conti.JPG\" style=\"clear: left;float: left;margin-bottom: 1em;margin-right: 1em\"><img decoding=\"async\" border=\"0\" src=\"http:\/\/4.bp.blogspot.com\/-707vcdu-uXc\/VCL9Ajpt_iI\/AAAAAAAAA3Q\/G3HTglzMIQA\/s1600\/Conti.JPG\" \/><\/a>En la noche de ayer se hizo un homenaje y una justa reparaci\u00f3n al poeta Haroldo Conti.  El acto se llev\u00f3 adelante en el  Centro Cultural de la Memoria que lleva su nombre ubicado en la ex Esma. Un acto simb\u00f3lico frente a sus familiares directos de justa reparaci\u00f3n de su legajo como docente en donde la leyenda \u201ccesante por abandono de tareas\u201d fue reemplazada por \u201cdesaparici\u00f3n forzada\u201d.&nbsp;<\/span><\/span><\/p>\n<div><span style=\"font-size: small\"><span style=\"font-family: Verdana,sans-serif\"><br \/><\/span><\/span><a name='more'><\/a><span style=\"font-size: small\"><span style=\"font-family: Verdana,sans-serif\">En julio de 1979, el entonces ministro de facto a cargo del \u00e1rea educativa, Juan Rafael Llerena Amadeo, firm\u00f3 un sumario contra Conti mediante el que se lo acusaba de \u201cabandono de cargo\u201d cuesti\u00f3n que motivaba a que se lo dejara cesante en su trabajo como docente. En ese mismo documento se denunciaba que \u201cel profesor hab\u00eda dejado de concurrir a su lugar de trabajo \u2013horas c\u00e1tedra en los liceos 7 y 11 de la ciudad de Buenos Aires\u2013 el 5 de mayo de 1976\u201d, pero se dejaba a un lado el descargo realizado por su hermana en las instituciones educativas: Haroldo Conti hab\u00eda sido secuestrado en la madrugada de aquel d\u00eda; la familia hab\u00eda reclamado por \u00e9l, pero no hab\u00eda logrado obtener respuestas. Desde ayer, el legajo de Conti dice la verdad: que el fin de su actividad docente fue consecuencia de su \u201cdesaparici\u00f3n forzada\u201d.<br \/>Una noche los alumnos del colegio porte\u00f1o Juan Jos\u00e9 Paso estrenaban profesor. Un se\u00f1or desgarbado, serio, vestido con un piloto, entr\u00f3 al aula y se sent\u00f3 en la tarima ubicada delante del escritorio docente: \u201cYo vine a ense\u00f1arles Instrucci\u00f3n C\u00edvica, pero no sirve para nada. As\u00ed que si ustedes no me traicionan yo les voy a leer literatura latinoamericana y est\u00e1n todos aprobados\u201d. Aquel docente era Haroldo Conti, m\u00e1s y fundamentalmente conocido como escritor. La an\u00e9cdota fue relatada ayer por el locutor Tom Lupo \u2013uno de los estudiantes del Paso a quienes Conti les ofreci\u00f3 aquel trato de confidencialidad. <\/span><\/span><br \/><span style=\"color: #3d85c6\"><b><span style=\"font-size: x-small\"><span style=\"font-family: Verdana,sans-serif\">FUENTE: P\u00c1GINA 12<\/span><\/span><\/b><\/span><\/div>\n","protected":false},"excerpt":{"rendered":"<p>UNA JUSTA REAPARICI\u00d3NEn la noche de ayer se hizo un homenaje y una justa reparaci\u00f3n al poeta Haroldo Conti. El acto se llev\u00f3 adelante en el Centro Cultural de la Memoria que lleva su nombre ubicado en la ex Esma. Un acto simb\u00f3lico frente a sus familiares directos de justa reparaci\u00f3n de su legajo como [&hellip;]<\/p>\n","protected":false},"author":4,"featured_media":0,"comment_status":"open","ping_status":"open","sticky":false,"template":"","format":"standard","meta":{"_monsterinsights_skip_tracking":false,"_monsterinsights_sitenote_active":false,"_monsterinsights_sitenote_note":"","_monsterinsights_sitenote_category":0,"jnews-multi-image_gallery":[],"jnews_single_post":{"format":"standard"},"jnews_primary_category":[],"_joinchat":[],"footnotes":""},"categories":[60],"tags":[151],"class_list":["post-1111","post","type-post","status-publish","format-standard","hentry","category-mirada-riachuelo","tag-ddhh"],"_links":{"self":[{"href":"http:\/\/fmriachuelo.it10.com.ar\/index.php\/wp-json\/wp\/v2\/posts\/1111","targetHints":{"allow":["GET"]}}],"collection":[{"href":"http:\/\/fmriachuelo.it10.com.ar\/index.php\/wp-json\/wp\/v2\/posts"}],"about":[{"href":"http:\/\/fmriachuelo.it10.com.ar\/index.php\/wp-json\/wp\/v2\/types\/post"}],"author":[{"embeddable":true,"href":"http:\/\/fmriachuelo.it10.com.ar\/index.php\/wp-json\/wp\/v2\/users\/4"}],"replies":[{"embeddable":true,"href":"http:\/\/fmriachuelo.it10.com.ar\/index.php\/wp-json\/wp\/v2\/comments?post=1111"}],"version-history":[{"count":1,"href":"http:\/\/fmriachuelo.it10.com.ar\/index.php\/wp-json\/wp\/v2\/posts\/1111\/revisions"}],"predecessor-version":[{"id":21756,"href":"http:\/\/fmriachuelo.it10.com.ar\/index.php\/wp-json\/wp\/v2\/posts\/1111\/revisions\/21756"}],"wp:attachment":[{"href":"http:\/\/fmriachuelo.it10.com.ar\/index.php\/wp-json\/wp\/v2\/media?parent=1111"}],"wp:term":[{"taxonomy":"category","embeddable":true,"href":"http:\/\/fmriachuelo.it10.com.ar\/index.php\/wp-json\/wp\/v2\/categories?post=1111"},{"taxonomy":"post_tag","embeddable":true,"href":"http:\/\/fmriachuelo.it10.com.ar\/index.php\/wp-json\/wp\/v2\/tags?post=1111"}],"curies":[{"name":"wp","href":"https:\/\/api.w.org\/{rel}","templated":true}]}}