{"id":1108,"date":"2014-09-24T18:00:00","date_gmt":"2014-09-24T18:00:00","guid":{"rendered":"http:\/\/fmriachuelo.observatorioess.org.ar\/index.php\/2014\/09\/24\/centroamerica\/"},"modified":"2025-02-26T13:50:20","modified_gmt":"2025-02-26T16:50:20","slug":"centroamerica","status":"publish","type":"post","link":"http:\/\/fmriachuelo.it10.com.ar\/index.php\/2014\/09\/24\/centroamerica\/","title":{"rendered":"CENTROAM\u00c9RICA"},"content":{"rendered":"<div style=\"background: white;margin-bottom: .0001pt;margin: 0cm;vertical-align: baseline\"><span style=\"font-size: large\"><span style=\"font-family: Verdana,sans-serif\"><b><span style=\"color: red\"><span style=\"font-size: large\">P<\/span>lan de acci\u00f3n contra crisis migratoria<\/span><\/b><\/span><\/span><br \/><span style=\"font-size: small\"><span style=\"font-family: Verdana,sans-serif\"><b><span><\/span><\/b><b>Los Cancilleres de Guatemala, Honduras y El Salvador presentaron un proyecto al secretario de Estado de Estados Unidos, John Kerry, para frenar crisis migratoria de Centroam\u00e9rica.&nbsp;<\/b><\/span><\/span><\/div>\n<div><span style=\"font-size: small\"><span style=\"font-family: Verdana,sans-serif\">Entre marzo y junio de este a\u00f1o lleg\u00f3 una oleada de ni\u00f1os migrantes hacia hacia Norteam\u00e9rica.<\/span><\/span><br \/><a name='more'><\/a><span style=\"font-size: small\"><span style=\"font-family: Verdana,sans-serif\">El proyecto denominado \u201cPlan de Acci\u00f3n Alianza para la Prosperidad\u201d fue presentado por los cancilleres Carlos Ra\u00fal Morales Moscoso, de Guatemala, Mireya Aguero, de Honduras y Hugo Mart\u00ednez, de El Salvador, junto a dos altos funcionarios de M\u00e9xico.<\/span><\/span><\/div>\n<div><span style=\"font-size: small\"><span style=\"font-family: Verdana,sans-serif\">Este proyecto cuenta con el apoyo del Banco Interamericano de Desarrollo (BID) y establece l\u00edneas y acciones que deben implementarse en los pa\u00edses del Tri\u00e1ngulo del Norte de Centroam\u00e9rica: Honduras, Guatemala y El Salvador para evitar la migraci\u00f3n ilegal a los EE.UU.<br \/>Con este proyecto los representantes centroamericanos buscan concretar esfuerzos para contrarrestar la causas estructurales de la inmigraci\u00f3n y que permitan mejorar las condiciones econ\u00f3micas, sociales, de empleo, de acceso a la justicia y fortalecimiento institucional.<\/span><\/span><\/div>\n<div><span style=\"font-size: small\"><span style=\"font-family: Verdana,sans-serif\">Entre otros aspectos que aborda la propuesta, destaca la atenci\u00f3n a la calidad y la cobertura de la educaci\u00f3n secundaria, los servicios de salud, la atenci\u00f3n infantil, adem\u00e1s del acceso al agua y saneamiento.<\/span><\/span><\/div>\n<div><span style=\"font-size: small\"><span style=\"font-family: Verdana,sans-serif\">Cifras oficiales revelan que desde noviembre pasado <b>67 mil menores<\/b> han atravesado la frontera con M\u00e9xico procedentes en su mayor\u00eda de Honduras, Guatemala y El Salvador.<\/span><\/span><\/div>\n","protected":false},"excerpt":{"rendered":"<p>Plan de acci\u00f3n contra crisis migratoriaLos Cancilleres de Guatemala, Honduras y El Salvador presentaron un proyecto al secretario de Estado de Estados Unidos, John Kerry, para frenar crisis migratoria de Centroam\u00e9rica.&nbsp; Entre marzo y junio de este a\u00f1o lleg\u00f3 una oleada de ni\u00f1os migrantes hacia hacia Norteam\u00e9rica.El proyecto denominado \u201cPlan de Acci\u00f3n Alianza para la [&hellip;]<\/p>\n","protected":false},"author":4,"featured_media":0,"comment_status":"open","ping_status":"open","sticky":false,"template":"","format":"standard","meta":{"_monsterinsights_skip_tracking":false,"_monsterinsights_sitenote_active":false,"_monsterinsights_sitenote_note":"","_monsterinsights_sitenote_category":0,"jnews-multi-image_gallery":[],"jnews_single_post":{"format":"standard"},"jnews_primary_category":[],"_joinchat":[],"footnotes":""},"categories":[58],"tags":[70],"class_list":["post-1108","post","type-post","status-publish","format-standard","hentry","category-noticiariachuelo","tag-de-la-patria-grande"],"_links":{"self":[{"href":"http:\/\/fmriachuelo.it10.com.ar\/index.php\/wp-json\/wp\/v2\/posts\/1108","targetHints":{"allow":["GET"]}}],"collection":[{"href":"http:\/\/fmriachuelo.it10.com.ar\/index.php\/wp-json\/wp\/v2\/posts"}],"about":[{"href":"http:\/\/fmriachuelo.it10.com.ar\/index.php\/wp-json\/wp\/v2\/types\/post"}],"author":[{"embeddable":true,"href":"http:\/\/fmriachuelo.it10.com.ar\/index.php\/wp-json\/wp\/v2\/users\/4"}],"replies":[{"embeddable":true,"href":"http:\/\/fmriachuelo.it10.com.ar\/index.php\/wp-json\/wp\/v2\/comments?post=1108"}],"version-history":[{"count":1,"href":"http:\/\/fmriachuelo.it10.com.ar\/index.php\/wp-json\/wp\/v2\/posts\/1108\/revisions"}],"predecessor-version":[{"id":21759,"href":"http:\/\/fmriachuelo.it10.com.ar\/index.php\/wp-json\/wp\/v2\/posts\/1108\/revisions\/21759"}],"wp:attachment":[{"href":"http:\/\/fmriachuelo.it10.com.ar\/index.php\/wp-json\/wp\/v2\/media?parent=1108"}],"wp:term":[{"taxonomy":"category","embeddable":true,"href":"http:\/\/fmriachuelo.it10.com.ar\/index.php\/wp-json\/wp\/v2\/categories?post=1108"},{"taxonomy":"post_tag","embeddable":true,"href":"http:\/\/fmriachuelo.it10.com.ar\/index.php\/wp-json\/wp\/v2\/tags?post=1108"}],"curies":[{"name":"wp","href":"https:\/\/api.w.org\/{rel}","templated":true}]}}