{"id":1106,"date":"2014-09-25T04:14:00","date_gmt":"2014-09-25T04:14:00","guid":{"rendered":"http:\/\/fmriachuelo.observatorioess.org.ar\/index.php\/2014\/09\/25\/ante-la-politica-de-demolicion-inconsulta-del-macrismo\/"},"modified":"2025-02-26T14:21:49","modified_gmt":"2025-02-26T17:21:49","slug":"ante-la-politica-de-demolicion-inconsulta-del-macrismo","status":"publish","type":"post","link":"http:\/\/fmriachuelo.it10.com.ar\/index.php\/2014\/09\/25\/ante-la-politica-de-demolicion-inconsulta-del-macrismo\/","title":{"rendered":"ANTE LA POL\u00cdTICA DE DEMOLICI\u00d3N INCONSULTA DEL MACRISMO"},"content":{"rendered":"<p><span style=\"font-family: verdana,sans-serif;\"><span style=\"color: red;\"><b><span style=\"font-size: x-large;\">LA ORGANIZACI<span style=\"font-size: x-large;\">\u00d3<\/span>N COMO HERRAMIENTA DE LUCHA<\/span><\/b><\/span><\/span><\/p>\n<div style=\"clear: both; text-align: center;\"><a style=\"clear: left; float: left; margin-bottom: 1em; margin-right: 1em;\" href=\"http:\/\/2.bp.blogspot.com\/-FniIukIOKds\/VCOWZYUH0JI\/AAAAAAAAA4Y\/yXqy76VzmdE\/s1600\/Picture%2B1.jpg\"><img loading=\"lazy\" decoding=\"async\" src=\"http:\/\/2.bp.blogspot.com\/-FniIukIOKds\/VCOWZYUH0JI\/AAAAAAAAA4Y\/yXqy76VzmdE\/s1600\/Picture%2B1.jpg\" width=\"320\" height=\"212\" border=\"0\" \/><\/a><\/div>\n<p><span style=\"font-family: verdana,sans-serif;\"><b>[FMR Jueves 25\/09\/14] La Asamblea de Vecinos de Paseo Col\u00f3n junto con la CTA e integrantes de organizaciones del barrio cortaron ayer a la ma\u00f1ana la Av. Paseo Col\u00f3n como medida de protesta frente al atropello del Gobierno de la Ciudad.<\/b><br \/>\nLos vecinos nucleados en distintas organizaciones barriales, sociales y sindicales participaron activamente de un corte de la Av. Paseo Col\u00f3n desde las 9 hs hasta las 18 hs. como medida de protesta frente al proyecto inconsulto del Metrobus Paseo Col\u00f3n.<br \/>\nEl proyecto planea demoler cuatro establecimientos educativos, un campo de deportes utilizado por los colegios del barrio, el frente de un medio de comunicaci\u00f3n (\u00c1mbito Financiero) y varios comercios y viviendas. Tambi\u00e9n quedar\u00e1n afectados el Edificio Marconetti cuyos ocupantes han sido intimados a desalojar, la Asamblea del Pueblo y est\u00e1 en riesgo la preservaci\u00f3n del sitio donde funcionaba el Campo de Concentraci\u00f3n \u2018El Atl\u00e9tico\u2019, donde fueron masacrados 1200 personas.<br \/>\nLa jornada se llev\u00f3 adelante con una amplia participaci\u00f3n vecinal y con una Olla Popular para 150 personas.<br \/>\nSe sospecha que la falta de convocatoria a la participaci\u00f3n vecinal oculta otros proyectos del Gobierno de la Ciudad.<\/span><\/p>\n<p>Un <span style=\"color: red;\"><b>CHISPAZO INFORMATIVO<\/b><\/span> de <span style=\"color: red;\"><b>FM Riachuelo<\/b><\/span> estuvo siguiendo el desarrollo de la jornada y haciendo escuchar la voz de los vecinos.<br \/>\n<b>RUB\u00c9N SABOULARD<\/b> de<b> <\/b>la<b> ASAMBLEA DEL PUEBLO <\/b>dej\u00f3 su testimonio.<\/p>\n","protected":false},"excerpt":{"rendered":"<p>LA ORGANIZACI\u00d3N COMO HERRAMIENTA DE LUCHA [FMR Jueves 25\/09\/14] La Asamblea de Vecinos de Paseo Col\u00f3n junto con la CTA e integrantes de organizaciones del barrio cortaron ayer a la ma\u00f1ana la Av. Paseo Col\u00f3n como medida de protesta frente al atropello del Gobierno de la Ciudad. Los vecinos nucleados en distintas organizaciones barriales, sociales [&hellip;]<\/p>\n","protected":false},"author":4,"featured_media":0,"comment_status":"open","ping_status":"open","sticky":false,"template":"","format":"standard","meta":{"_monsterinsights_skip_tracking":false,"_monsterinsights_sitenote_active":false,"_monsterinsights_sitenote_note":"","_monsterinsights_sitenote_category":0,"jnews-multi-image_gallery":[],"jnews_single_post":{"format":"standard"},"jnews_primary_category":[],"_joinchat":[],"footnotes":""},"categories":[58],"tags":[81,147],"class_list":["post-1106","post","type-post","status-publish","format-standard","hentry","category-noticiariachuelo","tag-aguafuertes-portenas","tag-habitat"],"_links":{"self":[{"href":"http:\/\/fmriachuelo.it10.com.ar\/index.php\/wp-json\/wp\/v2\/posts\/1106","targetHints":{"allow":["GET"]}}],"collection":[{"href":"http:\/\/fmriachuelo.it10.com.ar\/index.php\/wp-json\/wp\/v2\/posts"}],"about":[{"href":"http:\/\/fmriachuelo.it10.com.ar\/index.php\/wp-json\/wp\/v2\/types\/post"}],"author":[{"embeddable":true,"href":"http:\/\/fmriachuelo.it10.com.ar\/index.php\/wp-json\/wp\/v2\/users\/4"}],"replies":[{"embeddable":true,"href":"http:\/\/fmriachuelo.it10.com.ar\/index.php\/wp-json\/wp\/v2\/comments?post=1106"}],"version-history":[{"count":1,"href":"http:\/\/fmriachuelo.it10.com.ar\/index.php\/wp-json\/wp\/v2\/posts\/1106\/revisions"}],"predecessor-version":[{"id":21761,"href":"http:\/\/fmriachuelo.it10.com.ar\/index.php\/wp-json\/wp\/v2\/posts\/1106\/revisions\/21761"}],"wp:attachment":[{"href":"http:\/\/fmriachuelo.it10.com.ar\/index.php\/wp-json\/wp\/v2\/media?parent=1106"}],"wp:term":[{"taxonomy":"category","embeddable":true,"href":"http:\/\/fmriachuelo.it10.com.ar\/index.php\/wp-json\/wp\/v2\/categories?post=1106"},{"taxonomy":"post_tag","embeddable":true,"href":"http:\/\/fmriachuelo.it10.com.ar\/index.php\/wp-json\/wp\/v2\/tags?post=1106"}],"curies":[{"name":"wp","href":"https:\/\/api.w.org\/{rel}","templated":true}]}}